{"id":12341,"date":"2017-05-10T15:42:04","date_gmt":"2017-05-10T15:42:04","guid":{"rendered":"https:\/\/moir.org.co\/web\/?p=12341"},"modified":"2017-05-10T15:42:04","modified_gmt":"2017-05-10T15:42:04","slug":"el-polo-democratico-apoya-los-justos-paros-y-protestas-que-hay-en-el-pais","status":"publish","type":"post","link":"https:\/\/moir.com.co\/web\/el-polo-democratico-apoya-los-justos-paros-y-protestas-que-hay-en-el-pais\/","title":{"rendered":"El Polo Democr\u00e1tico apoya los justos paros y protestas que hay en el pa\u00eds"},"content":{"rendered":"<p><strong>Comit\u00e9 Ejecutivo Nacional, Bogot\u00e1, mayo 9 de 2017<\/strong><\/p>\n<p>Por unanimidad la Junta Nacional de FECODE aprob\u00f3 iniciar Paro Nacional del Magisterio a partir del 11 de mayo. El gobierno de Santos, los gobernadores y alcaldes han negado una soluci\u00f3n a las peticiones de los maestros y una adecuada financiaci\u00f3n de la educaci\u00f3n p\u00fablica. El proceso ha agotado las etapas legales de negociaci\u00f3n y est\u00e1 en manos del gobierno nacional la resoluci\u00f3n del conflicto. Para el pr\u00f3ximo martes 16 de mayo se realizar\u00e1 la gran toma de Bogot\u00e1.<\/p>\n<p>Igualmente los dem\u00e1s trabajadores del Estado, representados por las centrales CTC, CUT y CGT, han aprobado realizar Paro Nacional el pr\u00f3ximo martes 16 de mayo, pues hasta la fecha no se ha resuelto ni un solo punto del pliego unificado estatal.<\/p>\n<p>Las distintas organizaciones de taxistas del pa\u00eds, adelantaran un Paro nacional de taxis en todas las ciudades de Colombia el mi\u00e9rcoles 10 de mayo, contra el incumplimiento del gobierno nacional y los gobernantes locales de hacer efectiva la prohibici\u00f3n de la prestaci\u00f3n del servicio de transporte de pasajeros por empresas ilegales, como ocurre con la plataforma de la multinacional UBER.<\/p>\n<p>Los Comit\u00e9s C\u00edvicos del departamento del Choc\u00f3 y el municipio de Buenaventura han decretado Paro C\u00edvico, el primero a partir del mi\u00e9rcoles 10 de mayo y el segundo para el mi\u00e9rcoles 17 de mayo, por la situaci\u00f3n de abandono, desempleo e incumplimientos del gobierno nacional a compromisos pactados.<\/p>\n<p>Las fuerzas vivas de Barrancabermeja, incluida la Administraci\u00f3n Municipal y la Curia, han programado una Marcha por la defensa del Plan Maestro de Modernizaci\u00f3n de la Refiner\u00eda, compromiso p\u00fablico que hizo Santos en su campa\u00f1a y para lo cual Ecopetrol ha hecho cuantiosas inversiones. Esta modernizaci\u00f3n es necesaria para el autoabastecimiento de combustibles del pa\u00eds y para su desarrollo industrial.<\/p>\n<p>La lucha democr\u00e1tica de los bogotanos para sacar adelante el proceso de revocatoria del alcalde Pe\u00f1alosa, est\u00e1 enfrentando la conjura de Santos y Uribe que con maniobras desde el Consejo Nacional Electoral, la pretenden sabotear.<\/p>\n<p>El Polo Democr\u00e1tico apoya las diferentes movilizaciones de los colombianos por sus justos derechos, convoca a los militantes y amigos a engrosar dichas protestas y le pide al gobierno nacional soluciones prontas y efectivas a los reclamos en menci\u00f3n.<\/p>\n<p>&nbsp;<\/p>\n<table width=\"964\">\n<tbody>\n<tr>\n<td><strong>\u00c1lvaro Argote Mu\u00f1oz<\/strong><\/p>\n<p>Presidente<\/td>\n<td><strong>Gustavo Triana Su\u00e1rez<\/strong><\/p>\n<p>Secretario General<\/td>\n<\/tr>\n<\/tbody>\n<\/table>\n","protected":false},"excerpt":{"rendered":"<p>Comit\u00e9 Ejecutivo Nacional, Bogot\u00e1, mayo 9 de 2017 Por unanimidad la Junta Nacional de FECODE aprob\u00f3 iniciar Paro Nacional del Magisterio a partir del 11 de mayo. El gobierno de Santos, los gobernadores y alcaldes han negado una soluci\u00f3n a las peticiones de los maestros y una adecuada financiaci\u00f3n de la educaci\u00f3n p\u00fablica. El proceso [&hellip;]<\/p>\n","protected":false},"author":1,"featured_media":11285,"comment_status":"open","ping_status":"open","sticky":false,"template":"","format":"standard","meta":{"advanced_seo_description":"","jetpack_seo_html_title":"","jetpack_seo_noindex":false,"_jetpack_memberships_contains_paid_content":false,"footnotes":""},"categories":[102,103,97,98,9,96,108,109],"tags":[],"class_list":["post-12341","post","type-post","status-publish","format-standard","has-post-thumbnail","hentry","category-economia","category-educacion","category-imperialismo-y-neoliberalismo","category-politica","category-polo-democratico-alternativo","category-salud-y-pensiones","category-servicios-publicos-articulos-de-actualidad","category-sindical"],"jetpack_featured_media_url":"https:\/\/i0.wp.com\/moir.com.co\/web\/wp-content\/uploads\/2016\/12\/PoloDemocraticologo.jpg?fit=630%2C366&ssl=1","jetpack-related-posts":[{"id":12400,"url":"https:\/\/moir.com.co\/web\/programa-radial-de-tribuna-magisterial-mayo-14-de-2017\/","url_meta":{"origin":12341,"position":0},"title":"Programa Radial de Tribuna Magisterial, mayo 14 de 2017","author":"admin","date":"mayo 15, 2017","format":"audio","excerpt":"Bogot\u00e1, mayo 14 de 2017 En el programa del 14 de mayo de 2017, Pedro Jim\u00e9nez conductor del programa motiv\u00f3 a la audiencia a movilizarse en el marco del Paro Nacional del Magisterio. Tambi\u00e9n, present\u00f3 la intervenci\u00f3n del Senador del Polo Democr\u00e1tico Alternativo Jorge Enrique Robledo en la ciudad de\u2026","rel":"","context":"En \u00abBogot\u00e1\u00bb","block_context":{"text":"Bogot\u00e1","link":"https:\/\/moir.com.co\/web\/category\/temas\/bogota\/"},"img":{"alt_text":"","src":"https:\/\/i0.wp.com\/moir.com.co\/web\/wp-content\/uploads\/2016\/12\/maestroscalle26.jpg?fit=555%2C370&ssl=1&resize=350%2C200","width":350,"height":200,"srcset":"https:\/\/i0.wp.com\/moir.com.co\/web\/wp-content\/uploads\/2016\/12\/maestroscalle26.jpg?fit=555%2C370&ssl=1&resize=350%2C200 1x, https:\/\/i0.wp.com\/moir.com.co\/web\/wp-content\/uploads\/2016\/12\/maestroscalle26.jpg?fit=555%2C370&ssl=1&resize=525%2C300 1.5x"},"classes":[]},{"id":1959,"url":"https:\/\/moir.com.co\/web\/el-polo-democratico-alternativo-apoya-el-paro-nacional-indefinido-del-magisterio\/","url_meta":{"origin":12341,"position":1},"title":"EL POLO DEMOCR\u00c1TICO ALTERNATIVO APOYA EL PARO NACIONAL INDEFINIDO DEL MAGISTERIO","author":"admin","date":"mayo 15, 2007","format":false,"excerpt":"Bogot\u00e1, mayo 15 de 2007 La Federaci\u00f3n Colombiana de Educadores, FECODE, ha decidido lanzar un paro nacional indefinido del magisterio para el pr\u00f3ximo 23 de mayo del presente a\u00f1o contra la reforma constitucional sobre las transferencias que cursa en el Congreso de la Rep\u00fablica. El Polo Democr\u00e1tico Alternativo apoya la\u2026","rel":"","context":"En \u00abPolo Democr\u00e1tico Alternativo\u00bb","block_context":{"text":"Polo Democr\u00e1tico Alternativo","link":"https:\/\/moir.com.co\/web\/category\/polo-democratico-alternativo\/"},"img":{"alt_text":"","src":"","width":0,"height":0},"classes":[]},{"id":1967,"url":"https:\/\/moir.com.co\/web\/respaldo-al-paro-nacional-y-al-paro-indefinido-del-magisterio-colombiano\/","url_meta":{"origin":12341,"position":2},"title":"RESPALDO AL PARO NACIONAL Y AL PARO INDEFINIDO DEL MAGISTERIO COLOMBIANO","author":"admin","date":"mayo 22, 2007","format":false,"excerpt":"Declaraci\u00f3n Bancada del Polo de Democr\u00e1tico Alternativo, Senado de la Rep\u00fablica, Bogot\u00e1, 22 de mayo de 2007 La bancada en el senado del Polo Democr\u00e1tico Alternativo (PDA), en desarrollo de la determinaci\u00f3n tomada por el Comit\u00e9 Ejecutivo Nacional del Partido, deja expresa constancia de nuestro respaldo al paro nacional de\u2026","rel":"","context":"En \u00abPolo Democr\u00e1tico Alternativo\u00bb","block_context":{"text":"Polo Democr\u00e1tico Alternativo","link":"https:\/\/moir.com.co\/web\/category\/polo-democratico-alternativo\/"},"img":{"alt_text":"","src":"","width":0,"height":0},"classes":[]},{"id":12367,"url":"https:\/\/moir.com.co\/web\/apoyamos-y-promovemos-los-paros-del-magisterio-y-los-trabajadores-estatales\/","url_meta":{"origin":12341,"position":3},"title":"Apoyamos y promovemos los paros del Magisterio y los Trabajadores Estatales","author":"admin","date":"mayo 11, 2017","format":false,"excerpt":"Bogot\u00e1, mayo 10 de 2017 Con la participaci\u00f3n de las tres centrales obreras, Central Unitaria de Trabajadores \u2013CUT-, Confederaci\u00f3n General del Trabajo- CGT-, Confederaci\u00f3n de Trabajadores de Colombia \u2013CTC-, y la Federaci\u00f3n Colombiana de Trabajadores de la Educaci\u00f3n -FECODE, se desarroll\u00f3 una amplia reuni\u00f3n en el d\u00eda de hoy, para\u2026","rel":"","context":"En \u00abEconom\u00eda\u00bb","block_context":{"text":"Econom\u00eda","link":"https:\/\/moir.com.co\/web\/category\/temas\/economia\/"},"img":{"alt_text":"","src":"https:\/\/i0.wp.com\/moir.com.co\/web\/wp-content\/uploads\/2017\/04\/cut.jpg?fit=341%2C200&ssl=1&resize=350%2C200","width":350,"height":200},"classes":[]},{"id":12325,"url":"https:\/\/moir.com.co\/web\/declaracion-politica-de-los-sindicatos-del-sector-estatal\/","url_meta":{"origin":12341,"position":4},"title":"Declaraci\u00f3n Pol\u00edtica de los sindicatos del sector estatal","author":"admin","date":"mayo 8, 2017","format":false,"excerpt":"Bogot\u00e1, mayo 8 de 2017 El pa\u00eds atraviesa una aguda crisis social, econ\u00f3mica y pol\u00edtica, fruto de la imposici\u00f3n de la pol\u00edtica econ\u00f3mica de los organismos internacionales como el Banco Mundial, el Fondo Monetario Internacional, y \u00faltimamente la OCDE, quienes en \u00faltima instancia son los que definen la pol\u00edtica econ\u00f3mica\u2026","rel":"","context":"En \u00abBogot\u00e1\u00bb","block_context":{"text":"Bogot\u00e1","link":"https:\/\/moir.com.co\/web\/category\/temas\/bogota\/"},"img":{"alt_text":"","src":"https:\/\/i0.wp.com\/moir.com.co\/web\/wp-content\/uploads\/2016\/12\/maestroscalle26.jpg?fit=555%2C370&ssl=1&resize=350%2C200","width":350,"height":200,"srcset":"https:\/\/i0.wp.com\/moir.com.co\/web\/wp-content\/uploads\/2016\/12\/maestroscalle26.jpg?fit=555%2C370&ssl=1&resize=350%2C200 1x, https:\/\/i0.wp.com\/moir.com.co\/web\/wp-content\/uploads\/2016\/12\/maestroscalle26.jpg?fit=555%2C370&ssl=1&resize=525%2C300 1.5x"},"classes":[]},{"id":12321,"url":"https:\/\/moir.com.co\/web\/programa-radial-de-tribuna-magisterial-mayo-7-de-2017\/","url_meta":{"origin":12341,"position":5},"title":"Programa Radial de Tribuna Magisterial, mayo 7 de 2017","author":"admin","date":"mayo 8, 2017","format":"audio","excerpt":"Bogot\u00e1, mayo 7 de 2017 En el programa del 7 de mayo de 2017 Mar\u00eda Antonieta Cano de la Junta Directiva de la ADE y directora del programa dedic\u00f3 la nota editorial a explicar las caracter\u00edsticas empresariales del D\u00eda E, la jornada del 10 de mayo tiene como fin la\u2026","rel":"","context":"En \u00abEducaci\u00f3n\u00bb","block_context":{"text":"Educaci\u00f3n","link":"https:\/\/moir.com.co\/web\/category\/temas\/educacion\/"},"img":{"alt_text":"","src":"https:\/\/i0.wp.com\/moir.com.co\/web\/wp-content\/uploads\/2016\/11\/tribmagton%CC%83a2.jpg?fit=298%2C268&ssl=1&resize=350%2C200","width":350,"height":200},"classes":[]}],"jetpack_sharing_enabled":true,"_links":{"self":[{"href":"https:\/\/moir.com.co\/web\/wp-json\/wp\/v2\/posts\/12341","targetHints":{"allow":["GET"]}}],"collection":[{"href":"https:\/\/moir.com.co\/web\/wp-json\/wp\/v2\/posts"}],"about":[{"href":"https:\/\/moir.com.co\/web\/wp-json\/wp\/v2\/types\/post"}],"author":[{"embeddable":true,"href":"https:\/\/moir.com.co\/web\/wp-json\/wp\/v2\/users\/1"}],"replies":[{"embeddable":true,"href":"https:\/\/moir.com.co\/web\/wp-json\/wp\/v2\/comments?post=12341"}],"version-history":[{"count":0,"href":"https:\/\/moir.com.co\/web\/wp-json\/wp\/v2\/posts\/12341\/revisions"}],"wp:featuredmedia":[{"embeddable":true,"href":"https:\/\/moir.com.co\/web\/wp-json\/wp\/v2\/media\/11285"}],"wp:attachment":[{"href":"https:\/\/moir.com.co\/web\/wp-json\/wp\/v2\/media?parent=12341"}],"wp:term":[{"taxonomy":"category","embeddable":true,"href":"https:\/\/moir.com.co\/web\/wp-json\/wp\/v2\/categories?post=12341"},{"taxonomy":"post_tag","embeddable":true,"href":"https:\/\/moir.com.co\/web\/wp-json\/wp\/v2\/tags?post=12341"}],"curies":[{"name":"wp","href":"https:\/\/api.w.org\/{rel}","templated":true}]}}