{"id":12332,"date":"2017-05-09T19:15:57","date_gmt":"2017-05-09T19:15:57","guid":{"rendered":"https:\/\/moir.org.co\/web\/?p=12332"},"modified":"2017-05-09T19:15:57","modified_gmt":"2017-05-09T19:15:57","slug":"robledo-a-santos-el-gobierno-no-debe-llevar-al-choco-a-otro-paro","status":"publish","type":"post","link":"https:\/\/moir.com.co\/web\/robledo-a-santos-el-gobierno-no-debe-llevar-al-choco-a-otro-paro\/","title":{"rendered":"Robledo a Santos: \u201cel gobierno no debe llevar al Choc\u00f3 a otro paro\u201d"},"content":{"rendered":"<p><strong>Oficina de prensa del senador Jorge Enrique Robledo, Bogot\u00e1, mayo 9 de 2017<\/strong><\/p>\n<section class=\"entry-content clearfix\">En una carta dirigida al Presidente de la Rep\u00fablica Juan Manuel Santos, el senador Jorge Enrique Robledo le recuerda al gobierno nacional los compromisos adquiridos con los chocoanos tras el paro c\u00edvico llevado a cabo entre el 17 y el 24 de agosto de 2016 y advierte que: \u201cante la ausencia de alternativas, el pueblo chocoano ha anunciado un nuevo paro c\u00edvico a partir del 12 de mayo pr\u00f3ximo\u201d.<\/p>\n<p>Robledo le dice al Presidente Santos en la carta que: \u201csu gobierno se comprometi\u00f3, entre otros puntos, a terminar la pavimentaci\u00f3n de 75 kil\u00f3metros entre Quibd\u00f3-Medell\u00edn y Quibd\u00f3-Pereira, construir un hospital de tercer nivel en Quibd\u00f3 y tres hospitales de mediana complejidad en Istmina, Riosucio y Bah\u00eda Solano, construir y\/o dotar 158 sedes educativas, montar peque\u00f1as centrales hidroel\u00e9ctricas en Jurad\u00f3, Nuqu\u00ed y Bojay\u00e1, tender las redes el\u00e9ctricas para interconectar a Ungu\u00eda, Acand\u00ed, Medio Atrato y Alto Baud\u00f3 y financiar programas para el empleo en los sectores pesquero, agropecuario, miner\u00eda responsable y cambio clim\u00e1tico\u201d.<\/p>\n<p>Agrega que Robledo que: \u201cnada, absolutamente nada, de esto se ha cumplido, se\u00f1or Presidente\u201d.<\/p>\n<p>A continuaci\u00f3n la carta que el senador Robledo le env\u00eda al Presidente Santos:<\/p>\n<p>&nbsp;<\/p>\n<hr \/>\n<p>&nbsp;<\/p>\n<p><img data-recalc-dims=\"1\" fetchpriority=\"high\" decoding=\"async\" class=\"aligncenter  wp-image-5750\" src=\"https:\/\/i0.wp.com\/jorgerobledo.com\/wp-content\/uploads\/2017\/05\/Screen-Shot-2017-05-08-at-9.20.56-AM.png?resize=633%2C831\" sizes=\"(max-width: 633px) 100vw, 633px\" srcset=\"http:\/\/jorgerobledo.com\/wp-content\/uploads\/2017\/05\/Screen-Shot-2017-05-08-at-9.20.56-AM.png 595w, http:\/\/jorgerobledo.com\/wp-content\/uploads\/2017\/05\/Screen-Shot-2017-05-08-at-9.20.56-AM-228x300.png 228w\" alt=\"\" width=\"633\" height=\"831\" \/><\/p>\n<\/section>\n","protected":false},"excerpt":{"rendered":"<p>Oficina de prensa del senador Jorge Enrique Robledo, Bogot\u00e1, mayo 9 de 2017 En una carta dirigida al Presidente de la Rep\u00fablica Juan Manuel Santos, el senador Jorge Enrique Robledo le recuerda al gobierno nacional los compromisos adquiridos con los chocoanos tras el paro c\u00edvico llevado a cabo entre el 17 y el 24 de [&hellip;]<\/p>\n","protected":false},"author":1,"featured_media":12104,"comment_status":"open","ping_status":"open","sticky":false,"template":"","format":"standard","meta":{"advanced_seo_description":"","jetpack_seo_html_title":"","jetpack_seo_noindex":false,"_jetpack_memberships_contains_paid_content":false,"footnotes":""},"categories":[102,97,4,98,96,108,110,111],"tags":[],"class_list":["post-12332","post","type-post","status-publish","format-standard","has-post-thumbnail","hentry","category-economia","category-imperialismo-y-neoliberalismo","category-jorge-enrique-robledo","category-politica","category-salud-y-pensiones","category-servicios-publicos-articulos-de-actualidad","category-vias-y-transporte","category-vivienda-y-desarrollo-urbano"],"jetpack_featured_media_url":"https:\/\/i0.wp.com\/moir.com.co\/web\/wp-content\/uploads\/2017\/04\/robledoruedadeprensa.png?fit=578%2C325&ssl=1","jetpack-related-posts":[{"id":11054,"url":"https:\/\/moir.com.co\/web\/carta-del-senador-robledo-al-minhacienda-sobre-compromisos-incumplidos-con-choco\/","url_meta":{"origin":12332,"position":0},"title":"Carta del senador Robledo al minHacienda sobre compromisos incumplidos con Choc\u00f3","author":"admin","date":"noviembre 15, 2016","format":false,"excerpt":"Oficina de prensa del senador Jorge Enrique Robledo, Bogot\u00e1, noviembre 15 de 2016 En una carta dirigida al Ministro de Hacienda Mauricio C\u00e1rdenas el senador Jorge Enrique Robledo expresa la necesidad de que el gobierno nacional cumpla los compromisos que firm\u00f3 con el Comit\u00e9 C\u00edvico por la Salvaci\u00f3n y la\u2026","rel":"","context":"En \u00abEconom\u00eda\u00bb","block_context":{"text":"Econom\u00eda","link":"https:\/\/moir.com.co\/web\/category\/temas\/economia\/"},"img":{"alt_text":"","src":"https:\/\/i0.wp.com\/moir.com.co\/web\/wp-content\/uploads\/2016\/11\/chocoparocivico2016_4.jpg?fit=770%2C437&ssl=1&resize=350%2C200","width":350,"height":200,"srcset":"https:\/\/i0.wp.com\/moir.com.co\/web\/wp-content\/uploads\/2016\/11\/chocoparocivico2016_4.jpg?fit=770%2C437&ssl=1&resize=350%2C200 1x, https:\/\/i0.wp.com\/moir.com.co\/web\/wp-content\/uploads\/2016\/11\/chocoparocivico2016_4.jpg?fit=770%2C437&ssl=1&resize=525%2C300 1.5x, https:\/\/i0.wp.com\/moir.com.co\/web\/wp-content\/uploads\/2016\/11\/chocoparocivico2016_4.jpg?fit=770%2C437&ssl=1&resize=700%2C400 2x"},"classes":[]},{"id":10315,"url":"https:\/\/moir.com.co\/web\/el-gobierno-debe-atender-con-seriedad-el-justo-paro-civico-en-choco-robledo\/","url_meta":{"origin":12332,"position":1},"title":"El gobierno debe atender con seriedad el justo Paro C\u00edvico en Choc\u00f3: Robledo","author":"admin","date":"agosto 18, 2016","format":false,"excerpt":"Abandono de d\u00e9cadas. Municipios sin acueductos ni interconexi\u00f3n el\u00e9ctrica. Problemas con las v\u00edas y el sistema de salud. Nada funciona bien. Promesas incumplidas y racismo. Cien muertos en los \u00faltimos siete a\u00f1os en la carretera Quibd\u00f3-Medell\u00edn, municipios sin acueducto ni interconexi\u00f3n el\u00e9ctrica, hospitales p\u00fablicos cerrados e incumplimiento reiterado de las\u2026","rel":"","context":"En \u00abJorge Enrique Robledo\u00bb","block_context":{"text":"Jorge Enrique Robledo","link":"https:\/\/moir.com.co\/web\/category\/jorge-enrique-robledo\/"},"img":{"alt_text":"","src":"","width":0,"height":0},"classes":[]},{"id":12352,"url":"https:\/\/moir.com.co\/web\/chocoanos-taxistas-y-maestros-tienen-la-razon-senador-robledo\/","url_meta":{"origin":12332,"position":2},"title":"Chocoanos, taxistas y maestros tienen la raz\u00f3n: Senador Robledo","author":"admin","date":"mayo 10, 2017","format":false,"excerpt":"Oficina de prensa del senador Jorge Enrique Robledo, Bogot\u00e1, mayo 10 de 2017 El gobierno Santos les incumple a sectores sociales que sufren por sus pol\u00edticas y su negligencia El senador Jorge Enrique Robledo expres\u00f3 su solidaridad y respaldo a las movilizaciones que realizar\u00e1n el pueblo de Choc\u00f3, los taxistas\u2026","rel":"","context":"En \u00abEconom\u00eda\u00bb","block_context":{"text":"Econom\u00eda","link":"https:\/\/moir.com.co\/web\/category\/temas\/economia\/"},"img":{"alt_text":"","src":"","width":0,"height":0},"classes":[]},{"id":2724,"url":"https:\/\/moir.com.co\/web\/mi-total-respaldo-al-paro-civico-de-los-chocoanos\/","url_meta":{"origin":12332,"position":3},"title":"MI TOTAL RESPALDO AL PARO C\u00cdVICO DE LOS CHOCOANOS","author":"admin","date":"febrero 18, 2009","format":false,"excerpt":"El tr\u00e1gico accidente ocurrido hace unos d\u00edas en la carretera Medell\u00edn-Quibd\u00f3, la llamada \u201cTrocha de la Muerte\u201d, en el que perecieron m\u00e1s de cuarenta personas, colm\u00f3 la paciencia del medio mill\u00f3n de chocoanos, que se aprestan a lanzar hoy un paro c\u00edvico departamental por la dignidad pisoteada y por el\u2026","rel":"","context":"En \u00abJorge Enrique Robledo\u00bb","block_context":{"text":"Jorge Enrique Robledo","link":"https:\/\/moir.com.co\/web\/category\/jorge-enrique-robledo\/"},"img":{"alt_text":"","src":"","width":0,"height":0},"classes":[]},{"id":1033,"url":"https:\/\/moir.com.co\/web\/21-de-octubre-nuevo-paro-civico-del-choco-por-la-terminacion-de-la-via-al-mar\/","url_meta":{"origin":12332,"position":4},"title":"21 DE OCTUBRE: NUEVO PARO C\u00cdVICO DEL CHOC\u00d3 POR LA TERMINACI\u00d3N DE LA V\u00cdA AL MAR","author":"admin","date":"octubre 4, 2004","format":false,"excerpt":"El pr\u00f3ximo jueves 21 de octubre el pueblo chocoano se levanta de nuevo exigiendo al gobierno nacional la inclusi\u00f3n de 25.000 millones de pesos en el presupuesto del a\u00f1o 2005 para la terminaci\u00f3n de la v\u00eda al mar \u00c1nimas-Nuqu\u00ed y la agilizaci\u00f3n de los tr\u00e1mites de la licencia ambiental. A\u2026","rel":"","context":"En \u00abPronunciamientos de Organizaciones Sociales\u00bb","block_context":{"text":"Pronunciamientos de Organizaciones Sociales","link":"https:\/\/moir.com.co\/web\/category\/pronunciamientos-de-organizaciones-sociales\/"},"img":{"alt_text":"","src":"","width":0,"height":0},"classes":[]},{"id":12483,"url":"https:\/\/moir.com.co\/web\/por-que-esta-en-paro-choco\/","url_meta":{"origin":12332,"position":5},"title":"\u00bfPor qu\u00e9 est\u00e1 en paro Choc\u00f3?","author":"admin","date":"mayo 24, 2017","format":false,"excerpt":"Ximena Canal Laiton, Quibd\u00f3, mayo 23 de 2017 Lo que pasa en Choc\u00f3 es indignante. Hace 9 meses [1] se levant\u00f3 el tercer paro c\u00edvico que se ha hecho en el departamento desde el a\u00f1o 2000. Termin\u00f3 porque el gobierno nacional se comprometi\u00f3 a entregar a los chocoanos 720.000 millones\u2026","rel":"","context":"En \u00abEconom\u00eda\u00bb","block_context":{"text":"Econom\u00eda","link":"https:\/\/moir.com.co\/web\/category\/temas\/economia\/"},"img":{"alt_text":"","src":"https:\/\/i0.wp.com\/moir.com.co\/web\/wp-content\/uploads\/2017\/05\/parocivicochoco%CC%81.jpg?fit=780%2C500&ssl=1&resize=350%2C200","width":350,"height":200,"srcset":"https:\/\/i0.wp.com\/moir.com.co\/web\/wp-content\/uploads\/2017\/05\/parocivicochoco%CC%81.jpg?fit=780%2C500&ssl=1&resize=350%2C200 1x, https:\/\/i0.wp.com\/moir.com.co\/web\/wp-content\/uploads\/2017\/05\/parocivicochoco%CC%81.jpg?fit=780%2C500&ssl=1&resize=525%2C300 1.5x, https:\/\/i0.wp.com\/moir.com.co\/web\/wp-content\/uploads\/2017\/05\/parocivicochoco%CC%81.jpg?fit=780%2C500&ssl=1&resize=700%2C400 2x"},"classes":[]}],"jetpack_sharing_enabled":true,"_links":{"self":[{"href":"https:\/\/moir.com.co\/web\/wp-json\/wp\/v2\/posts\/12332","targetHints":{"allow":["GET"]}}],"collection":[{"href":"https:\/\/moir.com.co\/web\/wp-json\/wp\/v2\/posts"}],"about":[{"href":"https:\/\/moir.com.co\/web\/wp-json\/wp\/v2\/types\/post"}],"author":[{"embeddable":true,"href":"https:\/\/moir.com.co\/web\/wp-json\/wp\/v2\/users\/1"}],"replies":[{"embeddable":true,"href":"https:\/\/moir.com.co\/web\/wp-json\/wp\/v2\/comments?post=12332"}],"version-history":[{"count":0,"href":"https:\/\/moir.com.co\/web\/wp-json\/wp\/v2\/posts\/12332\/revisions"}],"wp:featuredmedia":[{"embeddable":true,"href":"https:\/\/moir.com.co\/web\/wp-json\/wp\/v2\/media\/12104"}],"wp:attachment":[{"href":"https:\/\/moir.com.co\/web\/wp-json\/wp\/v2\/media?parent=12332"}],"wp:term":[{"taxonomy":"category","embeddable":true,"href":"https:\/\/moir.com.co\/web\/wp-json\/wp\/v2\/categories?post=12332"},{"taxonomy":"post_tag","embeddable":true,"href":"https:\/\/moir.com.co\/web\/wp-json\/wp\/v2\/tags?post=12332"}],"curies":[{"name":"wp","href":"https:\/\/api.w.org\/{rel}","templated":true}]}}