{"id":12311,"date":"2017-05-08T17:23:36","date_gmt":"2017-05-08T17:23:36","guid":{"rendered":"https:\/\/moir.org.co\/web\/?p=12311"},"modified":"2017-05-08T17:23:36","modified_gmt":"2017-05-08T17:23:36","slug":"manipulacion-de-la-informacion","status":"publish","type":"post","link":"https:\/\/moir.com.co\/web\/manipulacion-de-la-informacion\/","title":{"rendered":"Manipulaci\u00f3n de la informaci\u00f3n"},"content":{"rendered":"<p><strong>Libardo G\u00f3mez S\u00e1nchez, Neiva, mayo 8 de 2017<\/strong><\/p>\n<p>La verdad no siempre resulta ser lo que los medios de comunicaci\u00f3n presentan, en ocasiones por razones ajena a ellos mismos, por el origen de la noticia, por la habilidad de los protagonistas que logran disfrazar con el lenguaje sus verdaderas intenciones, o deformar las realidad de los hechos, o desplegar un velo al tema cardinal del asunto, para distraer la atenci\u00f3n del p\u00fablico en cuestiones que copen su inter\u00e9s y los sustraiga de la pesquisa de las torvas \u00a0acciones perpetradas.<\/p>\n<p>Ejemplos recientes sobran a granel, fuera y dentro de nuestras fronteras: los misiles disparados por tropas norteamericanas a una base Siria, con la excusa del castigo a un ataque con armas qu\u00edmicas, para pasar la p\u00e1gina de la fuerte oposici\u00f3n interna a Trump, expresada en el bloqueo de los jueces a las medidas contra inmigrantes, o la frustrada intenci\u00f3n de eliminar la reforma a la salud, aprobada en el gobierno de su antecesor, o el supuesto proteccionismo atribuido a sus declaraciones en relaci\u00f3n con los acuerdos comerciales de libre comercio, cuando lo que en verdad plantea no es su supresi\u00f3n, sino su profundizaci\u00f3n aumentando las ventajas pactadas inicialmente.<\/p>\n<p>En lo local es evidente el ocultamiento sistem\u00e1tico a las denuncias sobre los impedimentos del Fiscal N\u00e9stor Humberto Mart\u00ednez, para investigar los hechos de corrupci\u00f3n manifiestamente probados alrededor de los negocios de Odebrech y su socio Luis Carlos Sarmiento Angulo, conducta que permiten suponer que su relaci\u00f3n con el incidente puede llegar a ser m\u00e1s que un \u201cestar en el lugar equivocado\u201d, al mismo tiempo, otro poder amangualado en una decisi\u00f3n sin precedente, la Corte Suprema ante la denuncia penal puesta por los senadores Claudia L\u00f3pez y Jorge Robledo, se limit\u00f3 a desestimarla, con el peregrino argumento de que no forman parte del proceso y no indag\u00f3 obre la veracidad de los delitos computados y por otro lado el propio Fiscal en una jugada propia de un tah\u00far, lanz\u00f3 una carga de profundidad para voltear las miradas a otro lado, anunciando el llamamiento a indagatoria de implicados en el sonado caso de Reficar y sobre el que de antemano calific\u00f3 como varias veces m\u00e1s cuantioso que el de Odebrecht, como si pudieran desestimarse los delitos en base a su cuant\u00eda; ante tama\u00f1o desparpajo habr\u00e1 que obrar en consecuencia y como respondiera el senador Robledo a un joven en su visita a la Universidad Surcolombiana: la primera medida anticorrupci\u00f3n, ser\u00e1 derrotar en las urnas a los bandidos que han gobernado.<\/p>\n","protected":false},"excerpt":{"rendered":"<p>Libardo G\u00f3mez S\u00e1nchez, Neiva, mayo 8 de 2017 La verdad no siempre resulta ser lo que los medios de comunicaci\u00f3n presentan, en ocasiones por razones ajena a ellos mismos, por el origen de la noticia, por la habilidad de los protagonistas que logran disfrazar con el lenguaje sus verdaderas intenciones, o deformar las realidad de [&hellip;]<\/p>\n","protected":false},"author":1,"featured_media":12312,"comment_status":"open","ping_status":"open","sticky":false,"template":"","format":"standard","meta":{"advanced_seo_description":"","jetpack_seo_html_title":"","jetpack_seo_noindex":false,"_jetpack_memberships_contains_paid_content":false,"footnotes":""},"categories":[102,97,107,98,110],"tags":[],"class_list":["post-12311","post","type-post","status-publish","format-standard","has-post-thumbnail","hentry","category-economia","category-imperialismo-y-neoliberalismo","category-mineria-y-petroleo","category-politica","category-vias-y-transporte"],"jetpack_featured_media_url":"https:\/\/i0.wp.com\/moir.com.co\/web\/wp-content\/uploads\/2017\/05\/prensamanipulacion.jpeg?fit=261%2C193&ssl=1","jetpack-related-posts":[],"jetpack_sharing_enabled":true,"_links":{"self":[{"href":"https:\/\/moir.com.co\/web\/wp-json\/wp\/v2\/posts\/12311","targetHints":{"allow":["GET"]}}],"collection":[{"href":"https:\/\/moir.com.co\/web\/wp-json\/wp\/v2\/posts"}],"about":[{"href":"https:\/\/moir.com.co\/web\/wp-json\/wp\/v2\/types\/post"}],"author":[{"embeddable":true,"href":"https:\/\/moir.com.co\/web\/wp-json\/wp\/v2\/users\/1"}],"replies":[{"embeddable":true,"href":"https:\/\/moir.com.co\/web\/wp-json\/wp\/v2\/comments?post=12311"}],"version-history":[{"count":0,"href":"https:\/\/moir.com.co\/web\/wp-json\/wp\/v2\/posts\/12311\/revisions"}],"wp:featuredmedia":[{"embeddable":true,"href":"https:\/\/moir.com.co\/web\/wp-json\/wp\/v2\/media\/12312"}],"wp:attachment":[{"href":"https:\/\/moir.com.co\/web\/wp-json\/wp\/v2\/media?parent=12311"}],"wp:term":[{"taxonomy":"category","embeddable":true,"href":"https:\/\/moir.com.co\/web\/wp-json\/wp\/v2\/categories?post=12311"},{"taxonomy":"post_tag","embeddable":true,"href":"https:\/\/moir.com.co\/web\/wp-json\/wp\/v2\/tags?post=12311"}],"curies":[{"name":"wp","href":"https:\/\/api.w.org\/{rel}","templated":true}]}}