{"id":12291,"date":"2017-05-05T22:28:47","date_gmt":"2017-05-05T22:28:47","guid":{"rendered":"https:\/\/moir.org.co\/web\/?p=12291"},"modified":"2017-05-06T04:30:57","modified_gmt":"2017-05-06T04:30:57","slug":"los-elefantes-del-fiscal-en-odebrecht","status":"publish","type":"post","link":"https:\/\/moir.com.co\/web\/los-elefantes-del-fiscal-en-odebrecht\/","title":{"rendered":"Los elefantes del Fiscal en Odebrecht"},"content":{"rendered":"<p><strong>Jorge Enrique Robledo, Bogot\u00e1, mayo5 de 2017<\/strong><\/p>\n<p class=\"m_-1988115540570998302s5\"><span class=\"m_-1988115540570998302s3\"><span class=\"m_-1988115540570998302bumpedFont15\">P<\/span><\/span><span class=\"m_-1988115540570998302s3\"><span class=\"m_-1988115540570998302bumpedFont15\">ara\u00a0<\/span><\/span><span class=\"m_-1988115540570998302s3\"><span class=\"m_-1988115540570998302bumpedFont15\">evadir e<\/span><\/span><span class=\"m_-1988115540570998302s3\"><span class=\"m_-1988115540570998302bumpedFont15\">l debate sobre Odebrecht en el Senado, el Fiscal Mart\u00ednez Neira\u00a0<\/span><\/span><span class=\"m_-1988115540570998302s3\"><span class=\"m_-1988115540570998302bumpedFont15\">dijo\u00a0<\/span><\/span><span class=\"m_-1988115540570998302s3\"><span class=\"m_-1988115540570998302bumpedFont15\">que no pod\u00eda asistir por<\/span><\/span><span class=\"m_-1988115540570998302s3\"><span class=\"m_-1988115540570998302bumpedFont15\">que se trataba de asuntos de la Justicia<\/span><\/span><span class=\"m_-1988115540570998302s3\"><span class=\"m_-1988115540570998302bumpedFont15\">. Mas el pretexto no l<\/span><\/span><span class=\"m_-1988115540570998302s3\"><span class=\"m_-1988115540570998302bumpedFont15\">e<\/span><\/span><span class=\"m_-1988115540570998302s3\"><span class=\"m_-1988115540570998302bumpedFont15\">\u00a0impidi\u00f3\u00a0<\/span><\/span><span class=\"m_-1988115540570998302s3\"><span class=\"m_-1988115540570998302bumpedFont15\">distribu<\/span><\/span><span class=\"m_-1988115540570998302s3\"><span class=\"m_-1988115540570998302bumpedFont15\">ir<\/span><\/span><span class=\"m_-1988115540570998302s3\"><span class=\"m_-1988115540570998302bumpedFont15\">\u00a0<\/span><\/span><span class=\"m_-1988115540570998302s3\"><span class=\"m_-1988115540570998302bumpedFont15\">un texto que los medios<\/span><\/span><span class=\"m_-1988115540570998302s3\"><span class=\"m_-1988115540570998302bumpedFont15\">, enga\u00f1ados,<\/span><\/span><span class=\"m_-1988115540570998302s3\"><span class=\"m_-1988115540570998302bumpedFont15\">\u00a0presentaron como sus respuestas a mi cuestionario<\/span><\/span><span class=\"m_-1988115540570998302s3\"><span class=\"m_-1988115540570998302bumpedFont15\">. P<\/span><\/span><span class=\"m_-1988115540570998302s3\"><span class=\"m_-1988115540570998302bumpedFont15\">orque,\u00a0<\/span><\/span><span class=\"m_-1988115540570998302s3\"><span class=\"m_-1988115540570998302bumpedFont15\">como bien\u00a0<\/span><\/span><span class=\"m_-1988115540570998302s3\"><span class=\"m_-1988115540570998302bumpedFont15\">lo explic\u00f3\u00a0<\/span><\/span><span class=\"m_-1988115540570998302s3\"><span class=\"m_-1988115540570998302bumpedFont15\">Antonio Caballero<\/span><\/span><span class=\"m_-1988115540570998302s3\"><span class=\"m_-1988115540570998302bumpedFont15\">,<\/span><\/span><span class=\"m_-1988115540570998302s3\"><span class=\"m_-1988115540570998302bumpedFont15\">\u00a0\u201clo que hace es contestar lo que Robledo no le pregunta y defenderse de cosas de las que Robledo no lo acusa, sin contestar lo que s\u00ed le pregunta ni rebatir las acusaciones que s\u00ed le hace\u201d\u00a0<\/span><\/span><span class=\"m_-1988115540570998302s3\"><span class=\"m_-1988115540570998302bumpedFont15\">(http:\/\/www.semana.com\/opinion\/articulo\/antonio-caballero-opinion-sobre-la-respuesta-del-fiscal-al-senador-robledo\/523483#cxrecs_s)<\/span><\/span><span class=\"m_-1988115540570998302s3\"><span class=\"m_-1988115540570998302bumpedFont15\">.<\/span><\/span><span class=\"m_-1988115540570998302s3\"><span class=\"m_-1988115540570998302bumpedFont15\">\u00a0<\/span><\/span><span class=\"m_-1988115540570998302s3\"><span class=\"m_-1988115540570998302bumpedFont15\">A continuaci\u00f3n,\u00a0<\/span><\/span><span class=\"m_-1988115540570998302s3\"><span class=\"m_-1988115540570998302bumpedFont15\">verdades por\u00a0<\/span><\/span><span class=\"m_-1988115540570998302s3\"><span class=\"m_-1988115540570998302bumpedFont15\">las que\u00a0<\/span><\/span><span class=\"m_-1988115540570998302s3\"><span class=\"m_-1988115540570998302bumpedFont15\">temi\u00f3\u00a0<\/span><\/span><span class=\"m_-1988115540570998302s3\"><span class=\"m_-1988115540570998302bumpedFont15\">darle la cara al pa\u00eds.<\/span><\/span><\/p>\n<p class=\"m_-1988115540570998302s5\">\u00a0<span class=\"m_-1988115540570998302s3\"><span class=\"m_-1988115540570998302bumpedFont15\">\u00a1<\/span><\/span><span class=\"m_-1988115540570998302s3\"><span class=\"m_-1988115540570998302bumpedFont15\">Tras solo once d\u00edas de investigaci<\/span><\/span><span class=\"m_-1988115540570998302s3\"><span class=\"m_-1988115540570998302bumpedFont15\">\u00f3n<\/span><\/span><span class=\"m_-1988115540570998302s3\"><span class=\"m_-1988115540570998302bumpedFont15\">!<\/span><\/span><span class=\"m_-1988115540570998302s3\"><span class=\"m_-1988115540570998302bumpedFont15\">,\u00a0<\/span><\/span><span class=\"m_-1988115540570998302s3\"><span class=\"m_-1988115540570998302bumpedFont15\">el Fiscal\u00a0<\/span><\/span><span class=\"m_-1988115540570998302s3\"><span class=\"m_-1988115540570998302bumpedFont15\">Mart\u00ednez\u00a0<\/span><\/span><span class=\"m_-1988115540570998302s3\"><span class=\"m_-1988115540570998302bumpedFont15\">les dijo a\u00a0<\/span><\/span><span class=\"m_-1988115540570998302s3\"><span class=\"m_-1988115540570998302bumpedFont15\">los medios<\/span><\/span><span class=\"m_-1988115540570998302s3\"><span class=\"m_-1988115540570998302bumpedFont15\">: \u201cHoy la Fiscal\u00eda ha descartado la posibilidad de corrupci\u00f3n\u201d\u00a0<\/span><\/span><span class=\"m_-1988115540570998302s3\"><span class=\"m_-1988115540570998302bumpedFont15\">en Navelena Odebrecht<\/span><\/span><span class=\"m_-1988115540570998302s3\"><span class=\"m_-1988115540570998302bumpedFont15\">, absoluci\u00f3n irresponsable, p<\/span><\/span><span class=\"m_-1988115540570998302s3\"><span class=\"m_-1988115540570998302bumpedFont15\">or<\/span><\/span><span class=\"m_-1988115540570998302s3\"><span class=\"m_-1988115540570998302bumpedFont15\">\u00a0decir lo menos, que hubiera podido dejar escondidos los elefantes que \u00e9l no vio y que otros s\u00ed vimos<\/span><\/span><span class=\"m_-1988115540570998302s3\"><span class=\"m_-1988115540570998302bumpedFont15\">. C<\/span><\/span><span class=\"m_-1988115540570998302s3\"><span class=\"m_-1988115540570998302bumpedFont15\">omo los 120 mil millones de pesos de un cr\u00e9dito\u00a0<\/span><\/span><span class=\"m_-1988115540570998302s3\"><span class=\"m_-1988115540570998302bumpedFont15\">ilegal del\u00a0<\/span><\/span><span class=\"m_-1988115540570998302s3\"><span class=\"m_-1988115540570998302bumpedFont15\">Banco Agrario\u00a0<\/span><\/span><span class=\"m_-1988115540570998302s3\"><span class=\"m_-1988115540570998302bumpedFont15\">a Navelena Odebrecht<\/span><\/span><span class=\"m_-1988115540570998302s3\"><span class=\"m_-1988115540570998302bumpedFont15\">, plata que est\u00e1 perdida<\/span><\/span><span class=\"m_-1988115540570998302s3\"><span class=\"m_-1988115540570998302bumpedFont15\">\u00a0y que se us\u00f3 para\u00a0<\/span><\/span><span class=\"m_-1988115540570998302s3\"><span class=\"m_-1988115540570998302bumpedFont15\">el\u00a0<\/span><\/span><span class=\"m_-1988115540570998302s3\"><span class=\"m_-1988115540570998302bumpedFont15\">turbio\u00a0<\/span><\/span><span class=\"m_-1988115540570998302s3\"><span class=\"m_-1988115540570998302bumpedFont15\">favorecimiento a\u00a0<\/span><\/span><span class=\"m_-1988115540570998302s3\"><span class=\"m_-1988115540570998302bumpedFont15\">un banco\u00a0<\/span><\/span><span class=\"m_-1988115540570998302s3\"><span class=\"m_-1988115540570998302bumpedFont15\">del Grupo Aval,\u00a0<\/span><\/span><span class=\"m_-1988115540570998302s3\"><span class=\"m_-1988115540570998302bumpedFont15\">controla<\/span><\/span><span class=\"m_-1988115540570998302s3\"><span class=\"m_-1988115540570998302bumpedFont15\">do por\u00a0<\/span><\/span><span class=\"m_-1988115540570998302s3\"><span class=\"m_-1988115540570998302bumpedFont15\">Luis Carlos Sarmiento Angulo \u2013LCSA\u2013,\u00a0<\/span><\/span><span class=\"m_-1988115540570998302s3\"><span class=\"m_-1988115540570998302bumpedFont15\">a quien el\u00a0<\/span><\/span><span class=\"m_-1988115540570998302s3\"><span class=\"m_-1988115540570998302bumpedFont15\">Fiscal\u00a0<\/span><\/span><span class=\"m_-1988115540570998302s3\"><span class=\"m_-1988115540570998302bumpedFont15\">le\u00a0<\/span><\/span><span class=\"m_-1988115540570998302s3\"><span class=\"m_-1988115540570998302bumpedFont15\">debe casi toda su fortuna<\/span><\/span><span class=\"m_-1988115540570998302s3\"><span class=\"m_-1988115540570998302bumpedFont15\">\u00a0<\/span><\/span><span class=\"m_-1988115540570998302s3\"><span class=\"m_-1988115540570998302bumpedFont15\">(http:\/\/lasillavacia.com\/historia\/nestor-humberto-martinez-el-fiscal-del-poder-56403)<\/span><\/span><span class=\"m_-1988115540570998302s3\"><span class=\"m_-1988115540570998302bumpedFont15\">. Y ocult\u00f3 que MNA Mart\u00ednez Abogados, bufete de \u00e9l y\u00a0<\/span><\/span><span class=\"m_-1988115540570998302s3\"><span class=\"m_-1988115540570998302bumpedFont15\">de\u00a0<\/span><\/span><span class=\"m_-1988115540570998302s3\"><span class=\"m_-1988115540570998302bumpedFont15\">su familia,\u00a0<\/span><\/span><span class=\"m_-1988115540570998302s3\"><span class=\"m_-1988115540570998302bumpedFont15\">contrat\u00f3 con Navelena Odebrecht<\/span><\/span><span class=\"m_-1988115540570998302s3\"><span class=\"m_-1988115540570998302bumpedFont15\">\u00a0<\/span><\/span><span class=\"m_-1988115540570998302s3\"><span class=\"m_-1988115540570998302bumpedFont15\">(http:\/\/jorgerobledo.com\/mna-martinez-abogados-bufete-de-el-y-de-su-familia-contrato-con-navelena-odebrecht\/<\/span><\/span><span class=\"m_-1988115540570998302s3\"><span class=\"m_-1988115540570998302bumpedFont15\">)<\/span><\/span><span class=\"m_-1988115540570998302s3\"><span class=\"m_-1988115540570998302bumpedFont15\">.<\/span><\/span><\/p>\n<p class=\"m_-1988115540570998302s5\"><span class=\"m_-1988115540570998302s3\"><span class=\"m_-1988115540570998302bumpedFont15\">Mart\u00ednez Neira<\/span><\/span><span class=\"m_-1988115540570998302s3\"><span class=\"m_-1988115540570998302bumpedFont15\">\u00a0<\/span><\/span><span class=\"m_-1988115540570998302s3\"><span class=\"m_-1988115540570998302bumpedFont15\">le hizo\u00a0<\/span><\/span><span class=\"m_-1988115540570998302s3\"><span class=\"m_-1988115540570998302bumpedFont15\">tres asesor\u00eda<\/span><\/span><span class=\"m_-1988115540570998302s3\"><span class=\"m_-1988115540570998302bumpedFont15\">s a<\/span><\/span><span class=\"m_-1988115540570998302s3\"><span class=\"m_-1988115540570998302bumpedFont15\">\u00a0la Concesionaria\u00a0<\/span><\/span><span class=\"m_-1988115540570998302s3\"><span class=\"m_-1988115540570998302bumpedFont15\">Ruta del Sol \u2013<\/span><\/span><span class=\"m_-1988115540570998302s3\"><span class=\"m_-1988115540570998302bumpedFont15\">de\u00a0<\/span><\/span><span class=\"m_-1988115540570998302s3\"><span class=\"m_-1988115540570998302bumpedFont15\">Odebrecht,\u00a0<\/span><\/span><span class=\"m_-1988115540570998302s3\"><span class=\"m_-1988115540570998302bumpedFont15\">Episol<\/span><\/span><span class=\"m_-1988115540570998302s3\"><span class=\"m_-1988115540570998302bumpedFont15\">, Corficolombiana, Grupo Aval<\/span><\/span><span class=\"m_-1988115540570998302s3\"><span class=\"m_-1988115540570998302bumpedFont15\">, LCSA<\/span><\/span><span class=\"m_-1988115540570998302s3\"><span class=\"m_-1988115540570998302bumpedFont15\">\u2013, incluid<\/span><\/span><span class=\"m_-1988115540570998302s3\"><span class=\"m_-1988115540570998302bumpedFont15\">a<\/span><\/span><span class=\"m_-1988115540570998302s3\"><span class=\"m_-1988115540570998302bumpedFont15\">\u00a0un<\/span><\/span><span class=\"m_-1988115540570998302s3\"><span class=\"m_-1988115540570998302bumpedFont15\">a<\/span><\/span><span class=\"m_-1988115540570998302s3\"><span class=\"m_-1988115540570998302bumpedFont15\">\u00a0sobre la v\u00eda Oca\u00f1a<\/span><\/span><span class=\"m_-1988115540570998302s3\"><span class=\"m_-1988115540570998302bumpedFont15\">\u2013<\/span><\/span><span class=\"m_-1988115540570998302s3\"><span class=\"m_-1988115540570998302bumpedFont15\">Gamarra<\/span><\/span><span class=\"m_-1988115540570998302s3\"><span class=\"m_-1988115540570998302bumpedFont15\">\u00a0en la\u00a0<\/span><\/span><span class=\"m_-1988115540570998302s3\"><span class=\"m_-1988115540570998302bumpedFont15\">que\u00a0<\/span><\/span><span class=\"m_-1988115540570998302s3\"><span class=\"m_-1988115540570998302bumpedFont15\">conceptu\u00f3 que\u00a0<\/span><\/span><span class=\"m_-1988115540570998302s3\"><span class=\"m_-1988115540570998302bumpedFont15\">hab\u00eda que licita<\/span><\/span><span class=\"m_-1988115540570998302s3\"><span class=\"m_-1988115540570998302bumpedFont15\">rla\u00a0<\/span><\/span><span class=\"m_-1988115540570998302s3\"><span class=\"m_-1988115540570998302bumpedFont15\">(https:\/\/docs.google.com\/viewerng\/viewer?url=http:\/\/jorgerobledo.com\/wp-content\/uploads\/2017\/03\/RTA-RUTA-DEL-SOL.pdf&amp;hl=es)<\/span><\/span><span class=\"m_-1988115540570998302s3\"><span class=\"m_-1988115540570998302bumpedFont15\">. Hasta agosto de 2014, p<\/span><\/span><span class=\"m_-1988115540570998302s3\"><span class=\"m_-1988115540570998302bumpedFont15\">erteneci\u00f3 a\u00a0<\/span><\/span><span class=\"m_-1988115540570998302s3\"><span class=\"m_-1988115540570998302bumpedFont15\">la Junta de El Tiempo<\/span><\/span><span class=\"m_-1988115540570998302s3\"><span class=\"m_-1988115540570998302bumpedFont15\">, de Sarmiento Angulo,\u00a0<\/span><\/span><span class=\"m_-1988115540570998302s3\"><span class=\"m_-1988115540570998302bumpedFont15\">y en octubre<\/span><\/span><span class=\"m_-1988115540570998302s3\"><span class=\"m_-1988115540570998302bumpedFont15\">\u00a0<\/span><\/span><span class=\"m_-1988115540570998302s3\"><span class=\"m_-1988115540570998302bumpedFont15\">firm\u00f3 el Conpes 3817,\u00a0<\/span><\/span><span class=\"m_-1988115540570998302s3\"><span class=\"m_-1988115540570998302bumpedFont15\">con lo que\u00a0<\/span><\/span><span class=\"m_-1988115540570998302s3\"><span class=\"m_-1988115540570998302bumpedFont15\">prevaric<\/span><\/span><span class=\"m_-1988115540570998302s3\"><span class=\"m_-1988115540570998302bumpedFont15\">\u00f3<\/span><\/span><span class=\"m_-1988115540570998302s3\"><span class=\"m_-1988115540570998302bumpedFont15\">\u00a0<\/span><\/span><span class=\"m_-1988115540570998302s3\"><span class=\"m_-1988115540570998302bumpedFont15\">y<\/span><\/span><span class=\"m_-1988115540570998302s3\"><span class=\"m_-1988115540570998302bumpedFont15\">\u00a0<\/span><\/span><span class=\"m_-1988115540570998302s3\"><span class=\"m_-1988115540570998302bumpedFont15\">viol<\/span><\/span><span class=\"m_-1988115540570998302s3\"><span class=\"m_-1988115540570998302bumpedFont15\">\u00f3<\/span><\/span><span class=\"m_-1988115540570998302s3\"><span class=\"m_-1988115540570998302bumpedFont15\">\u00a0e<\/span><\/span><span class=\"m_-1988115540570998302s3\"><span class=\"m_-1988115540570998302bumpedFont15\">l r\u00e9gimen de incompatibilidades. Porque si bien el contrato ilegal de adjudicaci\u00f3n a dedo de esa v\u00eda data de marzo de 2014 y M<\/span><\/span><span class=\"m_-1988115540570998302s3\"><span class=\"m_-1988115540570998302bumpedFont15\">a<\/span><\/span><span class=\"m_-1988115540570998302s3\"><span class=\"m_-1988115540570998302bumpedFont15\">rt\u00ednez no lo suscribi\u00f3,\u00a0<\/span><\/span><span class=\"m_-1988115540570998302s3\"><span class=\"m_-1988115540570998302bumpedFont15\">una de sus cl\u00e1usulas\u00a0<\/span><\/span><span class=\"m_-1988115540570998302s3\"><span class=\"m_-1988115540570998302bumpedFont15\">exig<\/span><\/span><span class=\"m_-1988115540570998302s3\"><span class=\"m_-1988115540570998302bumpedFont15\">\u00eda<\/span><\/span><span class=\"m_-1988115540570998302s3\"><span class=\"m_-1988115540570998302bumpedFont15\">\u00a0<wbr \/>modificaciones legales para poderse aplicar,\u00a0<\/span><\/span><span class=\"m_-1988115540570998302s3\"><span class=\"m_-1988115540570998302bumpedFont15\">las cuales\u00a0<\/span><\/span><span class=\"m_-1988115540570998302s3\"><span class=\"m_-1988115540570998302bumpedFont15\">se aprobaron en el Conpes que Mart\u00ednez<\/span><\/span><span class=\"m_-1988115540570998302s3\"><span class=\"m_-1988115540570998302bumpedFont15\">, como ministro,<\/span><\/span><span class=\"m_-1988115540570998302s3\"><span class=\"m_-1988115540570998302bumpedFont15\">\u00a0no pod\u00eda aprobar<\/span><\/span><span class=\"m_-1988115540570998302s3\"><span class=\"m_-1988115540570998302bumpedFont15\">\u00a0y aprob\u00f3 y que,\u00a0<\/span><\/span><span class=\"m_-1988115540570998302s3\"><span class=\"m_-1988115540570998302bumpedFont15\">para colmo,\u00a0<\/span><\/span><span class=\"m_-1988115540570998302s3\"><span class=\"m_-1988115540570998302bumpedFont15\">lo hizo\u00a0<\/span><\/span><span class=\"m_-1988115540570998302s3\"><span class=\"m_-1988115540570998302bumpedFont15\">sin informarle\u00a0<\/span><\/span><span class=\"m_-1988115540570998302s3\"><span class=\"m_-1988115540570998302bumpedFont15\">lo que sab\u00eda\u00a0<\/span><\/span><span class=\"m_-1988115540570998302s3\"><span class=\"m_-1988115540570998302bumpedFont15\">al\u00a0<\/span><\/span><span class=\"m_-1988115540570998302s3\"><span class=\"m_-1988115540570998302bumpedFont15\">Consejo de Ministros<\/span><\/span><span class=\"m_-1988115540570998302s3\"><span class=\"m_-1988115540570998302bumpedFont15\">\u00a0<\/span><\/span><span class=\"m_-1988115540570998302s3\"><span class=\"m_-1988115540570998302bumpedFont15\">(http:\/\/jorgerobledo.com\/conpes-3817-firmantes-y-vigencias-futuras\/)<\/span><\/span><span class=\"m_-1988115540570998302s3\"><span class=\"m_-1988115540570998302bumpedFont15\">.<\/span><\/span><span class=\"m_-1988115540570998302s3\"><span class=\"m_-1988115540570998302bumpedFont15\">\u00a0<\/span><\/span><span class=\"m_-1988115540570998302s3\"><span class=\"m_-1988115540570998302bumpedFont15\">Y los funcionarios de Odebrecht que pagaron\u00a0<\/span><\/span><span class=\"m_-1988115540570998302s3\"><span class=\"m_-1988115540570998302bumpedFont15\">los\u00a0<\/span><\/span><span class=\"m_-1988115540570998302s3\"><span class=\"m_-1988115540570998302bumpedFont15\">sobornos acusa<\/span><\/span><span class=\"m_-1988115540570998302s3\"><span class=\"m_-1988115540570998302bumpedFont15\">ron\u00a0<\/span><\/span><span class=\"m_-1988115540570998302s3\"><span class=\"m_-1988115540570998302bumpedFont15\">de\u00a0<\/span><\/span><span class=\"m_-1988115540570998302s3\"><span class=\"m_-1988115540570998302bumpedFont15\">ser su\u00a0<\/span><\/span><span class=\"m_-1988115540570998302s3\"><span class=\"m_-1988115540570998302bumpedFont15\">c<\/span><\/span><span class=\"m_-1988115540570998302s3\"><span class=\"m_-1988115540570998302bumpedFont15\">\u00f3mplice\u00a0<\/span><\/span><span class=\"m_-1988115540570998302s3\"><span class=\"m_-1988115540570998302bumpedFont15\">a\u00a0<\/span><\/span><span class=\"m_-1988115540570998302s3\"><span class=\"m_-1988115540570998302bumpedFont15\">Jos\u00e9 El\u00edas\u00a0<\/span><\/span><span class=\"m_-1988115540570998302s3\"><span class=\"m_-1988115540570998302bumpedFont15\">Melo,\u00a0<\/span><\/span><span class=\"m_-1988115540570998302s3\"><span class=\"m_-1988115540570998302bumpedFont15\">presidente de Corficolombiana<\/span><\/span><span class=\"m_-1988115540570998302s3\"><span class=\"m_-1988115540570998302bumpedFont15\">\u00a0y<\/span><\/span><span class=\"m_-1988115540570998302s3\"><span class=\"m_-1988115540570998302bumpedFont15\">\u00a0compa\u00f1ero\u00a0<\/span><\/span><span class=\"m_-1988115540570998302s3\"><span class=\"m_-1988115540570998302bumpedFont15\">en otros\u00a0<\/span><\/span><span class=\"m_-1988115540570998302s3\"><span class=\"m_-1988115540570998302bumpedFont15\">negocios de Mart\u00ednez Neira\u00a0<\/span><\/span><span class=\"m_-1988115540570998302s3\"><span class=\"m_-1988115540570998302bumpedFont15\">(http:\/\/jorgerobledo.com\/acusaciones-contra-melo-y-martinez\/<\/span><\/span><span class=\"m_-1988115540570998302s3\"><span class=\"m_-1988115540570998302bumpedFont15\">)<\/span><\/span><span class=\"m_-1988115540570998302s3\"><span class=\"m_-1988115540570998302bumpedFont15\">.<\/span><\/span><\/p>\n<p class=\"m_-1988115540570998302s5\"><span class=\"m_-1988115540570998302s3\"><span class=\"m_-1988115540570998302bumpedFont15\">Mintiendo y\u00a0<\/span><\/span><span class=\"m_-1988115540570998302s3\"><span class=\"m_-1988115540570998302bumpedFont15\">enga\u00f1ando<\/span><\/span><span class=\"m_-1988115540570998302s3\"><span class=\"m_-1988115540570998302bumpedFont15\">,\u00a0<\/span><\/span><span class=\"m_-1988115540570998302s3\"><span class=\"m_-1988115540570998302bumpedFont15\">Mart\u00ednez \u2013\u00a1El Fiscal General de la Naci\u00f3n!\u2013 afirm\u00f3 que la \u201cCasa Editorial El Tiempo no ten\u00eda inter\u00e9s en la v\u00eda Oca\u00f1a<\/span><\/span><span class=\"m_-1988115540570998302s3\"><span class=\"m_-1988115540570998302bumpedFont15\">\u2013<\/span><\/span><span class=\"m_-1988115540570998302s3\"><span class=\"m_-1988115540570998302bumpedFont15\">Gamarra\u201d, que el Conpes 3817 beneficiaba a la Concesionaria Ruta del Sol \u201cy no a\u00a0<\/span><\/span><span class=\"m_-1988115540570998302s3\"><span class=\"m_-1988115540570998302bumpedFont15\">Episol\u00a0<\/span><\/span><span class=\"m_-1988115540570998302s3\"><span class=\"m_-1988115540570998302bumpedFont15\">del Grupo Aval\u201d y que \u201cla participaci\u00f3n real de Sarmiento Angulo en la Ruta del Sol es de 14,5%\u201d, todo para ocultar que est\u00e1 impedido por sus negocios con el mayor banquero de Co<\/span><\/span><span class=\"m_-1988115540570998302s3\"><span class=\"m_-1988115540570998302bumpedFont15\">lombia y con Odebrecht,\u00a0<\/span><\/span><span class=\"m_-1988115540570998302s3\"><span class=\"m_-1988115540570998302bumpedFont15\">sin importar los detalles de esas operaciones<\/span><\/span><span class=\"m_-1988115540570998302s3\"><span class=\"m_-1988115540570998302bumpedFont15\">\u00a0<\/span><\/span><span class=\"m_-1988115540570998302s3\"><span class=\"m_-1988115540570998302bumpedFont15\">porque la sola relaci\u00f3n\u00a0<\/span><\/span><span class=\"m_-1988115540570998302s3\"><span class=\"m_-1988115540570998302bumpedFont15\">se\u00a0<\/span><\/span><span class=\"m_-1988115540570998302s3\"><span class=\"m_-1988115540570998302bumpedFont15\">lo impide<\/span><\/span><span class=\"m_-1988115540570998302s3\"><span class=\"m_-1988115540570998302bumpedFont15\">.<\/span><\/span><\/p>\n<p class=\"m_-1988115540570998302s5\"><span class=\"m_-1988115540570998302s3\"><span class=\"m_-1988115540570998302bumpedFont15\">El Fiscal\u00a0<\/span><\/span><span class=\"m_-1988115540570998302s3\"><span class=\"m_-1988115540570998302bumpedFont15\">hizo adem\u00e1s\u00a0<\/span><\/span><span class=\"m_-1988115540570998302s3\"><span class=\"m_-1988115540570998302bumpedFont15\">el rid\u00edculo\u00a0<\/span><\/span><span class=\"m_-1988115540570998302s3\"><span class=\"m_-1988115540570998302bumpedFont15\">al\u00a0<\/span><\/span><span class=\"m_-1988115540570998302s3\"><span class=\"m_-1988115540570998302bumpedFont15\">intentar\u00a0<\/span><\/span><span class=\"m_-1988115540570998302s3\"><span class=\"m_-1988115540570998302bumpedFont15\">justifica<wbr \/>r las muchas razones jur\u00eddicas con las que ha contratado como abogado\u00a0<\/span><\/span><span class=\"m_-1988115540570998302s3\"><span class=\"m_-1988115540570998302bumpedFont15\">\u2013\u00a1<\/span><\/span><span class=\"m_-1988115540570998302s3\"><span class=\"m_-1988115540570998302bumpedFont15\">van en 24 las<\/span><\/span><span class=\"m_-1988115540570998302s3\"><span class=\"m_-1988115540570998302bumpedFont15\">\u00a0encontradas<\/span><\/span><span class=\"m_-1988115540570998302s3\"><span class=\"m_-1988115540570998302bumpedFont15\">!<\/span><\/span><span class=\"m_-1988115540570998302s3\"><span class=\"m_-1988115540570998302bumpedFont15\">\u2013, incluidas las tres con las que firm\u00f3 cada uno de los\u00a0<\/span><\/span><span class=\"m_-1988115540570998302s3\"><span class=\"m_-1988115540570998302bumpedFont15\">negocios que hizo con la Ruta del Sol y las cuatro que usa su hijo, Mart\u00ednez Beltr\u00e1n,\u00a0<\/span><\/span><span class=\"m_-1988115540570998302s3\"><span class=\"m_-1988115540570998302bumpedFont15\">en la sociedad que Mart\u00ednez Neira mont\u00f3 con DLA\u00a0<\/span><\/span><span class=\"m_-1988115540570998302s3\"><span class=\"m_-1988115540570998302bumpedFont15\">Piper<\/span><\/span><span class=\"m_-1988115540570998302s3\"><span class=\"m_-1988115540570998302bumpedFont15\">, poderosa trasnacional<\/span><\/span><span class=\"m_-1988115540570998302s3\"><span class=\"m_-1988115540570998302bumpedFont15\">\u00a0<\/span><\/span><span class=\"m_-1988115540570998302s3\"><span class=\"m_-1988115540570998302bumpedFont15\">(http:\/\/jorgerobledo.com\/listado-de-los-nombres-de-las-empresas-con-las-que-nhm-ha-contratado\/<\/span><\/span><span class=\"m_-1988115540570998302s3\"><span class=\"m_-1988115540570998302bumpedFont15\">)<\/span><\/span><span class=\"m_-1988115540570998302s3\"><span class=\"m_-1988115540570998302bumpedFont15\">. Y a prop\u00f3sito de su hijo, por lo menos hasta el 7<\/span><\/span><span class=\"m_-1988115540570998302s3\"><span class=\"m_-1988115540570998302bumpedFont15\">\u00a0de abril pasado, era abogado de Corficolombiana<\/span><\/span><span class=\"m_-1988115540570998302s3\"><span class=\"m_-1988115540570998302bumpedFont15\">\u00a0<\/span><\/span><span class=\"m_-1988115540570998302s3\"><span class=\"m_-1988115540570998302bumpedFont15\">(http:\/\/jorgerobledo.com\/renuncia-nhm-beltran-a-proceso-de-corficolombiana\/<\/span><\/span><span class=\"m_-1988115540570998302s3\"><span class=\"m_-1988115540570998302bumpedFont15\">)<\/span><\/span><span class=\"m_-1988115540570998302s3\"><span class=\"m_-1988115540570998302bumpedFont15\">.<\/span><\/span><\/p>\n<p class=\"m_-1988115540570998302s5\"><span class=\"m_-1988115540570998302s3\"><span class=\"m_-1988115540570998302bumpedFont15\">Por muchas a<\/span><\/span><span class=\"m_-1988115540570998302s3\"><span class=\"m_-1988115540570998302bumpedFont15\">rg<\/span><\/span><span class=\"m_-1988115540570998302s3\"><span class=\"m_-1988115540570998302bumpedFont15\">ucias que despliegue<\/span><\/span><span class=\"m_-1988115540570998302s3\"><span class=\"m_-1988115540570998302bumpedFont15\">,\u00a0<\/span><\/span><span class=\"m_-1988115540570998302s3\"><span class=\"m_-1988115540570998302bumpedFont15\">al Fiscal Mart\u00ednez le toca responder\u00a0<\/span><\/span><span class=\"m_-1988115540570998302s3\"><span class=\"m_-1988115540570998302bumpedFont15\">con un s\u00ed\u00a0<\/span><\/span><span class=\"m_-1988115540570998302s3\"><span class=\"m_-1988115540570998302bumpedFont15\">a\u00a0<\/span><\/span><span class=\"m_-1988115540570998302s3\"><span class=\"m_-1988115540570998302bumpedFont15\">estas preguntas<\/span><\/span><span class=\"m_-1988115540570998302s3\"><span class=\"m_-1988115540570998302bumpedFont15\">:\u00a0<\/span><\/span><span class=\"m_-1988115540570998302s3\"><span class=\"m_-1988115540570998302bumpedFont15\">\u00bfTras\u00a0<\/span><\/span><span class=\"m_-1988115540570998302s3\"><span class=\"m_-1988115540570998302bumpedFont15\">una\u00a0<\/span><\/span><span class=\"m_-1988115540570998302s3\"><span class=\"m_-1988115540570998302bumpedFont15\">investiga<wbr \/>ci\u00f3n<\/span><\/span><span class=\"m_-1988115540570998302s3\"><span class=\"m_-1988115540570998302bumpedFont15\">\u00a0<\/span><\/span><span class=\"m_-1988115540570998302s3\"><span class=\"m_-1988115540570998302bumpedFont15\">de once d\u00edas<\/span><\/span><span class=\"m_-1988115540570998302s3\"><span class=\"m_-1988115540570998302bumpedFont15\">,<\/span><\/span><span class=\"m_-1988115540570998302s3\"><span class=\"m_-1988115540570998302bumpedFont15\">\u00a0absolvi\u00f3<\/span><\/span><span class=\"m_-1988115540570998302s3\"><span class=\"m_-1988115540570998302bumpedFont15\">\u00a0por corrupci\u00f3n<\/span><\/span><span class=\"m_-1988115540570998302s3\"><span class=\"m_-1988115540570998302bumpedFont15\">,<\/span><\/span><span class=\"m_-1988115540570998302s3\"><span class=\"m_-1988115540570998302bumpedFont15\">\u00a0s\u00ed o no<\/span><\/span><span class=\"m_-1988115540570998302s3\"><span class=\"m_-1988115540570998302bumpedFont15\">,\u00a0<\/span><\/span><span class=\"m_-1988115540570998302s3\"><span class=\"m_-1988115540570998302bumpedFont15\">a Navelena Odebrecht? \u00bfEst\u00e1n perdidos hoy, s\u00ed o no, los 120 mil millones de pesos del cr\u00e9dito de<\/span><\/span><span class=\"m_-1988115540570998302s3\"><span class=\"m_-1988115540570998302bumpedFont15\">l<\/span><\/span><span class=\"m_-1988115540570998302s3\"><span class=\"m_-1988115540570998302bumpedFont15\">\u00a0Banco Agrario a Navelena Odebrecht?\u00a0<\/span><\/span><span class=\"m_-1988115540570998302s3\"><span class=\"m_-1988115540570998302bumpedFont15\">\u00bfSuenan en sus bolsillos, s\u00ed o no, platas de contratos con Odebrecht y con su socio en Colombia?\u00a0<\/span><\/span><span class=\"m_-1988115540570998302s3\"><span class=\"m_-1988115540570998302bumpedFont15\">\u00bfAcusaron los de Odebrecht a<\/span><\/span><span class=\"m_-1988115540570998302s3\"><span class=\"m_-1988115540570998302bumpedFont15\">\u00a0Melo, presidente de<\/span><\/span><span class=\"m_-1988115540570998302s3\"><span class=\"m_-1988115540570998302bumpedFont15\">\u00a0Corficolombiana, s\u00ed o no, de\u00a0<\/span><\/span><span class=\"m_-1988115540570998302s3\"><span class=\"m_-1988115540570998302bumpedFont15\">ser socio de\u00a0<\/span><\/span><span class=\"m_-1988115540570998302s3\"><span class=\"m_-1988115540570998302bumpedFont15\">ellos\u00a0<\/span><\/span><span class=\"m_-1988115540570998302s3\"><span class=\"m_-1988115540570998302bumpedFont15\">en los sobornos\u00a0<\/span><\/span><span class=\"m_-1988115540570998302s3\"><span class=\"m_-1988115540570998302bumpedFont15\">de<\/span><\/span><span class=\"m_-1988115540570998302s3\"><span class=\"m_-1988115540570998302bumpedFont15\">\u00a0la Ruta del Sol? \u00bfHabr\u00eda podido aplicarse el contrato de la v\u00eda Oca\u00f1a<\/span><\/span><span class=\"m_-1988115540570998302s3\"><span class=\"m_-1988115540570998302bumpedFont15\">\u2013<\/span><\/span><span class=\"m_-1988115540570998302s3\"><span class=\"m_-1988115540570998302bumpedFont15\">Gamarra<\/span><\/span><span class=\"m_-1988115540570998302s3\"><span class=\"m_-1988115540570998302bumpedFont15\">, s\u00ed o no,<\/span><\/span><span class=\"m_-1988115540570998302s3\"><span class=\"m_-1988115540570998302bumpedFont15\">\u00a0sin los cambios legales del Conpes 3817, documento que usted aprob\u00f3? \u00bfHa\u00a0<\/span><\/span><span class=\"m_-1988115540570998302s3\"><span class=\"m_-1988115540570998302bumpedFont15\">sido<\/span><\/span><span class=\"m_-1988115540570998302s3\"><span class=\"m_-1988115540570998302bumpedFont15\">\u00a0su hijo, s\u00ed o no, abogado de Corficolombiana<\/span><\/span><span class=\"m_-1988115540570998302s3\"><span class=\"m_-1988115540570998302bumpedFont15\">, luego de que metieran a la c\u00e1rcel al presidente mundial de Odebrecht<\/span><\/span><span class=\"m_-1988115540570998302s3\"><span class=\"m_-1988115540570998302bumpedFont15\">? \u00bfFue usted, s\u00ed o no, gran recaudador de fondos para la campa\u00f1a Santos 2014<\/span><\/span><span class=\"m_-1988115540570998302s3\"><span class=\"m_-1988115540570998302bumpedFont15\">, a la que entr\u00f3 plata de Odebrecht<\/span><\/span><span class=\"m_-1988115540570998302s3\"><span class=\"m_-1988115540570998302bumpedFont15\">?<\/span><\/span><span class=\"m_-1988115540570998302s3\"><span class=\"m_-1988115540570998302bumpedFont15\">\u00a0<\/span><\/span><span class=\"m_-1988115540570998302s3\"><span class=\"m_-1988115540570998302bumpedFont15\">(Para todo mi debate:\u00a0http:\/\/jorgerobledo.com\/la-verdad-total-sobre-odebrecht-el-debate-transcripcion-video\/<\/span><\/span><span class=\"m_-1988115540570998302s3\"><span class=\"m_-1988115540570998302bumpedFont15\">).<\/span><\/span><\/p>\n","protected":false},"excerpt":{"rendered":"<p>Jorge Enrique Robledo, Bogot\u00e1, mayo5 de 2017 Para\u00a0evadir el debate sobre Odebrecht en el Senado, el Fiscal Mart\u00ednez Neira\u00a0dijo\u00a0que no pod\u00eda asistir porque se trataba de asuntos de la Justicia. Mas el pretexto no le\u00a0impidi\u00f3\u00a0distribuir\u00a0un texto que los medios, enga\u00f1ados,\u00a0presentaron como sus respuestas a mi cuestionario. Porque,\u00a0como bien\u00a0lo explic\u00f3\u00a0Antonio Caballero,\u00a0\u201clo que hace es contestar lo [&hellip;]<\/p>\n","protected":false},"author":1,"featured_media":0,"comment_status":"open","ping_status":"open","sticky":false,"template":"","format":"standard","meta":{"advanced_seo_description":"","jetpack_seo_html_title":"","jetpack_seo_noindex":false,"_jetpack_memberships_contains_paid_content":false,"footnotes":""},"categories":[102,97,4,98],"tags":[],"class_list":["post-12291","post","type-post","status-publish","format-standard","hentry","category-economia","category-imperialismo-y-neoliberalismo","category-jorge-enrique-robledo","category-politica"],"jetpack_featured_media_url":"","jetpack-related-posts":[{"id":11715,"url":"https:\/\/moir.com.co\/web\/robledo-denuncio-al-fiscal-martinez-en-la-procuraduria-por-sus-vinculos-y-negocios-con-odebrecht-y-el-grupo-aval\/","url_meta":{"origin":12291,"position":0},"title":"Robledo denunci\u00f3 al Fiscal Mart\u00ednez en la Procuradur\u00eda por sus v\u00ednculos y negocios con Odebrecht y el Grupo Aval","author":"admin","date":"febrero 16, 2017","format":"video","excerpt":"Oficina de prensa del senador Jorge Enrique Robledo, Bogot\u00e1, febrero 16 de 2017 El senador y precandidato presidencial Jorge Enrique Robledo radic\u00f3 hoy a las 9:00 am una queja disciplinaria ante la Procuradur\u00eda en contra del Fiscal N\u00e9stor Humberto Mart\u00ednez por sus actuaciones como Ministro de la Presidencia y sus\u2026","rel":"","context":"En \u00abEconom\u00eda\u00bb","block_context":{"text":"Econom\u00eda","link":"https:\/\/moir.com.co\/web\/category\/temas\/economia\/"},"img":{"alt_text":"","src":"https:\/\/i0.wp.com\/moir.com.co\/web\/wp-content\/uploads\/2017\/02\/robledoDenunciaProcur.jpg?fit=747%2C300&ssl=1&resize=350%2C200","width":350,"height":200,"srcset":"https:\/\/i0.wp.com\/moir.com.co\/web\/wp-content\/uploads\/2017\/02\/robledoDenunciaProcur.jpg?fit=747%2C300&ssl=1&resize=350%2C200 1x, https:\/\/i0.wp.com\/moir.com.co\/web\/wp-content\/uploads\/2017\/02\/robledoDenunciaProcur.jpg?fit=747%2C300&ssl=1&resize=525%2C300 1.5x, https:\/\/i0.wp.com\/moir.com.co\/web\/wp-content\/uploads\/2017\/02\/robledoDenunciaProcur.jpg?fit=747%2C300&ssl=1&resize=700%2C400 2x"},"classes":[]},{"id":12073,"url":"https:\/\/moir.com.co\/web\/fiscal-viola-la-ley-cuando-no-responde-a-mi-recusacion-y-preguntas-robledo\/","url_meta":{"origin":12291,"position":1},"title":"Fiscal viola la Ley cuando no responde a mi recusaci\u00f3n y preguntas: Robledo","author":"admin","date":"abril 7, 2017","format":false,"excerpt":"Oficina de prensa del senador Jorge Enrique Robledo, Bogot\u00e1, abril 6 de 2017 El senador Jorge Enrique Robledo cuestiona que el\u00a0Fiscal N\u00e9stor Humberto Mart\u00ednez no haya respondido a la recusaci\u00f3n que le hace para que se aparte del caso Odebrecht por sus v\u00ednculos con esa trasnacional y su socio, el\u2026","rel":"","context":"En \u00abEconom\u00eda\u00bb","block_context":{"text":"Econom\u00eda","link":"https:\/\/moir.com.co\/web\/category\/temas\/economia\/"},"img":{"alt_text":"","src":"","width":0,"height":0},"classes":[]},{"id":11723,"url":"https:\/\/moir.com.co\/web\/grupo-aval-tiene-fiscal-de-bolsillo-en-caso-odebrecht-robledo\/","url_meta":{"origin":12291,"position":2},"title":"\u201cGrupo Aval tiene fiscal de bolsillo en caso Odebrecht\u201d: Robledo","author":"admin","date":"febrero 17, 2017","format":false,"excerpt":"Oficina de prensa del senador Jorge Enrique Robledo, Bogot\u00e1, febrero 16 de 2017 El senador y precandidato presidencial Jorge Enrique Robledo afirm\u00f3 que el Fiscal N\u00e9stor Humberto Mart\u00ednez calla ante sus acusaciones porque calcula \u201cque los formadores de opini\u00f3n no se atrever\u00e1n a exigirle que d\u00e9 la cara\u201d. Estos son\u2026","rel":"","context":"En \u00abEconom\u00eda\u00bb","block_context":{"text":"Econom\u00eda","link":"https:\/\/moir.com.co\/web\/category\/temas\/economia\/"},"img":{"alt_text":"","src":"https:\/\/i0.wp.com\/moir.com.co\/web\/wp-content\/uploads\/2017\/02\/odebrechtsantos.jpg?fit=650%2C466&ssl=1&resize=350%2C200","width":350,"height":200,"srcset":"https:\/\/i0.wp.com\/moir.com.co\/web\/wp-content\/uploads\/2017\/02\/odebrechtsantos.jpg?fit=650%2C466&ssl=1&resize=350%2C200 1x, https:\/\/i0.wp.com\/moir.com.co\/web\/wp-content\/uploads\/2017\/02\/odebrechtsantos.jpg?fit=650%2C466&ssl=1&resize=525%2C300 1.5x"},"classes":[]},{"id":11898,"url":"https:\/\/moir.com.co\/web\/procurador-debe-recusar-al-fiscal-en-el-caso-odebrecht-robledo\/","url_meta":{"origin":12291,"position":3},"title":"Procurador debe recusar al Fiscal en el caso Odebrecht: Robledo","author":"admin","date":"marzo 14, 2017","format":false,"excerpt":"Oficina de prensa del senador Jorge Enrique Robledo, Bogot\u00e1, marzo 14 de 2017 Senador Robledo y senadora L\u00f3pez solicitaron al Procurador recusar al Fiscal; Procurador sac\u00f3 de taquito la solicitud. Ambos Senadores radicaran ante el Procurador otra solicitud aportando nuevas e irrefutables pruebas que demuestran que el Fiscal tiene intereses\u2026","rel":"","context":"En \u00abEconom\u00eda\u00bb","block_context":{"text":"Econom\u00eda","link":"https:\/\/moir.com.co\/web\/category\/temas\/economia\/"},"img":{"alt_text":"","src":"","width":0,"height":0},"classes":[]},{"id":12980,"url":"https:\/\/moir.com.co\/web\/robledo-y-claudia-lopez-citan-debate-responsabilidad-politica-casos-odebrecht-y-fiscal-corrupto\/","url_meta":{"origin":12291,"position":4},"title":"Video: Robledo y Claudia L\u00f3pez citan debate: &#8220;Responsabilidad pol\u00edtica casos Odebrecht y Fiscal Corrupto&#8221;","author":"admin","date":"julio 26, 2017","format":"video","excerpt":"Senador Jorge Enrique Robledo, plenaria del Senado, 25 de julio de 2018","rel":"","context":"En \u00abJorge Enrique Robledo\u00bb","block_context":{"text":"Jorge Enrique Robledo","link":"https:\/\/moir.com.co\/web\/category\/jorge-enrique-robledo\/"},"img":{"alt_text":"","src":"","width":0,"height":0},"classes":[]},{"id":13834,"url":"https:\/\/moir.com.co\/web\/video-nuevas-denuncias-sobre-el-fiscal-martinez-odebrecht-grupo-aval-y-estabilidad-juridica-robledo\/","url_meta":{"origin":12291,"position":5},"title":"Video: Nuevas denuncias sobre el Fiscal Mart\u00ednez, Odebrecht-Grupo Aval y estabilidad jur\u00eddica: Robledo","author":"admin","date":"noviembre 15, 2017","format":"video","excerpt":"Intervenci\u00f3n de Jorge Enrique Robledo, Plenaria del Senado, 15 de noviembre de 2017","rel":"","context":"En \u00abEconom\u00eda\u00bb","block_context":{"text":"Econom\u00eda","link":"https:\/\/moir.com.co\/web\/category\/temas\/economia\/"},"img":{"alt_text":"","src":"","width":0,"height":0},"classes":[]}],"jetpack_sharing_enabled":true,"_links":{"self":[{"href":"https:\/\/moir.com.co\/web\/wp-json\/wp\/v2\/posts\/12291","targetHints":{"allow":["GET"]}}],"collection":[{"href":"https:\/\/moir.com.co\/web\/wp-json\/wp\/v2\/posts"}],"about":[{"href":"https:\/\/moir.com.co\/web\/wp-json\/wp\/v2\/types\/post"}],"author":[{"embeddable":true,"href":"https:\/\/moir.com.co\/web\/wp-json\/wp\/v2\/users\/1"}],"replies":[{"embeddable":true,"href":"https:\/\/moir.com.co\/web\/wp-json\/wp\/v2\/comments?post=12291"}],"version-history":[{"count":0,"href":"https:\/\/moir.com.co\/web\/wp-json\/wp\/v2\/posts\/12291\/revisions"}],"wp:attachment":[{"href":"https:\/\/moir.com.co\/web\/wp-json\/wp\/v2\/media?parent=12291"}],"wp:term":[{"taxonomy":"category","embeddable":true,"href":"https:\/\/moir.com.co\/web\/wp-json\/wp\/v2\/categories?post=12291"},{"taxonomy":"post_tag","embeddable":true,"href":"https:\/\/moir.com.co\/web\/wp-json\/wp\/v2\/tags?post=12291"}],"curies":[{"name":"wp","href":"https:\/\/api.w.org\/{rel}","templated":true}]}}