{"id":1204,"date":"2005-07-14T07:00:00","date_gmt":"2005-07-14T07:00:00","guid":{"rendered":"https:\/\/moir.org.co\/web\/declaracion-del-congreso-nacional-de-usuarios-y-defensores-de-los-servicios-publicos\/"},"modified":"2005-07-14T07:00:00","modified_gmt":"2005-07-14T07:00:00","slug":"declaracion-del-congreso-nacional-de-usuarios-y-defensores-de-los-servicios-publicos","status":"publish","type":"post","link":"https:\/\/moir.com.co\/web\/declaracion-del-congreso-nacional-de-usuarios-y-defensores-de-los-servicios-publicos\/","title":{"rendered":"DECLARACI\u00d3N DEL CONGRESO NACIONAL DE USUARIOS Y DEFENSORES  DE LOS SERVICIOS P\u00daBLICOS"},"content":{"rendered":"<p>Bogot\u00e1, Julio 22 de 2005.<\/p>\n<p>Los m\u00e1s de 1400 delegados de varios centenares de organizaciones c\u00edvicas, sindicales, populares, asociaciones, ligas y comit\u00e9s de usuarios, ambientalistas, ONGs y centros de investigaci\u00f3n y estudio, reunidos en el primer congreso nacional de usuarios y defensores de los servicios p\u00fablicos declaramos que los objetivos trazados cuando decidimos convocar y asistir a este congreso se alcanzaron.<\/p>\n<p>Logramos constituir, la Uni\u00f3n Nacional de Usuarios y Defensores de los Servicios P\u00fablicos que coordine nuestras organizaciones. Acordamos tambi\u00e9n, un programa, normas de funcionamiento, m\u00e9todos de lucha y plan de acci\u00f3n. El congreso analiz\u00f3 los cambios derivados del proceso de apertura, las modificaciones constitucionales de 1991, las leyes 142 y 143 y las dem\u00e1s que las modifican al igual que los decretos reglamentarios. Tambi\u00e9n debati\u00f3 el congreso las implicaciones y los da\u00f1os que la inversi\u00f3n extranjera y las trasnacionales causan a nuestra naci\u00f3n y las graves amenazas que sobre el pa\u00eds y los servicios p\u00fablicos representa el Tratado de Libre Comercio (T.L.C.) que el gobierno de Uribe \u201cnegocia\u201d con los Estados Unidos.<\/p>\n<p>De otro lado, los delegados al congreso expusimos y aprendimos de las experiencias de lucha regional y de la situaci\u00f3n que presenta cada uno de los servicios, la incidencia de la privatizaci\u00f3n sobre el patrimonio p\u00fablico y natural, el aumento de las tarifas, la reducci\u00f3n de los subsidios y los consumos b\u00e1sicos de subsistencia y en general la intensa tragedia que viven los usuarios por la aplicaci\u00f3n, por parte de los gobiernos de turno, del modelo neoliberal impuesto por el imperialismo norteamericano a nuestro pueblo. Frente a todos estos asuntos el congreso decidi\u00f3:<\/p>\n<p>1. Constituir la Uni\u00f3n Nacional de Usuarios y Defensores de los Servicios P\u00fablicos de Colombia.<br \/>\n2. Darle a la Uni\u00f3n Nacional de Usuarios y Defensores de Servicios P\u00fablicos de Colombia una coordinaci\u00f3n nacional integrada por las diversas fuerzas, procesos, organizaciones y sectores regionales y sociales participantes en este evento. Coordinaci\u00f3n Nacional que se ratificar\u00e1 y fortalecer\u00e1 en los Congresos Regionales que acordamos realizar como parte del plan de acci\u00f3n.<br \/>\n3. Acordar unas normas de funcionamiento que permitan aunar esfuerzos y sobre la base de respetar la autonom\u00eda de las diversas organizaciones y procesos y construir el m\u00e1s amplio y democr\u00e1tico movimiento de usuarios que propenda por la defensa del patrimonio nacional, los recursos naturales y la biodiversidad.<br \/>\n4. Aprobar un programa que recoge las m\u00e1s sentidas aspiraciones de los usuarios, para luchar por alcanzar profundas modificaciones constitucionales y legales que hagan que los servicios p\u00fablicos sean derechos fundamentales de los colombianos y colombianas y no negocios privados al servicio de los monopolios transnacionales como hoy lo son en casi todo el pa\u00eds.<\/p>\n<p>5. Hacer uso de m\u00e9todos de lucha democr\u00e1ticos y populares que incluyen no solo el reclamo legal y jur\u00eddico sino la movilizaci\u00f3n, la marcha, el paro, el bloqueo de v\u00edas, etc\u00e9tera, si las condiciones as\u00ed lo ameritan.<br \/>\n6. Aprobar un plan de acci\u00f3n que contempla entre otras tareas:<\/p>\n<p>\u2022 El respaldo a la consulta popular promovida por el movimiento sindical, universitario y comunal sobre el T.L.C., aprendiendo de la experiencia de los pueblos Ind\u00edgenas.<br \/>\n\u2022 Apoyar la realizaci\u00f3n del paro nacional que promueven la Gran Coalici\u00f3n Democr\u00e1tica, las Centrales Obreras y otros sectores populares del pa\u00eds.<br \/>\n\u2022 Realizar una Jornada Nacional de Protesta en noviembre de este a\u00f1o y promover diversas acciones legales y jur\u00eddicas, entre ellas el referendo para eliminar los art\u00edculos 365 a 370 de la Constituci\u00f3n Nacional y por la derogatoria de las leyes 142 y 143 de 1994.<\/p>\n<p>Finalmente el Movimiento que hoy constituimos luchar\u00e1 sin descanso por alcanzar los objetivos propuestos, promoviendo la organizaci\u00f3n, educaci\u00f3n y movilizaci\u00f3n, sin excluir a ninguna organizaci\u00f3n, proceso o usuario que independiente de su militancia pol\u00edtica, religiosa, social, econ\u00f3mica, sexual, de g\u00e9nero o \u00e9tnica quiera participar de la lucha que hoy emprendemos.<\/p>\n","protected":false},"excerpt":{"rendered":"<p>Bogot\u00e1, Julio 22 de 2005. Los m\u00e1s de 1400 delegados de varios centenares de organizaciones c\u00edvicas, sindicales, populares, asociaciones, ligas y comit\u00e9s de usuarios, ambientalistas, ONGs y centros de investigaci\u00f3n y estudio, reunidos en el primer congreso nacional de usuarios y defensores de los servicios p\u00fablicos declaramos que los objetivos trazados cuando decidimos convocar y [&hellip;]<\/p>\n","protected":false},"author":1,"featured_media":0,"comment_status":"open","ping_status":"open","sticky":false,"template":"","format":"standard","meta":{"advanced_seo_description":"","jetpack_seo_html_title":"","jetpack_seo_noindex":false,"_jetpack_memberships_contains_paid_content":false,"footnotes":""},"categories":[7],"tags":[],"class_list":["post-1204","post","type-post","status-publish","format-standard","hentry","category-pronunciamientos-de-organizaciones-sociales"],"jetpack_featured_media_url":"","jetpack-related-posts":[{"id":3837,"url":"https:\/\/moir.com.co\/web\/el-diputado-del-polo-democratico-alternativo-en-antioquia-invita-al-ii-congreso-de-usuarios-y-defensores-de-servicios-publicos-domiciliarios-que-se-celebrara-los-dias-8-y-9-de-diciembre-en-el-teatro-d\/","url_meta":{"origin":1204,"position":0},"title":"El Diputado del POLO DEMOCR\u00c1TICO ALTERNATIVO en Antioquia invita al II Congreso de Usuarios y Defensores de Servicios P\u00fablicos Domiciliarios que se celebrar\u00e1 los d\u00edas 8 y 9 de diciembre en el Teatro de ADIDA.","author":"admin","date":"diciembre 6, 2009","format":false,"excerpt":"Con el prop\u00f3sito de analizar, estudiar y profundizar en los resultados de la aplicaci\u00f3n de la Ley 142 de 1994 y de manera particular en las pol\u00edticas implementadas durante los a\u00f1os de gobierno del uribismo, discutir acerca de la situaci\u00f3n organizativa de los usuarios, y evaluar la realizaci\u00f3n de tareas\u2026","rel":"","context":"En \u00abTemas\u00bb","block_context":{"text":"Temas","link":"https:\/\/moir.com.co\/web\/category\/temas\/"},"img":{"alt_text":"","src":"","width":0,"height":0},"classes":[]},{"id":1185,"url":"https:\/\/moir.com.co\/web\/convocatoria-del-congreso-nacional-de-usuarios-y-defensores-de-los-servicios-publicos-domiciliarios\/","url_meta":{"origin":1204,"position":1},"title":"CONVOCATORIA DEL CONGRESO NACIONAL DE USUARIOS Y DEFENSORES DE LOS SERVICIOS PUBLICOS DOMICILIARIOS","author":"admin","date":"mayo 26, 2005","format":false,"excerpt":"Bogot\u00e1, junio 4 de 2005 CONGRESO NACIONAL DE USUARIOS Y DEFENSORES DE LOS SERVICIOS PUBLICOS DOMICILIARIOS CORREOS: congresosp@yahoo.com, ligausuarios@telecom.com.co, presidencia@cut.org.co BOGOTA, 21 \u2013 22 JULIO DE 2005 1. JUSTIFICACI\u00d3N: Durante los d\u00edas 21 y 22 de julio de 2005, se llevar\u00e1 a cabo en Bogot\u00e1 D.C., el Primer Congreso Nacional\u2026","rel":"","context":"En \u00abPronunciamientos de Organizaciones Sociales\u00bb","block_context":{"text":"Pronunciamientos de Organizaciones Sociales","link":"https:\/\/moir.com.co\/web\/category\/pronunciamientos-de-organizaciones-sociales\/"},"img":{"alt_text":"","src":"","width":0,"height":0},"classes":[]},{"id":3621,"url":"https:\/\/moir.com.co\/web\/convocatoria-ii-congreso-nacional-de-usuarios-y-defensores-de-los-servicios-publicos-domiciliarios\/","url_meta":{"origin":1204,"position":2},"title":"Convocatoria: II Congreso Nacional de Usuarios y Defensores de los Servicios P\u00fablicos Domiciliarios","author":"admin","date":"octubre 8, 2009","format":false,"excerpt":"El Comit\u00e9 Nacional Coordinador de la Uni\u00f3n Nacional de Usuarios y Defensores de los Servicios P\u00fablicos Domiciliarios en uso de sus atribuciones, convoca a todos los usuarios y a sus diversas organizaciones de vocales de control, asociaciones, ligas y comit\u00e9s a realizar su II Congreso Nacional. Situaci\u00f3n de los Servicios\u2026","rel":"","context":"Entrada similar","block_context":{"text":"Entrada similar","link":""},"img":{"alt_text":"","src":"","width":0,"height":0},"classes":[]},{"id":1759,"url":"https:\/\/moir.com.co\/web\/en-manizales-exitoso-plenario-de-la-union-nacional-de-usuarios-y-defensores-de-los-servicios-publicos\/","url_meta":{"origin":1204,"position":3},"title":"EN MANIZALES: EXITOSO PLENARIO DE LA UNI\u00d3N NACIONAL DE USUARIOS Y DEFENSORES DE LOS SERVICIOS P\u00daBLICOS","author":"admin","date":"junio 25, 2006","format":false,"excerpt":"Comit\u00e9 Operativo Nacional: Carlos Posada, Rodrigo Acosta, Martha Ca\u00f1\u00f3n, Oscar Guti\u00e9rrez y Rafael Espinel. El 1\u00ba de abril de 2006, se reuni\u00f3, en el Centro de Convenciones Teatro Los Fundadores de Manizales, el plenario ampliado de la Uni\u00f3n Nacional de Usuarios y Defensores de los Servicios P\u00fablicos Domiciliarios. El evento\u2026","rel":"","context":"Entrada similar","block_context":{"text":"Entrada similar","link":""},"img":{"alt_text":"","src":"","width":0,"height":0},"classes":[]},{"id":3649,"url":"https:\/\/moir.com.co\/web\/preparemos-el-ii-congreso\/","url_meta":{"origin":1204,"position":4},"title":"PREPAREMOS EL II CONGRESO","author":"admin","date":"octubre 17, 2009","format":false,"excerpt":"Se realiz\u00f3 en Bogot\u00e1, hace cinco a\u00f1os, el I Congreso Nacional de usuarios y defensores de los servicios p\u00fablicos domiciliarios. Dicho congreso aprob\u00f3 un programa, defini\u00f3 unos m\u00e9todos de trabajo y unas normas de funcionamiento, y eligi\u00f3 una junta y un comit\u00e9 nacional coordinador. Durante este tiempo, tanto la Uni\u00f3n\u2026","rel":"","context":"Entrada similar","block_context":{"text":"Entrada similar","link":""},"img":{"alt_text":"","src":"","width":0,"height":0},"classes":[]},{"id":3650,"url":"https:\/\/moir.com.co\/web\/preparemos-el-ii-congreso-2\/","url_meta":{"origin":1204,"position":5},"title":"PREPAREMOS EL II CONGRESO","author":"admin","date":"octubre 17, 2009","format":false,"excerpt":"Se realiz\u00f3 en Bogot\u00e1, hace cinco a\u00f1os, el I Congreso Nacional de usuarios y defensores de los servicios p\u00fablicos domiciliarios. Dicho congreso aprob\u00f3 un programa, defini\u00f3 unos m\u00e9todos de trabajo y unas normas de funcionamiento, y eligi\u00f3 una junta y un comit\u00e9 nacional coordinador. Durante este tiempo, tanto la Uni\u00f3n\u2026","rel":"","context":"En \u00abOscar Guti\u00e9rrez Reyes\u00bb","block_context":{"text":"Oscar Guti\u00e9rrez Reyes","link":"https:\/\/moir.com.co\/web\/category\/bitacoras\/oscar-gutierrez-reyes\/"},"img":{"alt_text":"","src":"","width":0,"height":0},"classes":[]}],"jetpack_sharing_enabled":true,"_links":{"self":[{"href":"https:\/\/moir.com.co\/web\/wp-json\/wp\/v2\/posts\/1204","targetHints":{"allow":["GET"]}}],"collection":[{"href":"https:\/\/moir.com.co\/web\/wp-json\/wp\/v2\/posts"}],"about":[{"href":"https:\/\/moir.com.co\/web\/wp-json\/wp\/v2\/types\/post"}],"author":[{"embeddable":true,"href":"https:\/\/moir.com.co\/web\/wp-json\/wp\/v2\/users\/1"}],"replies":[{"embeddable":true,"href":"https:\/\/moir.com.co\/web\/wp-json\/wp\/v2\/comments?post=1204"}],"version-history":[{"count":0,"href":"https:\/\/moir.com.co\/web\/wp-json\/wp\/v2\/posts\/1204\/revisions"}],"wp:attachment":[{"href":"https:\/\/moir.com.co\/web\/wp-json\/wp\/v2\/media?parent=1204"}],"wp:term":[{"taxonomy":"category","embeddable":true,"href":"https:\/\/moir.com.co\/web\/wp-json\/wp\/v2\/categories?post=1204"},{"taxonomy":"post_tag","embeddable":true,"href":"https:\/\/moir.com.co\/web\/wp-json\/wp\/v2\/tags?post=1204"}],"curies":[{"name":"wp","href":"https:\/\/api.w.org\/{rel}","templated":true}]}}