{"id":1185,"date":"2005-05-26T07:00:00","date_gmt":"2005-05-26T07:00:00","guid":{"rendered":"https:\/\/moir.org.co\/web\/convocatoria-del-congreso-nacional-de-usuarios-y-defensores-de-los-servicios-publicos-domiciliarios\/"},"modified":"2005-05-26T07:00:00","modified_gmt":"2005-05-26T07:00:00","slug":"convocatoria-del-congreso-nacional-de-usuarios-y-defensores-de-los-servicios-publicos-domiciliarios","status":"publish","type":"post","link":"https:\/\/moir.com.co\/web\/convocatoria-del-congreso-nacional-de-usuarios-y-defensores-de-los-servicios-publicos-domiciliarios\/","title":{"rendered":"CONVOCATORIA DEL CONGRESO NACIONAL DE USUARIOS Y DEFENSORES DE LOS SERVICIOS PUBLICOS DOMICILIARIOS"},"content":{"rendered":"<p>Bogot\u00e1, junio 4 de 2005<\/p>\n<p>CONGRESO NACIONAL DE USUARIOS Y DEFENSORES DE LOS SERVICIOS PUBLICOS DOMICILIARIOS<br \/>\nCORREOS: congresosp@yahoo.com, ligausuarios@telecom.com.co, presidencia@cut.org.co<\/p>\n<p>BOGOTA, 21 \u2013 22 JULIO DE 2005<\/p>\n<p>1. JUSTIFICACI\u00d3N:<\/p>\n<p>Durante los d\u00edas 21 y 22 de julio de 2005, se llevar\u00e1 a cabo en Bogot\u00e1 D.C., el Primer Congreso Nacional de Usuarios y Defensores de los Servicios P\u00fablicos Domiciliarios convocado por organizaciones comunales, c\u00edvicas, populares, sindicales y pol\u00edticas, as\u00ed como de centros de investigaci\u00f3n y estudio, organizaciones sociales, ambientalistas y ONG\u00b4s.<\/p>\n<p>Se justifica la convocatoria y realizaci\u00f3n del Congreso, en la imperiosa necesidad de enfrentar la situaci\u00f3n que atraviesan los usuarios de los servicios p\u00fablicos, por efecto de las pol\u00edticas de apertura y privatizaci\u00f3n implementadas en nuestro pa\u00eds, a partir de los acuerdos e imposiciones del Fondo Monetario Internacional, los organismos multilaterales de cr\u00e9dito y las transnacionales y que han avalado los gobiernos de turno, desde Gaviria hasta Uribe.<\/p>\n<p>De otra parte, la aplicaci\u00f3n de las medidas de la Organizaci\u00f3n Mundial del Comercio O.M.C., y la suscripci\u00f3n de diversos protocolos, facilit\u00f3 la apertura de los servicios p\u00fablicos a la inversi\u00f3n extranjera especulativa, al tiempo que el gobierno de Uribe, a espaldas de la naci\u00f3n, adelanta la negociaci\u00f3n del Tratado de Libre Comercio T.L.C., que de suscribirse, entregar\u00eda a\u00fan m\u00e1s la infraestructura de servicios p\u00fablicos instalada y el patrimonio natural a las transnacionales, avanzando en la monopolizaci\u00f3n extranjera de las empresas, la violaci\u00f3n de la soberan\u00eda pol\u00edtica y econ\u00f3mica, lo que hace imperativo, definir estrategias precisas para enfrentar esta amenaza.<\/p>\n<p>La destrucci\u00f3n del ahorro y patrimonio nacional, la entrega al capital privado de los activos del Estado, el aumento de las tarifas de los servicios, el desmejoramiento en las condiciones de vida de los trabajadores y el empobrecimiento de la gran mayor\u00eda de los colombianos, mientras que, al mismo tiempo, se llenan de inmensas utilidades los bolsillos de los monopolios extranjeros y de los grupos econ\u00f3micos antinacionales que le sirve de apoyo, refuerzan la urgente necesidad de realizar el Congreso.<\/p>\n<p>El actual gobierno, proclive a los dict\u00e1menes de los organismos financieros internacionales, ha impulsado medidas lesivas para el pa\u00eds y para los usuarios, a trav\u00e9s, de leyes que benefician al capital privado nacional y extranjero. La liquidaci\u00f3n de Telecom, Inravisi\u00f3n, Audiovisuales, y algunas del sector el\u00e9ctrico, golpean el patrimonio nacional y facilitan la entrega de estos sectores estrat\u00e9gicos al capital transnacional.<\/p>\n<p>La aprobaci\u00f3n del Plan Nacional de Desarrollo, Ley 812, que crea los Fondos de Capitalizaci\u00f3n Social, la \u201cEnerg\u00eda Social\u201d, reduce los consumos b\u00e1sicos de subsistencia, elimina los subsidios para los m\u00e1s pobres y aprueba la reestratificaci\u00f3n, al igual que se contin\u00faa la privatizaci\u00f3n de varias empresas regionales de acueducto y alcantarillado y de recolecci\u00f3n de basuras, profundizan la aplicaci\u00f3n del modelo neoliberal. De igual manera, y por iniciativa del gobierno, se tramita en el congreso, la Ley de Aguas, la Ley de P\u00e1ramos y la Ley Forestal, que entregan a los capitales privados y al manejo de las transnacionales, los recursos h\u00eddricos y las cuencas hidrogr\u00e1ficas.<\/p>\n<p>La lucha que han adelantado los Usuarios, desde Cal\u00ed hasta la Costa Caribe, pasando por el Eje Cafetero y Antioquia, desde Popay\u00e1n hasta los Distritos Petroleros, desde Bogot\u00e1 y Centro del Pa\u00eds, hasta las regiones de frontera de la naci\u00f3n, nos indica que debemos aprender de sus experiencias regionales, formas de lucha y propuestas, conocer los acumulados de la poblaci\u00f3n organizada a trav\u00e9s de ligas, comit\u00e9s y uniones de usuarios, vocales de control social, juntas comunales, coordinadoras regionales y nacionales, comit\u00e9s c\u00edvicos y populares, y conocer tambi\u00e9n de la integraci\u00f3n adelantada por los trabajadores, desde sus sindicatos, a la lucha c\u00edvica y popular.<\/p>\n<p>Los retos del presente nos llaman a disponer de una posici\u00f3n patri\u00f3tica en defensa de los intereses nacionales, por ello nos disponemos a dotarnos de una organizaci\u00f3n amplia, democr\u00e1tica y participativa que nos permita disponer de una plataforma de lucha que sea eje de nuestro accionar y de un plan de acci\u00f3n concreto que permita aunar los esfuerzos de millones de compatriotas en defensa de lo p\u00fablico.<\/p>\n<p>2. OBJETIVOS:<\/p>\n<p>El congreso tiene como objetivos fundamentales los siguientes:<\/p>\n<p>1. Constituir una organizaci\u00f3n nacional que coordine todas aquellas organizaciones y movimientos dedicadas a la defensa de los servicios p\u00fablicos domiciliarios. Definiremos las normas organizativas y de funcionamiento que nos permitan en forma amplia democr\u00e1tica e incluyente movilizar a la mayor cantidad de usuarios y unificarlos para alcanzar profundas transformaciones que conduzcan a que los servicios p\u00fablicos domiciliarios sean en la realidad derechos fundamentales de los colombianos.<br \/>\n2. Definir un programa o plataforma de lucha.<br \/>\n3. Definir un Plan de Acci\u00f3n.<\/p>\n<p>Asimismo son otros objetivos los siguientes:<\/p>\n<p>Analizar los cambios derivados del proceso de apertura econ\u00f3mica, las modificaciones constitucionales de 1991, las leyes 142 y 143 de 1994, las leyes modificatorias y sus decretos reglamentarios, las leyes de privatizaci\u00f3n e inversi\u00f3n extranjera, el plan nacional de desarrollo, las pol\u00edticas p\u00fablicas que con relaci\u00f3n al sector, viene desarrollando el gobierno de \u00c1lvaro Uribe V\u00e9lez y las implicaciones del Tratado de Libre Comercio TLC con los Estados Unidos.<\/p>\n<p>Analizar las experiencias de las luchas regionales y la situaci\u00f3n actual de cada uno se los servicios p\u00fablicos, la incidencia de las medidas en el patrimonio p\u00fablico, en el patrimonio natural inherente a los servicios p\u00fablicos, la funci\u00f3n social de los mismos, la especulaci\u00f3n, el aumento de las tarifas y otros temas de igual importancia.<\/p>\n<p>3. PROGRAMA:<\/p>\n<p>21 de julio<\/p>\n<p>7-9 a.m<br \/>\n\u2022 Inscripci\u00f3n de delegados<\/p>\n<p>9-11:30 a.m<br \/>\n\u2022 Plenaria de Instalaci\u00f3n:<br \/>\n\u2022 Presentaci\u00f3n del video del Congreso<br \/>\n\u2022 Implicaciones del neoliberalismo y la privatizaci\u00f3n en los servicios p\u00fablicos domiciliarios.<br \/>\n\u2022 Implicaciones del Tratado de Libre Comercio en los servicios p\u00fablicos.<\/p>\n<p>11:30 &#8211; 12:30<br \/>\n\u2022 Conformaci\u00f3n de comisiones:<br \/>\nExplicaci\u00f3n metodol\u00f3gica, Resultados esperados. Moderador, presentador tem\u00e1tico, relator(es).<\/p>\n<p>2:00 &#8211; 6:30<br \/>\n\u2022 Trabajo en Comisiones<\/p>\n<p>22 de julio<\/p>\n<p>8:00 &#8211; 12:00<br \/>\n\u2022 Trabajo en Comisiones:<br \/>\n\u2022 Presentaci\u00f3n de ponencias y debate por cada comisi\u00f3n.<br \/>\n\u2022 Presentaci\u00f3n de experiencias regionales.<br \/>\n\u2022 Elaboraci\u00f3n del documento de conclusiones.<br \/>\n\u2022 Discusi\u00f3n y aprobaci\u00f3n de conclusiones<\/p>\n<p>2:00- 6:30<br \/>\n\u2022 Plenaria de Conclusiones<br \/>\n\u2022 Presentaci\u00f3n de documentos de conclusiones por comisi\u00f3n<br \/>\n\u2022 Aprobaci\u00f3n de las conclusiones<br \/>\n\u2022 Elecci\u00f3n de la coordinaci\u00f3n nacional.<\/p>\n<p>4. TEMAS Y METODOLOGIA DE TRABAJO EN COMISIONES:<\/p>\n<p>Cada Comisi\u00f3n deber\u00e1 tratar los siguientes temas:<\/p>\n<p>1. Abordar el examen de un servicio espec\u00edfico.<br \/>\n2. Conocer las experiencias regionales de resistencia y lucha.<br \/>\n3. Definir propuestas sobre:<br \/>\n3.1. La organizaci\u00f3n que conformaremos: nombre, normas de funcionamiento.<br \/>\n3.2. El programa de lucha.<br \/>\n3.3. El Plan de acci\u00f3n.<\/p>\n<p>COMISIONES:<\/p>\n<p>1. Servicio de Acueducto y alcantarillado. Sintraemdes Nacional y Bogot\u00e1, Sintraemsirva.<br \/>\n2. Recolecci\u00f3n y tratamiento de residuos s\u00f3lidos- Ligas de usuarios-Bogot\u00e1<br \/>\n3. Servicio de Energ\u00eda: Sintraelecol, Sintraisa.<br \/>\n4. Gas domiciliario &#8211; Uni\u00f3n Sindical Obrera USO,<br \/>\n5. Telecomunicaciones: Telefon\u00eda fija, larga distancia, m\u00f3viles, datos y otros: Sintratel\u00e9fonos, Atelca, Sittelecom.<br \/>\n6. Aspectos jur\u00eddicos y legales de los servicios.- Movimiento Vital del Comit\u00e9 Ciudadano de Servicios P\u00fablicos de Cal\u00ed, Sintraemcali, Centro de investigaci\u00f3n Universidad Libre.<br \/>\n7. Servicios p\u00fablicos y Justicia ambiental. Censat-Agua Viva y Ecofondo<br \/>\n8. Tratado de Libre Comercio y Servicios P\u00fablicos Domiciliarios \u2013 Senador Jorge E. Robledo, Ligas de Usuarios, Comit\u00e9 Colombia de Lucha contra el ALCA-TLC y Recalca.<br \/>\n9. Aspectos legislativos-Tr\u00e1mite de Proyectos de Ley. Representante Alexander L\u00f3pez, Organizaciones sociales y sindicales.<br \/>\n10. Servicios p\u00fablicos e instituciones financieras internacionales. Campa\u00f1a Nacional en Deuda con los Derechos, Compromiso Comunitario de Medell\u00edn.<\/p>\n<p>PONENCIAS:<\/p>\n<p>En cada comisi\u00f3n inicialmente una persona representante de la organizaci\u00f3n o movimiento que se describe en el cuadro anterior, presentar\u00e1 el tema por un tiempo m\u00e1ximo de 20 minutos, se solicita que el documento base de esta presentaci\u00f3n pueda ser conocido por los participantes al menos con 10 d\u00edas de anticipaci\u00f3n.<\/p>\n<p>As\u00ed tambi\u00e9n en cada comisi\u00f3n se har\u00e1 la presentaci\u00f3n de las ponencias sobre el servicio espec\u00edfico a tratar y las experiencias regionales, se recibir\u00e1n los documentos escritos. Se tendr\u00e1n comentarios por parte de especialistas de los centros de investigaci\u00f3n y estudio que se quieran vincular al congreso o de organizaciones de Usuarios. Se tomar\u00e1n como documentos de discusi\u00f3n para los tema de organizaci\u00f3n, programa y plan de acci\u00f3n el documento del Seminario realizado en Bogot\u00e1, as\u00ed como los documentos de procesos nacionales y regionales realizados. Se presentar\u00e1n modificaciones, precisiones y aportes a trav\u00e9s de ponencias.<\/p>\n<p>5. ASISTENTES:<\/p>\n<p>Podr\u00e1n asistir al Primer Congreso Nacional, delegados plenos, con derecho a voz y voto, en representaci\u00f3n de:<br \/>\n\u2022 Ligas, comit\u00e9s y asociaciones de usuarios departamentales o locales,<br \/>\n\u2022 Asociaciones nacionales, departamentales y comit\u00e9s de desarrollo y control social,<br \/>\n\u2022 Voceros de los usuarios en los comit\u00e9s de estratificaci\u00f3n y en las juntas directivas de las empresas,<br \/>\n\u2022 Organizaciones No Gubernamentales -ONG-,<br \/>\n\u2022 Confederaciones, federaciones y juntas de acci\u00f3n comunal,<br \/>\n\u2022 Comit\u00e9s c\u00edvicos y populares, departamentales o locales,<br \/>\n\u2022 Centros de observaci\u00f3n, investigaci\u00f3n y estudio, y organizaciones sociales y ambientalistas y,<br \/>\n\u2022 Confederaciones y federaciones de trabajadores y sindicatos de trabajadores de las empresas de servicios p\u00fablicos.<\/p>\n<p>Podr\u00e1n asistir tambi\u00e9n delegados fraternales, en representaci\u00f3n de otras:<br \/>\n\u2022 Organizaciones y movimientos sociales<br \/>\n\u2022 Partidos y movimientos pol\u00edticos.<\/p>\n<p>6. FINANCIACION &#8211; CREDENCIALES E INSCRIPCIONES:<\/p>\n<p>El Congreso se autofinanciar\u00e1 con los aportes voluntarios de las diversas organizaciones y participantes, as\u00ed:<\/p>\n<p>1. Confederaciones, sindicatos de los servicios p\u00fablicos, organizaciones ambientalistas y organizaciones no gubernamentales: Entre $500.000.oo a $1.000.000 .oo por organizaci\u00f3n.<br \/>\n2. Por ligas, uniones, juntas comunales, vocales de control social, movimientos c\u00edvicos, populares y asimilados: aporte de $ 5.000 por cada uno de los delegados.<\/p>\n<p>Cada organizaci\u00f3n asume los gastos de transporte, alojamiento e inscripci\u00f3n de delegados. Los organizadores del Congreso asumen los costos de sal\u00f3n, documentos y refrigerios. Las copias de las ponencias y de las conclusiones del evento se entregar\u00e1n a los participantes, sin costo.<\/p>\n<p>Las organizaciones interesadas en participar deben hacer una preinscripci\u00f3n de delegados en los siguientes correos electr\u00f3nicos: congresosp@yahoo.com , ligausuarios@telecom.com.co , presidencia@cut.org.co<\/p>\n<p>ORGANIZACIONES CONVOCANTES:<\/p>\n<p>Gran Coalici\u00f3n Democr\u00e1tica, Coordinadora Nacional de Organizaciones de Usuarios de Servicios P\u00fablicos, Ligas de usuarios de los Servicios P\u00fablicos, Comit\u00e9s Populares de usuarios, Vocales de control, Representantes comit\u00e9s de estratificaci\u00f3n, Confederaci\u00f3n Comunal Nacional, Federaciones Comunales, Juntas Comunales, Asociaci\u00f3n de Vocales de Control Social y Desarrollo de los Servicios P\u00fablicos, Avocar, Coordinadora Distrital de Organizaciones Sociales, Intersindical y Popular del Sur, Comit\u00e9 de los Servicios P\u00fablicos de Bosa, Coordinadora de Servicios de Soacha (Cundinamarca), Movimiento C\u00edvico Popular Plan Centro, Comit\u00e9 Interlocal Plan Centro, Coordinaci\u00f3n Interlocal de la Cuenca del R\u00edo Tunjuelo, Coordinadora de Usuarios de los Servicios P\u00fablicos Domiciliarios del Distrito Capital, Campa\u00f1a Nacional en Deuda con los Derechos, Central Unitaria de Trabajadores de Colombia CUT, otras Centrales Obreras, Confederaci\u00f3n de Pensionados de Colombia, CUT Bogot\u00e1 y Cundinamarca, Sintratel\u00e9fonos, Sintraemsdes, Sintraemcali, Sintraelecol Nacional, Sintraelecol Bogota, Censat Agua Viva, Ecofondo, Planeta Paz, Comit\u00e9 Colombia del Lucha contra el ALCA y el Tlc, Organizaciones no gubernamentales y Centros de Investigaci\u00f3n. Compromiso Comunitario de Medell\u00edn, Corporaci\u00f3n Compromiso de Bucaramanga.<\/p>\n<p>Nota: Es importante que se presente a las organizaciones a fin de que se acepte la suscripci\u00f3n de la convocatoria por parte de ellas. Favor informar los nuevos adherentes a las direcciones de correo electr\u00f3nico. Esto es importante para la publicaci\u00f3n que se har\u00e1 en el plegable etc. Cordial saludo Oscar Guti\u00e9rrez. Tambi\u00e9n debemos saber que ORGANIZACIONES POL\u00cdTICAS APOYAN: &#8230;<\/p>\n","protected":false},"excerpt":{"rendered":"<p>Bogot\u00e1, junio 4 de 2005 CONGRESO NACIONAL DE USUARIOS Y DEFENSORES DE LOS SERVICIOS PUBLICOS DOMICILIARIOS CORREOS: congresosp@yahoo.com, ligausuarios@telecom.com.co, presidencia@cut.org.co BOGOTA, 21 \u2013 22 JULIO DE 2005 1. JUSTIFICACI\u00d3N: Durante los d\u00edas 21 y 22 de julio de 2005, se llevar\u00e1 a cabo en Bogot\u00e1 D.C., el Primer Congreso Nacional de Usuarios y Defensores de [&hellip;]<\/p>\n","protected":false},"author":1,"featured_media":0,"comment_status":"open","ping_status":"open","sticky":false,"template":"","format":"standard","meta":{"advanced_seo_description":"","jetpack_seo_html_title":"","jetpack_seo_noindex":false,"_jetpack_memberships_contains_paid_content":false,"footnotes":""},"categories":[7],"tags":[],"class_list":["post-1185","post","type-post","status-publish","format-standard","hentry","category-pronunciamientos-de-organizaciones-sociales"],"jetpack_featured_media_url":"","jetpack-related-posts":[{"id":1071,"url":"https:\/\/moir.com.co\/web\/avanza-proceso-de-organizacion-de-los-usuarios-de-servicios-publicos\/","url_meta":{"origin":1185,"position":0},"title":"AVANZA PROCESO DE ORGANIZACI\u00d3N DE LOS USUARIOS DE SERVICIOS P\u00daBLICOS","author":"admin","date":"noviembre 22, 2004","format":false,"excerpt":"Cali, noviembre 25 de 2004 Convocado por la Internacional de Servicios P\u00fablicos -ISP-, el Sindicato de Trabajadores de Emcali \u2013Sintraemcali-, el Sindicato de Trabajadores de Emsirva -Sintraemsirva-, el Sindicato De Trabajadores Y Empleados De Servicios P\u00fablicos, Corporaciones Aut\u00f3nomas, Institutos Descentralizados Y Territoriales De Colombia \u2013Sintraemsdes-, el Movimiento de Usuarios Financieros\u2026","rel":"","context":"En \u00abPronunciamientos de Organizaciones Sociales\u00bb","block_context":{"text":"Pronunciamientos de Organizaciones Sociales","link":"https:\/\/moir.com.co\/web\/category\/pronunciamientos-de-organizaciones-sociales\/"},"img":{"alt_text":"","src":"","width":0,"height":0},"classes":[]},{"id":20453,"url":"https:\/\/moir.com.co\/web\/avanza-organizacion-de-los-usuarios-de-servicios-publicos\/","url_meta":{"origin":1185,"position":1},"title":"AVANZA ORGANIZACI\u00d3N DE LOS USUARIOS DE SERVICIOS P\u00daBLICOS","author":"admin","date":"noviembre 20, 2004","format":false,"excerpt":"Convocados por la Internacional de Servicios P\u00fablicos, ISP, el Movimiento de Usuarios Financieros y Consumidores Vital, el Sindicato de Trabajadores de Emcali, Sintraemcali, el Sindicato de Trabajadores de Emsirva, Sintraemsirva, el Sindicato de Trabajadores y Empleados de Municipios y Empresas Descentralizadas, Sintraemdes, y el Comit\u00e9 Pro Coordinadora Nacional de Usuarios,\u2026","rel":"","context":"En \u00abTribuna Roja N\u00ba 98, diciembre 4 de 2004\u00bb","block_context":{"text":"Tribuna Roja N\u00ba 98, diciembre 4 de 2004","link":"https:\/\/moir.com.co\/web\/category\/tribuna-roja\/ediciones-2000-2004\/tribuna-roja-no-98-diciembre-4-de-2004\/"},"img":{"alt_text":"","src":"","width":0,"height":0},"classes":[]},{"id":21150,"url":"https:\/\/moir.com.co\/web\/servicios-publicos-domiciliarios-deben-ser-derechos-fundamentales\/","url_meta":{"origin":1185,"position":2},"title":"SERVICIOS P\u00daBLICOS DOMICILIARIOS DEBEN SER DERECHOS FUNDAMENTALES","author":"admin","date":"agosto 21, 2005","format":false,"excerpt":"Tribuna Roja En Bogot\u00e1, el 21 y 22 de julio, se reuni\u00f3 el Primer Congreso Nacional de Usuarios y Defensores de los Servicios P\u00fablicos Domiciliarios. M\u00e1s de 1.400 delegados, de varios centenares de organizaciones de usuarios, sindicales, comunales, ambientales, ONG y centros de investigaci\u00f3n, dedicaron estos dos d\u00edas al estudio,\u2026","rel":"","context":"En \u00abTribuna Roja N\u00ba 100, septiembre 1 de 2005\u00bb","block_context":{"text":"Tribuna Roja N\u00ba 100, septiembre 1 de 2005","link":"https:\/\/moir.com.co\/web\/category\/tribuna-roja\/ediciones-2005-2009\/tribuna-roja-no-100-septiembre-1-de-2005\/"},"img":{"alt_text":"","src":"","width":0,"height":0},"classes":[]},{"id":3621,"url":"https:\/\/moir.com.co\/web\/convocatoria-ii-congreso-nacional-de-usuarios-y-defensores-de-los-servicios-publicos-domiciliarios\/","url_meta":{"origin":1185,"position":3},"title":"Convocatoria: II Congreso Nacional de Usuarios y Defensores de los Servicios P\u00fablicos Domiciliarios","author":"admin","date":"octubre 8, 2009","format":false,"excerpt":"El Comit\u00e9 Nacional Coordinador de la Uni\u00f3n Nacional de Usuarios y Defensores de los Servicios P\u00fablicos Domiciliarios en uso de sus atribuciones, convoca a todos los usuarios y a sus diversas organizaciones de vocales de control, asociaciones, ligas y comit\u00e9s a realizar su II Congreso Nacional. Situaci\u00f3n de los Servicios\u2026","rel":"","context":"Entrada similar","block_context":{"text":"Entrada similar","link":""},"img":{"alt_text":"","src":"","width":0,"height":0},"classes":[]},{"id":1204,"url":"https:\/\/moir.com.co\/web\/declaracion-del-congreso-nacional-de-usuarios-y-defensores-de-los-servicios-publicos\/","url_meta":{"origin":1185,"position":4},"title":"DECLARACI\u00d3N DEL CONGRESO NACIONAL DE USUARIOS Y DEFENSORES  DE LOS SERVICIOS P\u00daBLICOS","author":"admin","date":"julio 14, 2005","format":false,"excerpt":"Bogot\u00e1, Julio 22 de 2005. Los m\u00e1s de 1400 delegados de varios centenares de organizaciones c\u00edvicas, sindicales, populares, asociaciones, ligas y comit\u00e9s de usuarios, ambientalistas, ONGs y centros de investigaci\u00f3n y estudio, reunidos en el primer congreso nacional de usuarios y defensores de los servicios p\u00fablicos declaramos que los objetivos\u2026","rel":"","context":"En \u00abPronunciamientos de Organizaciones Sociales\u00bb","block_context":{"text":"Pronunciamientos de Organizaciones Sociales","link":"https:\/\/moir.com.co\/web\/category\/pronunciamientos-de-organizaciones-sociales\/"},"img":{"alt_text":"","src":"","width":0,"height":0},"classes":[]},{"id":3837,"url":"https:\/\/moir.com.co\/web\/el-diputado-del-polo-democratico-alternativo-en-antioquia-invita-al-ii-congreso-de-usuarios-y-defensores-de-servicios-publicos-domiciliarios-que-se-celebrara-los-dias-8-y-9-de-diciembre-en-el-teatro-d\/","url_meta":{"origin":1185,"position":5},"title":"El Diputado del POLO DEMOCR\u00c1TICO ALTERNATIVO en Antioquia invita al II Congreso de Usuarios y Defensores de Servicios P\u00fablicos Domiciliarios que se celebrar\u00e1 los d\u00edas 8 y 9 de diciembre en el Teatro de ADIDA.","author":"admin","date":"diciembre 6, 2009","format":false,"excerpt":"Con el prop\u00f3sito de analizar, estudiar y profundizar en los resultados de la aplicaci\u00f3n de la Ley 142 de 1994 y de manera particular en las pol\u00edticas implementadas durante los a\u00f1os de gobierno del uribismo, discutir acerca de la situaci\u00f3n organizativa de los usuarios, y evaluar la realizaci\u00f3n de tareas\u2026","rel":"","context":"En \u00abTemas\u00bb","block_context":{"text":"Temas","link":"https:\/\/moir.com.co\/web\/category\/temas\/"},"img":{"alt_text":"","src":"","width":0,"height":0},"classes":[]}],"jetpack_sharing_enabled":true,"_links":{"self":[{"href":"https:\/\/moir.com.co\/web\/wp-json\/wp\/v2\/posts\/1185","targetHints":{"allow":["GET"]}}],"collection":[{"href":"https:\/\/moir.com.co\/web\/wp-json\/wp\/v2\/posts"}],"about":[{"href":"https:\/\/moir.com.co\/web\/wp-json\/wp\/v2\/types\/post"}],"author":[{"embeddable":true,"href":"https:\/\/moir.com.co\/web\/wp-json\/wp\/v2\/users\/1"}],"replies":[{"embeddable":true,"href":"https:\/\/moir.com.co\/web\/wp-json\/wp\/v2\/comments?post=1185"}],"version-history":[{"count":0,"href":"https:\/\/moir.com.co\/web\/wp-json\/wp\/v2\/posts\/1185\/revisions"}],"wp:attachment":[{"href":"https:\/\/moir.com.co\/web\/wp-json\/wp\/v2\/media?parent=1185"}],"wp:term":[{"taxonomy":"category","embeddable":true,"href":"https:\/\/moir.com.co\/web\/wp-json\/wp\/v2\/categories?post=1185"},{"taxonomy":"post_tag","embeddable":true,"href":"https:\/\/moir.com.co\/web\/wp-json\/wp\/v2\/tags?post=1185"}],"curies":[{"name":"wp","href":"https:\/\/api.w.org\/{rel}","templated":true}]}}