{"id":1176,"date":"2005-05-16T07:00:00","date_gmt":"2005-05-16T07:00:00","guid":{"rendered":"https:\/\/moir.org.co\/web\/el-azucar-la-cadena-de-la-inequidad\/"},"modified":"2005-05-16T07:00:00","modified_gmt":"2005-05-16T07:00:00","slug":"el-azucar-la-cadena-de-la-inequidad","status":"publish","type":"post","link":"https:\/\/moir.com.co\/web\/el-azucar-la-cadena-de-la-inequidad\/","title":{"rendered":"EL AZUCAR:  \u00a1LA CADENA DE LA INEQUIDAD!"},"content":{"rendered":"<p>SINTRACA\u00d1AIZUCOL \u2013 Subdirectiva Puerto Tejada, Central Unitaria de Trabajadores \u2013 CUT Valle, mayo 24 de 2005<\/p>\n<p>En el Valle geogr\u00e1fico del r\u00edo Cauca se levanta el emporio del az\u00facar refinada, la agroindustria, junto a las flores, m\u00e1s avanzada del pa\u00eds, de la cual dependen 33 municipios, genera 75.000 empleos directos, relaciona un mill\u00f3n de personas y produce US$225 millones de divisas anuales.<\/p>\n<p>La CADENA de esta riqueza arranca en la desconocida vida de los corteros de ca\u00f1a, sus mujeres e hijos, quienes a golpe de pacora refinan desde el corte, con su fuerza de trabajo, la m\u00e1s dulce energ\u00eda convertida en 2.600.000 toneladas de az\u00facar. Paradoja que esconde amarguras y azarosa existencia de miles y miles de obreros hacinados en silos reconocidos por su piel morena, pueblos cuyos nombres sobresalen por su trabajo, el deporte, la alegr\u00eda y el abandono, tales como, Candelaria, Florida, Pradera, Puerto Tejada, Villarrica, Ortigal, Cabuyal y otros tantos, de donde surge la savia que se torna amarga por aberrantes contratos de trabajo promovidos por 13 ingenios amparados en una legislaci\u00f3n perversa que somete al trabajador a padecer un r\u00e9gimen laboral antidemocr\u00e1tico que viola derechos universalmente conquistados, pero impunemente desconocidos por la pol\u00edtica neoliberal de \u201cflexibilizacion\u201d, que no es otra cosa que la eliminaci\u00f3n de los derechos de contrataci\u00f3n colectiva y organizaci\u00f3n, al implantar toda forma de \u201ccontratismo\u201d que favorece la intermediaci\u00f3n de la mano de obra, como cualquier mercanc\u00eda que se compra al menor precio, el secreto de la \u201ccompetitividad\u201d del monopolio.<\/p>\n<p>Es as\u00ed como el ingenio, al eludir aparecer como patr\u00f3n del cortero, hace que el precio de la tonelada de ca\u00f1a cortada, se pague arbitrariamente siempre a la baja y el peso de la misma se escamotee con triqui\u00f1uelas, maniobras y astucias concebidas por los ingenios, quienes terminan envileciendo el valor de un trabajo a destajo, fuente de riqueza de la CADENA, pobreza, sudor y barro para las familias del cortero que carecen de pan, salud, vivienda y educaci\u00f3n.<\/p>\n<p>Esta INEQUIDAD nos ha llevado a los corteros a reclamar justos derechos en uni\u00f3n de todos los sectores afectados y defender nuestra existencia laboral con dignidad.<\/p>\n<p>Se sabe que cinco ingenios se benefician de garant\u00edas dadas por el ministerio de minas y energ\u00eda para el negocio del alcohol carburante con un subsidio de 80 millones de d\u00f3lares anuales, que en nada comparten con sus proveedores de ca\u00f1a, que son mas de 1.600 propietarios independientes, produciendo en condiciones desiguales, sumisos al patr\u00f3n mayor.<\/p>\n<p>Si que menos comparten con sus \u201ccooperativas de trabajo asociado\u201d, el ping\u00fce negocio de intermediaci\u00f3n laboral, que es la figura inventada por los ingenios para destruir los sindicatos y abaratar hasta el hambre el salario de los trabajadores.<\/p>\n<p>Esta CADENA se va reventar por lo m\u00e1s delgado. Es urgente que los vallecaucanos respalden la savia que les proporciona la dulzura, porque las condiciones de existencia ser\u00e1n peores si se llegare a firmar el nefasto TRATADO DE LIBRE COMERCIO con los Estados Unidos o el ALCA, con lo que la SOBERANIA, el TRABAJO y la PRODUCCION nacionales desaparecer\u00e1n.<\/p>\n<p>DENUNCIA: En los \u00faltimos d\u00edas, a ra\u00edz de los reclamos de los corteros, las \u201cCooperativas\u201ddel ingenio Cauca han despedido a m\u00e1s de 300 corteros y el Ingenio La Caba\u00f1a incrementa d\u00eda a d\u00eda mayores despidos y el Vicepresidente del sindicato de industria, compa\u00f1ero EDINSON SEGURA fue obligado por sicarios a abandonar PUERTO TEJADA.<\/p>\n<p>POR PRECIO Y PESO, JUSTO Y EXACTO! AL RESCATE DE NUESTROS DERECHOS LABORALES \u2013 ADELANTE!<\/p>\n","protected":false},"excerpt":{"rendered":"<p>SINTRACA\u00d1AIZUCOL \u2013 Subdirectiva Puerto Tejada, Central Unitaria de Trabajadores \u2013 CUT Valle, mayo 24 de 2005 En el Valle geogr\u00e1fico del r\u00edo Cauca se levanta el emporio del az\u00facar refinada, la agroindustria, junto a las flores, m\u00e1s avanzada del pa\u00eds, de la cual dependen 33 municipios, genera 75.000 empleos directos, relaciona un mill\u00f3n de personas [&hellip;]<\/p>\n","protected":false},"author":1,"featured_media":0,"comment_status":"open","ping_status":"open","sticky":false,"template":"","format":"standard","meta":{"advanced_seo_description":"","jetpack_seo_html_title":"","jetpack_seo_noindex":false,"_jetpack_memberships_contains_paid_content":false,"footnotes":""},"categories":[7],"tags":[],"class_list":["post-1176","post","type-post","status-publish","format-standard","hentry","category-pronunciamientos-de-organizaciones-sociales"],"jetpack_featured_media_url":"","jetpack-related-posts":[{"id":9699,"url":"https:\/\/moir.com.co\/web\/sintrainagro-rechaza-la-persecucion-del-gobierno-nacional-en-contra-de-la-produccion-nacional-de-azucar\/","url_meta":{"origin":1176,"position":0},"title":"Sintrainagro rechaza la persecuci\u00f3n del gobierno nacional en contra de la producci\u00f3n nacional de az\u00facar","author":"admin","date":"octubre 11, 2015","format":false,"excerpt":"El Sindicato de Trabajadores de la Industria Nacional Agropecuaria SINTRAINAGRO que agremia en el valle geogr\u00e1fico del rio Cauca a m\u00e1s de 4.000 corteros de ca\u00f1a, rechaza la multa impuesta por la Superintendencia de Industria y Comercio a los Ingenios azucareros acusados por multinacionales extrajeras de formar un cartel; esta\u2026","rel":"","context":"En \u00abPronunciamientos de Organizaciones Sociales\u00bb","block_context":{"text":"Pronunciamientos de Organizaciones Sociales","link":"https:\/\/moir.com.co\/web\/category\/pronunciamientos-de-organizaciones-sociales\/"},"img":{"alt_text":"","src":"","width":0,"height":0},"classes":[]},{"id":9650,"url":"https:\/\/moir.com.co\/web\/en-defensa-de-la-produccion-nacional-derrotemos-la-reduccion-de-aranceles-en-el-sector-azucar-panelero\/","url_meta":{"origin":1176,"position":1},"title":"En defensa de la producci\u00f3n nacional, derrotemos la reducci\u00f3n de aranceles en el sector az\u00facar-panelero","author":"admin","date":"septiembre 15, 2015","format":false,"excerpt":"Una amenaza se cierne sobre la producci\u00f3n azucarera y panelera de Colombia por la decisi\u00f3n del gobierno de Santos, la ministra de comercio exterior, el ministro de hacienda y el de agricultura, que sin importarle la suerte del sector, aceptan la reducci\u00f3n escalonada del arancel para la producci\u00f3n de az\u00facar\u2026","rel":"","context":"En \u00abPronunciamientos de Organizaciones Sociales\u00bb","block_context":{"text":"Pronunciamientos de Organizaciones Sociales","link":"https:\/\/moir.com.co\/web\/category\/pronunciamientos-de-organizaciones-sociales\/"},"img":{"alt_text":"","src":"","width":0,"height":0},"classes":[]},{"id":9806,"url":"https:\/\/moir.com.co\/web\/santos-firma-decreto-contra-el-azucar-y-la-panela-senador-robledo\/","url_meta":{"origin":1176,"position":2},"title":"Santos firma decreto contra el az\u00facar y la panela: senador Robledo","author":"admin","date":"diciembre 1, 2015","format":false,"excerpt":"Decreto que reduce aranceles para importar az\u00facar prueba que Santos es el presidente m\u00e1s antiagrario de la historia. Favorece transnacionales y ataca la producci\u00f3n de az\u00facar y panela nacionales. M\u00e1s de 2 millones de personas viven del az\u00facar y la panela. Ataque a sector azucarero y panelero es parte de\u2026","rel":"","context":"En \u00abJorge Enrique Robledo\u00bb","block_context":{"text":"Jorge Enrique Robledo","link":"https:\/\/moir.com.co\/web\/category\/jorge-enrique-robledo\/"},"img":{"alt_text":"","src":"","width":0,"height":0},"classes":[]},{"id":9697,"url":"https:\/\/moir.com.co\/web\/las-verdaderas-cifras-de-empleo-en-el-sector-azucarero-y-panelero\/","url_meta":{"origin":1176,"position":3},"title":"Las verdaderas cifras de empleo en el sector azucarero y panelero","author":"admin","date":"octubre 10, 2015","format":false,"excerpt":"2,15 millones de personas dependen directa e indirectamente del cultivo de ca\u00f1a en Colombia Son m\u00e1s de medio mill\u00f3n las familias que derivan su sustento de la agroindustria azucarera y de la panela, las cuales hoy lo tienen en riesgo por la desproporcionada sanci\u00f3n impuesta por la Superintendencia de Industria\u2026","rel":"","context":"En \u00abJorge Enrique Robledo\u00bb","block_context":{"text":"Jorge Enrique Robledo","link":"https:\/\/moir.com.co\/web\/category\/jorge-enrique-robledo\/"},"img":{"alt_text":"","src":"","width":0,"height":0},"classes":[]},{"id":9615,"url":"https:\/\/moir.com.co\/web\/reduccion-de-aranceles-al-azucar-es-un-golpe-para-la-agroindustria\/","url_meta":{"origin":1176,"position":4},"title":"Reducci\u00f3n de aranceles al az\u00facar es un golpe para la agroindustria","author":"admin","date":"septiembre 1, 2015","format":false,"excerpt":"Se\u00f1ora CECILIA \u00c1LVAREZ-CORREA GLENN Ministra de Comercio, Industria y Turismo Ciudad. Asunto: Reducci\u00f3n de aranceles al az\u00facar es un golpe para la agroindustria nacional. Comedidamente nos dirigimos a usted con el fin de plantear una serie de argumentos para que reconsidere la decisi\u00f3n de emitir un decreto que reduce a\u2026","rel":"","context":"En \u00abPronunciamientos de Organizaciones Sociales\u00bb","block_context":{"text":"Pronunciamientos de Organizaciones Sociales","link":"https:\/\/moir.com.co\/web\/category\/pronunciamientos-de-organizaciones-sociales\/"},"img":{"alt_text":"","src":"","width":0,"height":0},"classes":[]},{"id":9461,"url":"https:\/\/moir.com.co\/web\/azucar-amarga\/","url_meta":{"origin":1176,"position":5},"title":"Az\u00facar amarga","author":"admin","date":"junio 16, 2015","format":false,"excerpt":"Colombia vive un proceso de desindustrializaci\u00f3n, resultado de la orientaci\u00f3n econ\u00f3mica hacia la extracci\u00f3n de recursos naturales y la creciente participaci\u00f3n de la especulaci\u00f3n financiera, en reemplazo de actividades productivas. Un nuevo cap\u00edtulo de esta pol\u00edtica oficial se ha comenzado a escribir con el az\u00facar. Este producto agroindustrial hace parte\u2026","rel":"","context":"En \u00abTemas\u00bb","block_context":{"text":"Temas","link":"https:\/\/moir.com.co\/web\/category\/temas\/"},"img":{"alt_text":"","src":"","width":0,"height":0},"classes":[]}],"jetpack_sharing_enabled":true,"_links":{"self":[{"href":"https:\/\/moir.com.co\/web\/wp-json\/wp\/v2\/posts\/1176","targetHints":{"allow":["GET"]}}],"collection":[{"href":"https:\/\/moir.com.co\/web\/wp-json\/wp\/v2\/posts"}],"about":[{"href":"https:\/\/moir.com.co\/web\/wp-json\/wp\/v2\/types\/post"}],"author":[{"embeddable":true,"href":"https:\/\/moir.com.co\/web\/wp-json\/wp\/v2\/users\/1"}],"replies":[{"embeddable":true,"href":"https:\/\/moir.com.co\/web\/wp-json\/wp\/v2\/comments?post=1176"}],"version-history":[{"count":0,"href":"https:\/\/moir.com.co\/web\/wp-json\/wp\/v2\/posts\/1176\/revisions"}],"wp:attachment":[{"href":"https:\/\/moir.com.co\/web\/wp-json\/wp\/v2\/media?parent=1176"}],"wp:term":[{"taxonomy":"category","embeddable":true,"href":"https:\/\/moir.com.co\/web\/wp-json\/wp\/v2\/categories?post=1176"},{"taxonomy":"post_tag","embeddable":true,"href":"https:\/\/moir.com.co\/web\/wp-json\/wp\/v2\/tags?post=1176"}],"curies":[{"name":"wp","href":"https:\/\/api.w.org\/{rel}","templated":true}]}}