{"id":1167,"date":"2005-05-07T07:00:00","date_gmt":"2005-05-07T07:00:00","guid":{"rendered":"https:\/\/moir.org.co\/web\/no-a-la-fumigacion-de-parques-naturales-nacionales\/"},"modified":"2005-05-07T07:00:00","modified_gmt":"2005-05-07T07:00:00","slug":"no-a-la-fumigacion-de-parques-naturales-nacionales","status":"publish","type":"post","link":"https:\/\/moir.com.co\/web\/no-a-la-fumigacion-de-parques-naturales-nacionales\/","title":{"rendered":"\u00a1NO A LA FUMIGACI\u00d3N DE PARQUES NATURALES NACIONALES !"},"content":{"rendered":"<p>Asociaci\u00f3n Nacional por la Salvaci\u00f3n Agropecuaria, Ibagu\u00e9, mayo 16 de 2005<\/p>\n<p>En forma \u201cma\u00f1osa\u201d y ofensiva los Negociadores del Gobierno a espaldas de los productores (l\u00e9ase Federaciones) Fenalce, Fedepalma y COAGRO, que representa a los productores de soya del Valle del Cauca, \u201cest\u00e1 entregando\u201d con entierro de tercera la producci\u00f3n nacional de trigo, soya, cebada, palma africana y otros cereales.<\/p>\n<p>El 6 de Mayo en forma inconsulta y en extraronda los Negociadores Colombianos ofrecieron que el trigo se desgrave en el TLC hasta llegar a arancel \u201ccero\u201d en 5 a\u00f1os, desde un arancel del 26%, pero adem\u00e1s que se pueda importar un contingente de 200.000 toneladas anuales de trigo sin aranceles de Estados Unidos. Colombia produce 80.000 toneladas de trigo con 20.000 productores de minifundio, los cuales se ver\u00e1n afectados; pero adem\u00e1s el trigo es sustituto del arroz y se afectar\u00eda con esta propuesta el ma\u00edz, la papa, y por ende la producci\u00f3n Nacional de estos cultivos.<\/p>\n<p>El argumento del Gobierno es que si hay acceso al tabaco (l\u00e9ase Phillip Morris), etanol (l\u00e9ase Oligopolio azucarero del Valle del Cauca) y frutas, no importa lo que se pierda en arroz, trigo, ma\u00edz, sorgo, cebada, soya y palma de aceite.<\/p>\n<p>Los palmeros afirman que con la oferta del 6 de Mayo el Gobierno no respet\u00f3 los acuerdos, al eliminar la protecci\u00f3n del Sistema Andino de Franjas de Precios y de una salvaguardia por la vigencia del tratado para todos los productos sensibles de la cadena y con ello van a ingresar a nuestro pa\u00eds sin restricciones, productos sustitutos del aceite de palma, como el girasol, que est\u00e1 sobre ofrecido en Estados Unidos en un 63%, y la canola, entre otros.<\/p>\n<p>Todo lo anterior sin que Estados Unidos diga una palabra para eliminar las barreras t\u00e9cnicas que impiden el acceso de los productos de palma a ese pa\u00eds; cuando los palmeros hab\u00edan concertado con el Gobierno un periodo de desgravaci\u00f3n a 20 a\u00f1os para los productos sensibles de la cadena; qui\u00e9n lo creyera: \u201cel cultivo preferido del Presidente de la Rep\u00fablica para las zonas de desmovilizaci\u00f3n\u201d.<\/p>\n<p>Con la soya pas\u00f3 lo mismo. El Gobierno no incluy\u00f3 como se hab\u00eda pactado una salvaguardia permanente para la importaci\u00f3n de torta y harina de soya, lo cual afectar\u00e1 el mercado de la harina de arroz por ser bienes sustitutos en el mercado de los concentrados. Colombia importa 600.000 toneladas de soya que perfectamente se pueden producir en el pa\u00eds. Hace 10 a\u00f1os produc\u00edamos 200.000 toneladas y hoy 71.000 toneladas. COAGRO dice que adem\u00e1s se ofreci\u00f3 en la nueva propuesta un arancel base muy bajo, y ya se habla de ceder contingentes sin contraprestaci\u00f3n alguna para torta y harina de soya, con salvaguardias temporales para los sustitutos directos de la soya, con lo cual el Gobierno ech\u00f3 por la borda todo el proceso de concertaci\u00f3n. COAGRO tambi\u00e9n afirma que se han afectando los cultivos de ma\u00edz, algod\u00f3n en la frontera agr\u00edcola de la Altillanura. Todo lo sucedido nos conduce a ratificar la necesidad de una \u201cConsulta Popular General de Productores Agropecuarios sobre el TLC\u201d.<\/p>\n<p>ANGEL MARIA CABALLERO LIAN<br \/>\nPresidente<\/p>\n<p>AURELIO SUAREZ MONTOYA<br \/>\nDirector Ejecutivo<\/p>\n","protected":false},"excerpt":{"rendered":"<p>Asociaci\u00f3n Nacional por la Salvaci\u00f3n Agropecuaria, Ibagu\u00e9, mayo 16 de 2005 En forma \u201cma\u00f1osa\u201d y ofensiva los Negociadores del Gobierno a espaldas de los productores (l\u00e9ase Federaciones) Fenalce, Fedepalma y COAGRO, que representa a los productores de soya del Valle del Cauca, \u201cest\u00e1 entregando\u201d con entierro de tercera la producci\u00f3n nacional de trigo, soya, cebada, [&hellip;]<\/p>\n","protected":false},"author":1,"featured_media":0,"comment_status":"open","ping_status":"open","sticky":false,"template":"","format":"standard","meta":{"advanced_seo_description":"","jetpack_seo_html_title":"","jetpack_seo_noindex":false,"_jetpack_memberships_contains_paid_content":false,"footnotes":""},"categories":[7],"tags":[],"class_list":["post-1167","post","type-post","status-publish","format-standard","hentry","category-pronunciamientos-de-organizaciones-sociales"],"jetpack_featured_media_url":"","jetpack-related-posts":[{"id":1164,"url":"https:\/\/moir.com.co\/web\/gobierno-vuelve-aniicos-las-cadenas-productivas-unica-solucion-consultas-populares-de-productores\/","url_meta":{"origin":1167,"position":0},"title":"GOBIERNO VUELVE A\u00d1IICOS LAS CADENAS PRODUCTIVAS, \u00daNICA SOLUCI\u00d3N: &#8220;CONSULTAS POPULARES DE PRODUCTORES&#8221;","author":"admin","date":"mayo 8, 2005","format":false,"excerpt":"Asociaci\u00f3n Nacional por la Salvaci\u00f3n Agropecuaria, Ibagu\u00e9, mayo 16 de 2005 En forma \u201cma\u00f1osa\u201d y ofensiva los Negociadores del Gobierno a espaldas de los productores (l\u00e9ase Federaciones) Fenalce, Fedepalma y COAGRO, que representa a los productores de soya del Valle del Cauca, \u201cest\u00e1 entregando\u201d con entierro de tercera la producci\u00f3n\u2026","rel":"","context":"En \u00abPronunciamientos de Organizaciones Sociales\u00bb","block_context":{"text":"Pronunciamientos de Organizaciones Sociales","link":"https:\/\/moir.com.co\/web\/category\/pronunciamientos-de-organizaciones-sociales\/"},"img":{"alt_text":"","src":"","width":0,"height":0},"classes":[]},{"id":1165,"url":"https:\/\/moir.com.co\/web\/el-mas-desdichado-viernes-de-la-agricultura-colombiana\/","url_meta":{"origin":1167,"position":1},"title":"EL M\u00c1S DESDICHADO VIERNES DE LA AGRICULTURA COLOMBIANA","author":"admin","date":"mayo 8, 2005","format":false,"excerpt":"El viernes 6 de mayo, los negociadores colombianos de la mesa de agricultura en el TLC con Estados Unidos, contando con el visto bueno de los ministros de Agricultura y de Comercio, enviaron a los negociadores norteamericanos una comunicaci\u00f3n extempor\u00e1nea, por fuera de las rondas oficiales, en la cual se\u2026","rel":"","context":"En \u00abTemas\u00bb","block_context":{"text":"Temas","link":"https:\/\/moir.com.co\/web\/category\/temas\/"},"img":{"alt_text":"","src":"","width":0,"height":0},"classes":[]},{"id":1135,"url":"https:\/\/moir.com.co\/web\/el-monopolio-imperial-de-los-cereales-en-las-colonias-andinas\/","url_meta":{"origin":1167,"position":2},"title":"EL MONOPOLIO IMPERIAL DE LOS CEREALES EN LAS COLONIAS ANDINAS","author":"admin","date":"marzo 21, 2005","format":false,"excerpt":"Las negociaciones agr\u00edcolas de la octava ronda del Tratado de Libre Comercio de los pa\u00edses andinos con Estados Unidos, celebradas en Washington, pese a que se desarrollaron en mesas bilaterales distintas, tuvieron resultados iguales debido al prop\u00f3sito manifiesto de Estados Unidos de tener el monopolio de la provisi\u00f3n de cereales\u2026","rel":"","context":"En \u00abTemas\u00bb","block_context":{"text":"Temas","link":"https:\/\/moir.com.co\/web\/category\/temas\/"},"img":{"alt_text":"","src":"","width":0,"height":0},"classes":[]},{"id":202,"url":"https:\/\/moir.com.co\/web\/la-conspiracion-del-trigo\/","url_meta":{"origin":1167,"position":3},"title":"LA CONSPIRACI\u00d3N DEL TRIGO","author":"admin","date":"agosto 7, 2004","format":false,"excerpt":"\"Es mejor el barbecho propio que el mejor trigo extranjero\" Proverbio \u00e1rabe El Ingeniero Agr\u00f3nomo, M.Sc., Ph.D. Mario Zapata Belalc\u00e1zar, originario de San Jer\u00f3nimo, Antioquia, el m\u00e1s destacado fitomejorador del trigo en la historia nacional, estuvo en su Facultad de Agronom\u00eda de la Universidad Nacional en Medell\u00edn, conferenciando con estudiantes,\u2026","rel":"","context":"En \u00abTemas\u00bb","block_context":{"text":"Temas","link":"https:\/\/moir.com.co\/web\/category\/temas\/"},"img":{"alt_text":"","src":"","width":0,"height":0},"classes":[]},{"id":187,"url":"https:\/\/moir.com.co\/web\/colanta-amenazada\/","url_meta":{"origin":1167,"position":4},"title":"COLANTA AMENAZADA","author":"admin","date":"agosto 7, 2004","format":false,"excerpt":"Con la desprotecci\u00f3n del Gobierno nacional a la leche, se repite la historia del trigo, de la cebada, del ma\u00edz, del algod\u00f3n, de la soya, del caf\u00e9 y de muchos otros productos que importamos, para beneficio de los productores extranjeros y para ruina de nuestra producci\u00f3n nacional. De esta manera\u2026","rel":"","context":"En \u00abTemas\u00bb","block_context":{"text":"Temas","link":"https:\/\/moir.com.co\/web\/category\/temas\/"},"img":{"alt_text":"","src":"","width":0,"height":0},"classes":[]},{"id":21110,"url":"https:\/\/moir.com.co\/web\/masivas-importaciones-de-cereales\/","url_meta":{"origin":1167,"position":5},"title":"MASIVAS IMPORTACIONES DE CEREALES","author":"admin","date":"mayo 11, 2005","format":false,"excerpt":"El mi\u00e9rcoles 17 de junio de 1992, El Tiempo informaba: \"Desde abril pasado, las compras en el exterior por parte de los particulares han reaccionado en forma importante, hasta el punto que 16 buques se encuentran a la espera de descargue en el puerto de Buenaventura. Once m\u00e1s ya fueron\u2026","rel":"","context":"En \u00abTribuna Roja N\u00b0 52, Bogot\u00e1; julio 29- agosto 11 de 1993\u00bb","block_context":{"text":"Tribuna Roja N\u00b0 52, Bogot\u00e1; julio 29- agosto 11 de 1993","link":"https:\/\/moir.com.co\/web\/category\/tribuna-roja\/ediciones-1990-1994\/tribuna-roja-n-52-bogota-julio-29-agosto-11-de-1993\/"},"img":{"alt_text":"","src":"","width":0,"height":0},"classes":[]}],"jetpack_sharing_enabled":true,"_links":{"self":[{"href":"https:\/\/moir.com.co\/web\/wp-json\/wp\/v2\/posts\/1167","targetHints":{"allow":["GET"]}}],"collection":[{"href":"https:\/\/moir.com.co\/web\/wp-json\/wp\/v2\/posts"}],"about":[{"href":"https:\/\/moir.com.co\/web\/wp-json\/wp\/v2\/types\/post"}],"author":[{"embeddable":true,"href":"https:\/\/moir.com.co\/web\/wp-json\/wp\/v2\/users\/1"}],"replies":[{"embeddable":true,"href":"https:\/\/moir.com.co\/web\/wp-json\/wp\/v2\/comments?post=1167"}],"version-history":[{"count":0,"href":"https:\/\/moir.com.co\/web\/wp-json\/wp\/v2\/posts\/1167\/revisions"}],"wp:attachment":[{"href":"https:\/\/moir.com.co\/web\/wp-json\/wp\/v2\/media?parent=1167"}],"wp:term":[{"taxonomy":"category","embeddable":true,"href":"https:\/\/moir.com.co\/web\/wp-json\/wp\/v2\/categories?post=1167"},{"taxonomy":"post_tag","embeddable":true,"href":"https:\/\/moir.com.co\/web\/wp-json\/wp\/v2\/tags?post=1167"}],"curies":[{"name":"wp","href":"https:\/\/api.w.org\/{rel}","templated":true}]}}