{"id":1155,"date":"2005-04-20T07:00:00","date_gmt":"2005-04-20T07:00:00","guid":{"rendered":"https:\/\/moir.org.co\/web\/5-de-mayo-movilizacion-contra-la-expulsion-de-los-agricultores-de-los-paramos-de-colombia\/"},"modified":"2005-04-20T07:00:00","modified_gmt":"2005-04-20T07:00:00","slug":"5-de-mayo-movilizacion-contra-la-expulsion-de-los-agricultores-de-los-paramos-de-colombia","status":"publish","type":"post","link":"https:\/\/moir.com.co\/web\/5-de-mayo-movilizacion-contra-la-expulsion-de-los-agricultores-de-los-paramos-de-colombia\/","title":{"rendered":"5 DE MAYO: MOVILIZACI\u00d3N CONTRA LA EXPULSI\u00d3N DE LOS AGRICULTORES DE LOS P\u00c1RAMOS DE COLOMBIA"},"content":{"rendered":"<p>Hay grandes amenazas  contra los derechos fundamentales,  la producci\u00f3n, el trabajo y la estabilidad de los habitantes de los p\u00e1ramos de Colombia. Desde 2004, el gobierno  ha venido presentando en el Congreso de la Rep\u00fablica una seguidilla de leyes que persiguen el control, la administraci\u00f3n y el manejo  del Estado de esas regiones. La ley de P\u00c1RAMOS, la ley de BOSQUES y  la ley de AGUA son un conjunto de disposiciones que apunta en esa direcci\u00f3n. Con dudosas motivaciones ambientalistas, dichas leyes otorgan plenas facultades al Estado  para disponer de estas porciones de la geograf\u00eda nacional.<\/p>\n<p>Bajo ese predominio oficial se intenta prohibir la agricultura, la lecher\u00eda, la peque\u00f1a miner\u00eda y dem\u00e1s actividades productivas que m\u00e1s de medio mill\u00f3n de familias colombianas pobres han adelantado por varias generaciones en las tierras que ahora se quieren usufructuar por mandato estatal.  Las zonas que se ver\u00e1n afectadas por tales leyes, como hasta ahora est\u00e1n concebidas, se estiman en 1&#8217;300.000 hect\u00e1reas de las cuales el 80% est\u00e1n habitadas. Como ejemplo, el 35% de la producci\u00f3n de papa en Boyac\u00e1 y el 41% de la de Cundinamarca se cultivan all\u00ed. <\/p>\n<p>Para aplicar  esas tres leyes, el ministerio del Medio Ambiente y las Corporaciones Aut\u00f3nomas Regionales, est\u00e1n declarando como Parques Naturales o como Reservas a las regiones llamadas &#8220;p\u00e1ramos&#8221;. Con dichas figuras, el uso del suelo queda al arbitrio de estas entidades. A esa nueva amenaza se suma la intenci\u00f3n de implantar un Tratado de Libre Comercio de Colombia con Estados Unidos  en el cual no s\u00f3lo se negocia de manera desigual al sector agropecuario nacional sino que adem\u00e1s el agua, la biodiversidad, el territorio con fines tur\u00edsticos o forestales se podr\u00e1n adjudicar en concesi\u00f3n a firmas privadas, nacionales o multinacionales. Ya existen decisiones conocidas al respecto  en Amazonas y Boyac\u00e1. <\/p>\n<p>El jueves 5 de mayo, las comunidades campesinas  y los  habitantes de los p\u00e1ramos de Guerrero, la Guargua y Laguna Verde se movilizar\u00e1n para exigir la preservaci\u00f3n de sus derechos fundamentales en las tres leyes que hoy se tramitan en la Comisi\u00f3n Quinta de la C\u00e1mara en el Congreso de la Rep\u00fablica, en contra de la arbitraria declaratoria de Reserva Natural que la CAR pretende hacer de esta regi\u00f3n cundinamarquesa y del Tratado de Libre Comercio (TLC) con el cual no s\u00f3lo se arruina a la agricultura sino que adem\u00e1s se har\u00e1 entrega de los recursos naturales a inversionistas privados fundamentada en la expulsi\u00f3n y desconocimiento de los humildes colombianos que vivimos desde hace muchas d\u00e9cadas en esos parajes.<\/p>\n","protected":false},"excerpt":{"rendered":"<p>Hay grandes amenazas contra los derechos fundamentales, la producci\u00f3n, el trabajo y la estabilidad de los habitantes de los p\u00e1ramos de Colombia. Desde 2004, el gobierno ha venido presentando en el Congreso de la Rep\u00fablica una seguidilla de leyes que persiguen el control, la administraci\u00f3n y el manejo del Estado de esas regiones. La ley [&hellip;]<\/p>\n","protected":false},"author":1,"featured_media":0,"comment_status":"open","ping_status":"open","sticky":false,"template":"","format":"standard","meta":{"advanced_seo_description":"","jetpack_seo_html_title":"","jetpack_seo_noindex":false,"_jetpack_memberships_contains_paid_content":false,"footnotes":""},"categories":[7],"tags":[],"class_list":["post-1155","post","type-post","status-publish","format-standard","hentry","category-pronunciamientos-de-organizaciones-sociales"],"jetpack_featured_media_url":"","jetpack-related-posts":[{"id":15302,"url":"https:\/\/moir.com.co\/web\/sobre-el-proyecto-de-ley-para-la-gestion-en-paramos-en-colombia-robledo\/","url_meta":{"origin":1155,"position":0},"title":"Sobre el proyecto de ley para la gesti\u00f3n en p\u00e1ramos en Colombia: Robledo","author":"admin","date":"junio 19, 2018","format":"video","excerpt":"Bogot\u00e1, junio 19 de 2018","rel":"","context":"En \u00abAgro\u00bb","block_context":{"text":"Agro","link":"https:\/\/moir.com.co\/web\/category\/temas\/agro\/"},"img":{"alt_text":"","src":"","width":0,"height":0},"classes":[]},{"id":1159,"url":"https:\/\/moir.com.co\/web\/y-bajaron-los-paramunos\/","url_meta":{"origin":1155,"position":1},"title":"Y BAJARON LOS PARAMUNOS&#8230;","author":"admin","date":"mayo 2, 2005","format":false,"excerpt":"El pasado jueves 5 de mayo, la ciudad de Bogot\u00e1 presenci\u00f3 una marcha de varios miles de campesinos y campesinas pobladores de los p\u00e1ramos de Cundinamarca. De todas las edades, con sus atuendos aut\u00f3ctonos de tierra fr\u00eda, de ruana y sombrero de fieltro, con las mejillas coloradas y sus gargantas\u2026","rel":"","context":"En \u00abTemas\u00bb","block_context":{"text":"Temas","link":"https:\/\/moir.com.co\/web\/category\/temas\/"},"img":{"alt_text":"","src":"","width":0,"height":0},"classes":[]},{"id":21045,"url":"https:\/\/moir.com.co\/web\/paro-nacional-estatal\/","url_meta":{"origin":1155,"position":2},"title":"PARO NACIONAL ESTATAL","author":"admin","date":"mayo 2, 2005","format":false,"excerpt":"Resoluci\u00f3n La reuni\u00f3n de las Centrales Obreras CUT, CGTD, CTC y la Confederaci\u00f3n de Pensionados, celebrada conjuntamente con los presidentes de las m\u00e1s importantes organizaciones del sector estatal -Fecode, USO, Sittelecom, Sindess, Fenaltrase, Futec, Sintraiss, Sintratel\u00e9fonos, Utradec, Aspuc, la Federaci\u00f3n de Profesores Universitarios, UNEC, ATT, Sindesena, Sintrenal-, celebrada en la\u2026","rel":"","context":"En \u00abTribuna Roja N\u00b0 69, Bogot\u00e1; febrero 6 de 1997\u00bb","block_context":{"text":"Tribuna Roja N\u00b0 69, Bogot\u00e1; febrero 6 de 1997","link":"https:\/\/moir.com.co\/web\/category\/tribuna-roja\/ediciones-1995-1999\/tribuna-roja-n-69-bogota-febrero-6-de-1997\/"},"img":{"alt_text":"","src":"","width":0,"height":0},"classes":[]},{"id":8598,"url":"https:\/\/moir.com.co\/web\/el-colmo-que-tras-siete-meses-no-se-aplique-una-ley-que-le-sirve-al-agro-robledo\/","url_meta":{"origin":1155,"position":3},"title":"El colmo que tras siete meses no se aplique una ley que le sirve al agro: Robledo","author":"admin","date":"julio 31, 2014","format":false,"excerpt":"Por falta de reglamentaci\u00f3n por parte del gobierno de la Ley 1694, no se han tomado medidas tendientes a aliviar la crisis de los productores agrarios. En la Ley 1694 del 17 de diciembre de 2013 se incluyeron, como parte de los acuerdos alcanzados entre los l\u00edderes del Paro Agrario\u2026","rel":"","context":"En \u00abJorge Enrique Robledo\u00bb","block_context":{"text":"Jorge Enrique Robledo","link":"https:\/\/moir.com.co\/web\/category\/jorge-enrique-robledo\/"},"img":{"alt_text":"","src":"","width":0,"height":0},"classes":[]},{"id":7582,"url":"https:\/\/moir.com.co\/web\/en-nueva-ley-subsidios-de-eu-al-agro-pasan-de-us50-mil-millones-a-us190-mil-millones-anuales\/","url_meta":{"origin":1155,"position":4},"title":"En nueva ley, subsidios de EU al agro pasan de US$50 mil millones a US$190 mil millones anuales","author":"admin","date":"mayo 22, 2013","format":false,"excerpt":"La Alianza del Pac\u00edfico beneficia a Estados Unidos en virtud de la cl\u00e1usula de naci\u00f3n m\u00e1s favorecida: \u201cEs el ALCA con otro nombre\u201d, dice Robledo. Ataques de fondo a arroz, l\u00e1cteos, az\u00facar, carne de cerdo, fr\u00edjol y ma\u00edz, entre otros. \u201cLos gringos no est\u00e1n de juego, vienen por todo, por\u2026","rel":"","context":"En \u00abJorge Enrique Robledo\u00bb","block_context":{"text":"Jorge Enrique Robledo","link":"https:\/\/moir.com.co\/web\/category\/jorge-enrique-robledo\/"},"img":{"alt_text":"","src":"","width":0,"height":0},"classes":[]},{"id":21101,"url":"https:\/\/moir.com.co\/web\/el-paro-del-magisterio-una-victoria-patriotica\/","url_meta":{"origin":1155,"position":5},"title":"EL PARO DEL MAGISTERIO, UNA VICTORIA PATRI\u00d3TICA","author":"admin","date":"mayo 11, 2005","format":false,"excerpt":"Jos\u00e9 Fernando Ocampo, Vicepresidente de Fecode. No hab\u00eda realizado Fecode en sus treinta a\u00f1os de historia una movilizaci\u00f3n victoriosa de tanta envergadura y significaci\u00f3n patri\u00f3tica como el paro indefinido de este a\u00f1o. Cien mil personas, entre maestros, padres de familia y estudiantes, con el entusiasta respaldo de todo el pueblo,\u2026","rel":"","context":"En \u00abJos\u00e9 Fernando Ocampo\u00bb","block_context":{"text":"Jos\u00e9 Fernando Ocampo","link":"https:\/\/moir.com.co\/web\/category\/bitacoras\/jose-fernando-ocampo\/"},"img":{"alt_text":"","src":"","width":0,"height":0},"classes":[]}],"jetpack_sharing_enabled":true,"_links":{"self":[{"href":"https:\/\/moir.com.co\/web\/wp-json\/wp\/v2\/posts\/1155","targetHints":{"allow":["GET"]}}],"collection":[{"href":"https:\/\/moir.com.co\/web\/wp-json\/wp\/v2\/posts"}],"about":[{"href":"https:\/\/moir.com.co\/web\/wp-json\/wp\/v2\/types\/post"}],"author":[{"embeddable":true,"href":"https:\/\/moir.com.co\/web\/wp-json\/wp\/v2\/users\/1"}],"replies":[{"embeddable":true,"href":"https:\/\/moir.com.co\/web\/wp-json\/wp\/v2\/comments?post=1155"}],"version-history":[{"count":0,"href":"https:\/\/moir.com.co\/web\/wp-json\/wp\/v2\/posts\/1155\/revisions"}],"wp:attachment":[{"href":"https:\/\/moir.com.co\/web\/wp-json\/wp\/v2\/media?parent=1155"}],"wp:term":[{"taxonomy":"category","embeddable":true,"href":"https:\/\/moir.com.co\/web\/wp-json\/wp\/v2\/categories?post=1155"},{"taxonomy":"post_tag","embeddable":true,"href":"https:\/\/moir.com.co\/web\/wp-json\/wp\/v2\/tags?post=1155"}],"curies":[{"name":"wp","href":"https:\/\/api.w.org\/{rel}","templated":true}]}}