{"id":1152,"date":"2005-04-18T07:00:00","date_gmt":"2005-04-18T07:00:00","guid":{"rendered":"https:\/\/moir.org.co\/web\/3000-trigueros-marcharon-en-narino-contra-el-tlc\/"},"modified":"2005-04-18T07:00:00","modified_gmt":"2005-04-18T07:00:00","slug":"3000-trigueros-marcharon-en-narino-contra-el-tlc","status":"publish","type":"post","link":"https:\/\/moir.com.co\/web\/3000-trigueros-marcharon-en-narino-contra-el-tlc\/","title":{"rendered":"\u00a13000 TRIGUEROS MARCHARON EN NARI\u00d1O CONTRA EL TLC!"},"content":{"rendered":"<p>Fernando Ruiz Borr\u00e1s, Asociaci\u00f3n Nacional por la Salvaci\u00f3n Agropecuaria, abril 25 de 2005<\/p>\n<p>Desde tempranas horas de la ma\u00f1ana del lunes 25 de abril, tres mil agricultores nari\u00f1enses, la gran mayor\u00eda de ellos productores de trigo, marcharon hasta el medio d\u00eda desde el corregimiento de Tatambuco hasta la Plaza de Nari\u00f1o de San Juan de Pasto exigiendo al gobierno que no se negocie el Tratado de Libre Comercio entre Colombia y Estados Unidos.<\/p>\n<p>Reconocidas personalidades regionales y muy variadas organizaciones agrarias locales de los municipios productores, entre ellas la Asociaci\u00f3n Nacional por la Salvaci\u00f3n Agropecuaria, reafirmaron con ese acto el pliego de peticiones que han presentado al gobierno nacional por conducto del gobernador del departamento. En ese petitorio, adem\u00e1s de exigir el cese de las negociaciones del Tratado, en las cuales se est\u00e1 entregando sin ning\u00fan recato la posibilidad de producir este cereal en el pa\u00eds para satisfacer la voracidad estadounidense que debe exportar el 43% del trigo que produce como excedente a precios por debajo del costo de producci\u00f3n, se est\u00e1 reclamando la fijaci\u00f3n de un precio de sustentaci\u00f3n, la compra de la cosecha nacional de manera indefinida por parte del sector molinero, planes de fomento del cultivo y otras reivindicaciones en materia de infraestructura, v\u00edas y tecnolog\u00eda.<\/p>\n<p>Los agricultores venidos de los municipios de Iles, Imu\u00e9s, Guaitarilla, Tangua, Yacuanquer, Ospina y otros vinculados al cultivo del trigo concedieron plazo hasta el 30 de mayo para recibir del ministerio de Agricultura y del gobierno central respuestas satisfactorias a sus formulaciones. De lo contrario, proceder\u00e1n a realizar mayores manifestaciones de resistencia contra lo que han considerado la expedici\u00f3n de la partida de defunci\u00f3n para el cultivo de este cereal del cual Nari\u00f1o y Boyac\u00e1 son primeros productores nacionales. As\u00ed mismo, paralelo con las asambleas y foros, se est\u00e1 suscribiendo un memorial dirigido al Presidente de la Rep\u00fablica donde le reiteran, en forma de plebiscito con decenas de miles de firmas, su rechazo total al TLC.<\/p>\n<p>San Juan de Pasto, abril 25 de 2004.<\/p>\n","protected":false},"excerpt":{"rendered":"<p>Fernando Ruiz Borr\u00e1s, Asociaci\u00f3n Nacional por la Salvaci\u00f3n Agropecuaria, abril 25 de 2005 Desde tempranas horas de la ma\u00f1ana del lunes 25 de abril, tres mil agricultores nari\u00f1enses, la gran mayor\u00eda de ellos productores de trigo, marcharon hasta el medio d\u00eda desde el corregimiento de Tatambuco hasta la Plaza de Nari\u00f1o de San Juan de [&hellip;]<\/p>\n","protected":false},"author":1,"featured_media":0,"comment_status":"open","ping_status":"open","sticky":false,"template":"","format":"standard","meta":{"advanced_seo_description":"","jetpack_seo_html_title":"","jetpack_seo_noindex":false,"_jetpack_memberships_contains_paid_content":false,"footnotes":""},"categories":[7],"tags":[],"class_list":["post-1152","post","type-post","status-publish","format-standard","hentry","category-pronunciamientos-de-organizaciones-sociales"],"jetpack_featured_media_url":"","jetpack-related-posts":[{"id":425,"url":"https:\/\/moir.com.co\/web\/convocatoria-a-marcha-nacional-panelera-el-proximo-30-de-julio-de-2002\/","url_meta":{"origin":1152,"position":0},"title":"CONVOCATORIA A MARCHA NACIONAL PANELERA EL PROXIMO 30 DE JULIO DE 2002","author":"admin","date":"agosto 8, 2004","format":false,"excerpt":"Asociaci\u00f3n Nacional por la Salvaci\u00f3n agropecuaria-Unidad Panelera Nacional, Ibagu\u00e9, junio 26 de 2002 Despu\u00e9s de realizadas las audiencias p\u00fablicas de Sup\u00eda (Caldas), Villeta (Cundinamarca) y Moniquir\u00e1 (Boyac\u00e1) con la participaci\u00f3n entusiasta de cientos de paneleros, en las que fue un\u00e1nime el rechazo a la Resoluci\u00f3n 399 de la Corporaci\u00f3n Aut\u00f3noma\u2026","rel":"","context":"En \u00abPronunciamientos de Organizaciones Sociales\u00bb","block_context":{"text":"Pronunciamientos de Organizaciones Sociales","link":"https:\/\/moir.com.co\/web\/category\/pronunciamientos-de-organizaciones-sociales\/"},"img":{"alt_text":"","src":"","width":0,"height":0},"classes":[]},{"id":640,"url":"https:\/\/moir.com.co\/web\/salvacion-agropecuaria-dira-no-al-alca-y-al-tlc-el-15-de-abril\/","url_meta":{"origin":1152,"position":1},"title":"\u00a1SALVACI\u00d3N  AGROPECUARIA DIR\u00c1 NO AL ALCA Y AL TLC EL 15 DE ABRIL!","author":"admin","date":"agosto 11, 2004","format":false,"excerpt":"La Asociaci\u00f3n Nacional por la Salvaci\u00f3n Agropecuaria, seg\u00fan lo convenido con organizaciones agrarias, campesinas, ind\u00edgenas, sindicales y sociales de Colombia, Ecuador, Per\u00fa y Bolivia y de acuerdo al mandato de su VIII Junta Nacional, se movilizar\u00e1 el pr\u00f3ximo jueves 15 de abril en el marco de la Primera Jornada Andina\u2026","rel":"","context":"En \u00abPronunciamientos de Organizaciones Sociales\u00bb","block_context":{"text":"Pronunciamientos de Organizaciones Sociales","link":"https:\/\/moir.com.co\/web\/category\/pronunciamientos-de-organizaciones-sociales\/"},"img":{"alt_text":"","src":"","width":0,"height":0},"classes":[]},{"id":436,"url":"https:\/\/moir.com.co\/web\/en-firme-los-preparativos-de-la-marcha-nacional-panelera-en-bogota-contra-el-ingenio-de-padilla\/","url_meta":{"origin":1152,"position":2},"title":"EN FIRME LOS PREPARATIVOS DE LA MARCHA NACIONAL PANELERA EN BOGOT\u00c1 CONTRA EL INGENIO DE PADILLA","author":"admin","date":"agosto 9, 2004","format":false,"excerpt":"Asociaci\u00f3n Nacional por la Salvaci\u00f3n Agropecuaria, Ibagu\u00e9; julio 24 de 2002 Delegaciones de paneleros de casi todo el pa\u00eds se est\u00e1n preparando para hacerse presentes en la Marcha Nacional Panelera que se efectuar\u00e1 el pr\u00f3ximo martes 30 de julio en Bogot\u00e1. Han confirmado su asistencia los principales municipios productores de\u2026","rel":"","context":"En \u00abPronunciamientos de Organizaciones Sociales\u00bb","block_context":{"text":"Pronunciamientos de Organizaciones Sociales","link":"https:\/\/moir.com.co\/web\/category\/pronunciamientos-de-organizaciones-sociales\/"},"img":{"alt_text":"","src":"","width":0,"height":0},"classes":[]},{"id":651,"url":"https:\/\/moir.com.co\/web\/exigimos-la-libertad-de-victor-alonso-aristizabal\/","url_meta":{"origin":1152,"position":3},"title":"EXIGIMOS LA LIBERTAD DE V\u00cdCTOR ALONSO ARISTIZ\u00c1BAL","author":"admin","date":"agosto 11, 2004","format":false,"excerpt":"Como consecuencia de la desbocada represi\u00f3n policial contra la marcha pac\u00edfica que los distintos sectores sociales de Colombia realizaron en Cartagena el pasado martes 18 de mayo para protestar contra el inicio de las negociaciones del Tratado de Libre Comercio con Estados Unidos, por considerarlo gravemente atentatorio contra sensibles ramas\u2026","rel":"","context":"En \u00abPronunciamientos de Organizaciones Sociales\u00bb","block_context":{"text":"Pronunciamientos de Organizaciones Sociales","link":"https:\/\/moir.com.co\/web\/category\/pronunciamientos-de-organizaciones-sociales\/"},"img":{"alt_text":"","src":"","width":0,"height":0},"classes":[]},{"id":437,"url":"https:\/\/moir.com.co\/web\/resolucion-de-la-tercera-asamblea-departamental-de-salvaci__n-agropecuaria-en-antioquia-sobre-el-precio-del-cafe\/","url_meta":{"origin":1152,"position":4},"title":"RESOLUCI\u00d3N DE LA TERCERA ASAMBLEA DEPARTAMENTAL DE SALVACI__N AGROPECUARIA EN ANTIOQUIA SOBRE EL PRECIO DEL CAF\u00c9","author":"admin","date":"agosto 9, 2004","format":false,"excerpt":"Asociaci\u00f3n Nacional Por La Salvaci\u00f3n Agropecuario, agosto 9 de 2002 La III Asamblea Departamental de la Asociaci\u00f3n Nacional por la Salvaci\u00f3n Agropecuaria en Antioquia, reunida en el Auditorio de la Fundaci\u00f3n Universitaria Mar\u00eda en la Ciudad de Medell\u00edn el d\u00eda 9 de Agosto de 2002-08-20 CONSIDERANDO 1. Que gracias al\u2026","rel":"","context":"En \u00abPronunciamientos de Organizaciones Sociales\u00bb","block_context":{"text":"Pronunciamientos de Organizaciones Sociales","link":"https:\/\/moir.com.co\/web\/category\/pronunciamientos-de-organizaciones-sociales\/"},"img":{"alt_text":"","src":"","width":0,"height":0},"classes":[]},{"id":541,"url":"https:\/\/moir.com.co\/web\/exitosa-asamblea-departamental-de-la-asociacion-nacional-por-la-salvacion-agropecuaria-capitulo-de-boyaca\/","url_meta":{"origin":1152,"position":5},"title":"EXITOSA ASAMBLEA DEPARTAMENTAL DE LA ASOCIACI\u00d3N NACIONAL POR LA SALVACI\u00d3N AGROPECUARIA, CAP\u00cdTULO DE BOYAC\u00c1","author":"admin","date":"agosto 10, 2004","format":false,"excerpt":"Salvaci\u00f3n Agropecuaria, julio 25 de 2003 Con la asistencia de m\u00e1s de 250 delegados de agricultores y ganaderos de m\u00e1s de 20 municipios se llev\u00f3 a cabo ayer viernes 25 de julio la Asamblea de Salvaci\u00f3n Agropecuaria en el teatro de la Fundaci\u00f3n Juan de Castellanos. Entre las 10:000 a.m\u2026","rel":"","context":"En \u00abPronunciamientos de Organizaciones Sociales\u00bb","block_context":{"text":"Pronunciamientos de Organizaciones Sociales","link":"https:\/\/moir.com.co\/web\/category\/pronunciamientos-de-organizaciones-sociales\/"},"img":{"alt_text":"","src":"","width":0,"height":0},"classes":[]}],"jetpack_sharing_enabled":true,"_links":{"self":[{"href":"https:\/\/moir.com.co\/web\/wp-json\/wp\/v2\/posts\/1152","targetHints":{"allow":["GET"]}}],"collection":[{"href":"https:\/\/moir.com.co\/web\/wp-json\/wp\/v2\/posts"}],"about":[{"href":"https:\/\/moir.com.co\/web\/wp-json\/wp\/v2\/types\/post"}],"author":[{"embeddable":true,"href":"https:\/\/moir.com.co\/web\/wp-json\/wp\/v2\/users\/1"}],"replies":[{"embeddable":true,"href":"https:\/\/moir.com.co\/web\/wp-json\/wp\/v2\/comments?post=1152"}],"version-history":[{"count":0,"href":"https:\/\/moir.com.co\/web\/wp-json\/wp\/v2\/posts\/1152\/revisions"}],"wp:attachment":[{"href":"https:\/\/moir.com.co\/web\/wp-json\/wp\/v2\/media?parent=1152"}],"wp:term":[{"taxonomy":"category","embeddable":true,"href":"https:\/\/moir.com.co\/web\/wp-json\/wp\/v2\/categories?post=1152"},{"taxonomy":"post_tag","embeddable":true,"href":"https:\/\/moir.com.co\/web\/wp-json\/wp\/v2\/tags?post=1152"}],"curies":[{"name":"wp","href":"https:\/\/api.w.org\/{rel}","templated":true}]}}