{"id":1151,"date":"2005-04-16T07:00:00","date_gmt":"2005-04-16T07:00:00","guid":{"rendered":"https:\/\/moir.org.co\/web\/declaracion-politica-del-seminario-nacional-del-sindicalismo-clasista-y-unitario\/"},"modified":"2005-04-16T07:00:00","modified_gmt":"2005-04-16T07:00:00","slug":"declaracion-politica-del-seminario-nacional-del-sindicalismo-clasista-y-unitario","status":"publish","type":"post","link":"https:\/\/moir.com.co\/web\/declaracion-politica-del-seminario-nacional-del-sindicalismo-clasista-y-unitario\/","title":{"rendered":"DECLARACI\u00d3N POL\u00cdTICA DEL SEMINARIO NACIONAL DEL SINDICALISMO CLASISTA Y UNITARIO"},"content":{"rendered":"<p><b>Contexto nacional e internacional<\/b><\/p>\n<p>El gobierno de \u00c1lvaro Uribe ha correspondido d\u00f3cilmente a todos los lineamientos econ\u00f3micos, pol\u00edticos y militares de su hom\u00f3logo de Estados Unidos, no solamente en Colombia, sino que se convirti\u00f3 en el m\u00e1s abyecto agente del imperialismo en esta parte del continente.<\/p>\n<p>Para los colombianos el asunto es doblemente calamitoso. Se trata de enfrentar la embestida m\u00e1s feroz del imperialismo sobre los pueblos y naciones del mundo, para arrebatarles sus recursos naturales estrat\u00e9gicos, apoderarse de sus mercados, esclavizar a sus trabajadores y borrar cualquier sombra de soberan\u00eda; y a la vez oponernos a que el principal agente en la regi\u00f3n pueda prolongar su periodo presidencial en una jugada de corte dictatorial, para la cual ha violentado la reglas de juego existentes y viene acomodando toda la superestructura del Estado.<\/p>\n<p>La situaci\u00f3n de atraso y pobreza a la que ha sido conducida la naci\u00f3n en estos tres lustros de apertura econ\u00f3mica y privatizaciones, ser\u00e1 multiplicada por el golpe de gracia a nuestra soberan\u00eda que significa la firma del TLC o el ALCA. No queda aspecto de la vida nacional que no sea afectado por este acuerdo de sometimiento total al imperialismo gringo, que entierra cualquier posibilidad de desarrollo econ\u00f3mico y de bienestar para nuestro pueblo. Mientras tanto se fortalece la producci\u00f3n norteamericana y se llenan los bolsillos de la oligarqu\u00eda intermediaria y neoliberal.<\/p>\n<p>El acentuamiento de la dominaci\u00f3n econ\u00f3mica, pol\u00edtica y militar de Estados Unidos tiene por supuesto un alto componente de intervenci\u00f3n militar. So pretexto de perseguir el tr\u00e1fico de drogas y combatir el terrorismo en el mundo, Estados Unidos mantiene varios centenares de efectivos y mercenarios que operan en nuestro territorio, asesoran las fuerzas de seguridad e intervienen en los asuntos internos de la naci\u00f3n. Esta intervenci\u00f3n sirve de marco al m\u00e1s aberrante recorte de la democracia burguesa. En la aplicaci\u00f3n de esos planes antinarc\u00f3ticos y contrainsurgentes se violan los m\u00e1s elementales derechos de los individuos y las comunidades. Con la llamada pol\u00edtica de seguridad democr\u00e1tica y la imposici\u00f3n del Estado comunitario se implementan toda clase de arbitrariedades contra la poblaci\u00f3n con el prop\u00f3sito de apagar su resistencia al imperialismo y a las formas autoritarias del gobierno.<\/p>\n<p>La carrera por la reelecci\u00f3n ha conducido afanosamente a adelantar negociaciones con las autodefensas, que hasta los parlamentarios uribistas las califican de peligrosa para la democracia, por contemplar impunidad y ausencia de reparaci\u00f3n a las v\u00edctimas y no garantizar el desmonte de unas organizaciones armadas de derecha que p\u00fablicamente se han comprometido con la reelecci\u00f3n de Uribe.<\/p>\n<p>El aniquilamiento del movimiento sindical y el arrasamiento de los derechos laborales<\/p>\n<p>No existe neoliberalismo sin mano de obra barata, y esta no se puede abaratar sin aniquilar el movimiento sindical o, en su defecto, convertirlo en colaboracionista. Desde la promulgaci\u00f3n de la Ley 50 de 1990 y la Constituci\u00f3n de 1991, el ordenamiento jur\u00eddico del pa\u00eds se ha estado adecuado para implementar este modelo. Medidas como las reformas laborales, de seguridad social y pensional, tributarias, de educaci\u00f3n, de servicios p\u00fablicos, la reestructuraci\u00f3n del Estado, las privatizaciones, entre otras, apuntan a rebajar la calidad de vida de la poblaci\u00f3n por la v\u00eda de abaratar la mano de obra y eliminar las obligaciones sociales del Estado.<\/p>\n<p>El objetivo de la globalizaci\u00f3n neoliberal es acabar la relaci\u00f3n laboral y para ello recurre al raponazo burdo o a medidas intermedias y soterradas que conduzcan a lo mismo, como las cooperativas de trabajo, el contrato sindical, la compra de acciones o democratizaci\u00f3n de las empresas, la subcontrataci\u00f3n, los talleres sat\u00e9lites, las famiempresas, entre otras. Todas estas formas implican la desaparici\u00f3n no solo del contrato individual de trabajo sino tambi\u00e9n de la negociaci\u00f3n colectiva, para imponer en su reemplazo el trabajo a destajo o por tareas y el contrato de servicios. Las cifras son reveladoras. De una poblaci\u00f3n econ\u00f3micamente activa de 18 millones, 11 millones son informales. De los 7 millones de empleos formales, solamente 3.9 tienen contrato de trabajo a t\u00e9rmino indefinido y de ellos, solamente 63 mil pudieron acceder a la negociaci\u00f3n colectiva en el 2004. La poblaci\u00f3n sindicalizada no alcanza el mill\u00f3n de personas. Adicionalmente las cifras de pobreza del pa\u00eds completan el desolador panorama que deja la aplicaci\u00f3n del modelo en materia de niveles de vida: 23 millones de pobres y 6 millones de indigentes.<\/p>\n<p>Los factores de violencia agravan mucho m\u00e1s la situaci\u00f3n. Solamente de la CUT han sido asesinados cerca de 300 dirigentes y activistas sindicales en los \u00faltimos tres a\u00f1os, asunto que por s\u00ed solo ilustra la ausencia de garant\u00edas democr\u00e1ticas y libertades sindicales. Hay regiones del pa\u00eds donde el reinado del terror ha proscrito cualquier expresi\u00f3n organizada de los trabajadores.<\/p>\n<p>Ante semejantes tropel\u00edas de los gobiernos, los patronos y los grupos de extrema derecha, las medidas de la OIT contra el gobierno colombiano han sido inocuas, por decir, lo menos.<\/p>\n<p>La unidad y la resistencia son el \u00fanico camino<\/p>\n<p>A la ofensiva neoliberal, los trabajadores colombianos han respondido con grandes manifestaciones de lucha y resistencia, e impulsado nuevas formas de aglutinamiento de los movimientos sociales y populares, como el Comando Nacional Unitario, la Gran Coalici\u00f3n Democr\u00e1tica, las organizaciones de usuarios de los servicios p\u00fablicos, el Comit\u00e9 de Lucha Contra el ALCA y TLC \u2013Recalca\u2013, en fin, lo que sigue prevaleciendo es el esp\u00edritu de lucha y de defensa de la naci\u00f3n ante la agresi\u00f3n imperialista. Tal comportamiento se ha logrado en franca controversia contra posiciones de vacilaci\u00f3n e inconsecuencia que eluden la confrontaci\u00f3n y se dejan entrampar por la invitaci\u00f3n a lo propositivo y concertado. De esas posturas result\u00f3 el pacto social, las cooperativas de trabajo asociado, el contrato sindical, la conversi\u00f3n de las deudas laborales en acciones de las empresas, entre otras. El tiempo se ha encargado de mostrar que esas propuestas conducen inevitablemente al abaratamiento de la mano de obra y a la p\u00e9rdida del car\u00e1cter reivindicativo de los sindicatos, que es su condici\u00f3n connatural.<\/p>\n<p>Por fortuna, las sublevaciones contra tan oprobiosas condiciones de explotaci\u00f3n empiezan a brotar. Los corteros de ca\u00f1a, los palmicultores, los portuarios, las madres comunitarias, han realizado huelgas, paros, bloqueos, marchas, contra tales formas de contrataci\u00f3n. Ese es el camino que ha de seguir el movimiento sindical para recobrar los derechos conculcados por el modelo neoliberal.<\/p>\n<p>Vientos de unidad<\/p>\n<p>La experiencia acumulada en m\u00e1s de una d\u00e9cada de lucha contra el modelo y la derrota propinada el a\u00f1o pasado al referendo uribista, han estimulado la b\u00fasqueda de unidad de los oprimidos, inicialmente para defender sus derechos m\u00e1s elementales y luego en el af\u00e1n de concretar una propuesta de largo aliento que permita recobrar la soberan\u00eda y la democracia conculcadas. Nos referimos al CNU, la GCD y Alternativa Democr\u00e1tica \u2013esta \u00faltima con la candidatura de Carlos Gaviria D\u00edaz a la Presidencia, como la m\u00e1s confiable carta de oposici\u00f3n a la reelecci\u00f3n uribista y al continuismo.<\/p>\n<p>La concreci\u00f3n de pronunciamientos y movilizaciones de distintos sectores sociales y productivos contra el TLC y el ALCA, la un\u00e1nime condena a la ley 100 en la salud y la proyecci\u00f3n de un gran movimiento por su derogatoria, as\u00ed como el rechazo cada vez mayor a la ley 142 en los servicios p\u00fablicos domiciliarios, propician un clima inigualable de unidad contra el imperialismo, sus pol\u00edticas y sus agentes en Colombia.<\/p>\n<p>El actual desarrollo de la lucha por la soberan\u00eda y la democracia, nos reclama los m\u00e1s grandes esfuerzos por la unidad de los trabajadores y la poblaci\u00f3n. Nuestra corriente sindical se empe\u00f1ar\u00e1 en cristalizar tan anhelado objetivo, en el entendido de que la unidad del movimiento sindical es prerrequisito para librar con \u00e9xito las batallas que demandan la independencia del pa\u00eds y la emancipaci\u00f3n de nuestra clase. Reclamamos de las dem\u00e1s opiniones y corrientes del movimiento sindical colombiano un ambiente democr\u00e1tico para debatir y dirimir las contradicciones que se presentan frente a su conducci\u00f3n.<\/p>\n<p>Es el esp\u00edritu que anima este evento del movimiento sindical y cuyo plan de trabajo se halla enrutado a coordinar nuestras fuerzas en todo el pa\u00eds y a fortalecer esta propuesta sindical y pol\u00edtica. Esperamos as\u00ed contribuir de manera m\u00e1s efectiva a la lucha por impedir la firma del TLC, derrotar la reelecci\u00f3n, recobrar los derechos de asociaci\u00f3n y contrataci\u00f3n, lograr una salida pol\u00edtica negociada al conflicto interno, propiciar acuerdos humanitarios, presionar una real ley de verdad, justicia y reparaci\u00f3n y contener la imposici\u00f3n del Estado comunitario y la seguridad democr\u00e1tica que conducen aceleradamente el pa\u00eds hacia el fascismo.<\/p>\n<p>Miguel A. Caro, Gloria I. Ram\u00edrez, Alfonso Vel\u00e1squez, Domingo Tovar, Tarsicio Rivera, Orlando Ospina, \u00c1lvaro Morales, Di\u00f3genes Orjuela, Gustavo Triana.<\/p>\n","protected":false},"excerpt":{"rendered":"<p>Contexto nacional e internacional El gobierno de \u00c1lvaro Uribe ha correspondido d\u00f3cilmente a todos los lineamientos econ\u00f3micos, pol\u00edticos y militares de su hom\u00f3logo de Estados Unidos, no solamente en Colombia, sino que se convirti\u00f3 en el m\u00e1s abyecto agente del imperialismo en esta parte del continente. Para los colombianos el asunto es doblemente calamitoso. Se [&hellip;]<\/p>\n","protected":false},"author":1,"featured_media":0,"comment_status":"open","ping_status":"open","sticky":false,"template":"","format":"standard","meta":{"advanced_seo_description":"","jetpack_seo_html_title":"","jetpack_seo_noindex":false,"_jetpack_memberships_contains_paid_content":false,"footnotes":""},"categories":[7],"tags":[],"class_list":["post-1151","post","type-post","status-publish","format-standard","hentry","category-pronunciamientos-de-organizaciones-sociales"],"jetpack_featured_media_url":"","jetpack-related-posts":[{"id":19651,"url":"https:\/\/moir.com.co\/web\/la-integracion-de-la-ctc-utc-la-debilidad-los-une\/","url_meta":{"origin":1151,"position":0},"title":"LA INTEGRACI\u00d3N DE LA CTC. UTC:  LA DEBILIDAD LOS UNE","author":"admin","date":"agosto 4, 2004","format":false,"excerpt":"Tulio Cuevas y Jos\u00e9 Raquel Mercado suscribieron el 22 de marzo, bajo la mirada complaciente de Pastrana Borrero que oficio de padrino, la integraci\u00f3n de la UTC y la CTC. Este acuerdo de unificaci\u00f3n org\u00e1nica no es sorprendente ya que solo refleja la comunidad de intereses de las directivas de\u2026","rel":"","context":"En \u00abTribuna Roja N\u00ba 07, abril 12 de 1972\u00bb","block_context":{"text":"Tribuna Roja N\u00ba 07, abril 12 de 1972","link":"https:\/\/moir.com.co\/web\/category\/tribuna-roja\/ediciones-1971-1974\/tribuna-roja-no-7-abril-12-de-1972\/"},"img":{"alt_text":"","src":"","width":0,"height":0},"classes":[]},{"id":19941,"url":"https:\/\/moir.com.co\/web\/documentos-del-proceso-unitario\/","url_meta":{"origin":1151,"position":1},"title":"DOCUMENTOS DEL PROCESO UNITARIO","author":"admin","date":"agosto 28, 2004","format":false,"excerpt":"Aprobado en Bogot\u00e1, el 3 de agosto de 1974. 1) AVANCEMOS UNIDOS HACIA UNA AUT\u00c9NTICA CENTRAL OBRERA, INDEPENDIENTE Y DEMOCR\u00c1TICA. 1973 se inici\u00f3 con la imposici\u00f3n de m\u00e1s medidas anti-populares de la oligarqu\u00eda gobernante que atentan y asaltan los intereses econ\u00f3micos y burlan los derechos democr\u00e1ticos de la clase obrera\u2026","rel":"","context":"En \u00abTribuna Roja N\u00ba 14, marzo 18 de 1975\u00bb","block_context":{"text":"Tribuna Roja N\u00ba 14, marzo 18 de 1975","link":"https:\/\/moir.com.co\/web\/category\/tribuna-roja\/ediciones-1975-1979\/tribuna-roja-no-14-marzo-18-de-1975\/"},"img":{"alt_text":"","src":"","width":0,"height":0},"classes":[]},{"id":19666,"url":"https:\/\/moir.com.co\/web\/el-pueblo-respondera-medida-por-medida\/","url_meta":{"origin":1151,"position":2},"title":"EL PUEBLO RESPONDER\u00c1 MEDIDA POR MEDIDA","author":"admin","date":"agosto 4, 2004","format":false,"excerpt":"La represi\u00f3n antipopular es una caracter\u00edstica propia de un Estado dirigido por los grandes terratenientes y la gran burgues\u00eda. El imperialismo norteamericano para imponer su estrategia y tener garant\u00edas para la inversi\u00f3n de sus capitales, controlar nuestras materias primas y obtener jugosos beneficios para sus empresas instaladas en territorio nacional,\u2026","rel":"","context":"En \u00abTribuna Roja N\u00ba 08, diciembre de 1972\u00bb","block_context":{"text":"Tribuna Roja N\u00ba 08, diciembre de 1972","link":"https:\/\/moir.com.co\/web\/category\/tribuna-roja\/ediciones-1971-1974\/tribuna-roja-no-8-diciembre-de-1972\/"},"img":{"alt_text":"","src":"","width":0,"height":0},"classes":[]},{"id":19677,"url":"https:\/\/moir.com.co\/web\/viva-la-unidad-de-la-clase-obrera\/","url_meta":{"origin":1151,"position":3},"title":"VIVA LA UNIDAD DE LA CLASE OBRERA","author":"admin","date":"agosto 4, 2004","format":false,"excerpt":"Cerca de un a\u00f1o lleva el proceso de discusi\u00f3n a nivel de las bases obreras sobre la unificaci\u00f3n de los sectores independientes del movimiento sindical colombiano. Fundamentalmente ha quedado resaltada la necesidad de combatir y aislar a las camarillas vendeobreras de UTC y CTC que, como voceras de la pol\u00edtica\u2026","rel":"","context":"En \u00abTribuna Roja N\u00ba 09, septiembre de 1973\u00bb","block_context":{"text":"Tribuna Roja N\u00ba 09, septiembre de 1973","link":"https:\/\/moir.com.co\/web\/category\/tribuna-roja\/ediciones-1971-1974\/tribuna-roja-no-9-septiembre-de-1973\/"},"img":{"alt_text":"","src":"","width":0,"height":0},"classes":[]},{"id":19585,"url":"https:\/\/moir.com.co\/web\/editorial-luchemos-por-una-politica-proletaria\/","url_meta":{"origin":1151,"position":4},"title":"Editorial: \u00a1luchemos por una pol\u00edtica proletaria!","author":"admin","date":"agosto 4, 2004","format":false,"excerpt":"Editorial: \u00a1luchemos por una pol\u00edtica proletaria! Editorial, Julio de 1971 LAS LUCHAS DEL PUEBLO COLOMBIANO Han sido muy variados y positivos los acontecimientos ocurridos en Colombia durante el primer semestre del a\u00f1o. La tendencia predominante es el auge de las luchas populares contra el imperialismo yanqui y sus aliados, la\u2026","rel":"","context":"En \u00abTribuna Roja N\u00ba 01, Julio de 1971\u00bb","block_context":{"text":"Tribuna Roja N\u00ba 01, Julio de 1971","link":"https:\/\/moir.com.co\/web\/category\/tribuna-roja\/ediciones-1971-1974\/tribuna-roja-no-1-julio-de-1971\/"},"img":{"alt_text":"","src":"","width":0,"height":0},"classes":[]},{"id":19598,"url":"https:\/\/moir.com.co\/web\/el-gobierno-la-mano-negra-y-los-mamertos-contra-el-movimiento-estudiantil-colombiano\/","url_meta":{"origin":1151,"position":5},"title":"EL GOBIERNO, LA MANO NEGRA Y LOS MAMERTOS CONTRA EL MOVIMIENTO ESTUDIANTIL COLOMBIANO","author":"admin","date":"agosto 4, 2004","format":false,"excerpt":"El primer semestre de 1971 registr\u00f3 el movimiento estudiantil m\u00e1s consciente y poderoso de toda la historia del pa\u00eds. Fueron seis meses de ininterrumpida lucha de la juventud colombiana. Las dos caracter\u00edsticas destacadas de este movimiento han sido la clara orientaci\u00f3n antiimperialista y la participaci\u00f3n masiva y valerosa de todos\u2026","rel":"","context":"En \u00abTribuna Roja N\u00ba 02, agosto de 1971\u00bb","block_context":{"text":"Tribuna Roja N\u00ba 02, agosto de 1971","link":"https:\/\/moir.com.co\/web\/category\/tribuna-roja\/ediciones-1971-1974\/tribuna-roja-no-2-agosto-de-1971\/"},"img":{"alt_text":"","src":"","width":0,"height":0},"classes":[]}],"jetpack_sharing_enabled":true,"_links":{"self":[{"href":"https:\/\/moir.com.co\/web\/wp-json\/wp\/v2\/posts\/1151","targetHints":{"allow":["GET"]}}],"collection":[{"href":"https:\/\/moir.com.co\/web\/wp-json\/wp\/v2\/posts"}],"about":[{"href":"https:\/\/moir.com.co\/web\/wp-json\/wp\/v2\/types\/post"}],"author":[{"embeddable":true,"href":"https:\/\/moir.com.co\/web\/wp-json\/wp\/v2\/users\/1"}],"replies":[{"embeddable":true,"href":"https:\/\/moir.com.co\/web\/wp-json\/wp\/v2\/comments?post=1151"}],"version-history":[{"count":0,"href":"https:\/\/moir.com.co\/web\/wp-json\/wp\/v2\/posts\/1151\/revisions"}],"wp:attachment":[{"href":"https:\/\/moir.com.co\/web\/wp-json\/wp\/v2\/media?parent=1151"}],"wp:term":[{"taxonomy":"category","embeddable":true,"href":"https:\/\/moir.com.co\/web\/wp-json\/wp\/v2\/categories?post=1151"},{"taxonomy":"post_tag","embeddable":true,"href":"https:\/\/moir.com.co\/web\/wp-json\/wp\/v2\/tags?post=1151"}],"curies":[{"name":"wp","href":"https:\/\/api.w.org\/{rel}","templated":true}]}}