{"id":1148,"date":"2005-04-13T07:00:00","date_gmt":"2005-04-13T07:00:00","guid":{"rendered":"https:\/\/moir.org.co\/web\/conclusiones-del-seminario-nacional-de-dirigentes-de-organizaciones-de-servicios-publicos\/"},"modified":"2005-04-13T07:00:00","modified_gmt":"2005-04-13T07:00:00","slug":"conclusiones-del-seminario-nacional-de-dirigentes-de-organizaciones-de-servicios-publicos","status":"publish","type":"post","link":"https:\/\/moir.com.co\/web\/conclusiones-del-seminario-nacional-de-dirigentes-de-organizaciones-de-servicios-publicos\/","title":{"rendered":"CONCLUSIONES DEL SEMINARIO NACIONAL DE DIRIGENTES DE ORGANIZACIONES DE SERVICIOS P\u00daBLICOS"},"content":{"rendered":"<p>Bogot\u00e1, marzo 11 de 2005<\/p>\n<p>El d\u00eda 11 de marzo de 2005, en la ciudad de Bogot\u00e1, se realiz\u00f3 el Seminario Nacional de Dirigentes de Organizaciones de Servicios P\u00fablicos, que cont\u00f3 con la participaci\u00f3n de 80 personas, representantes de diversos sectores sindicales, comunales y de usuarios de servicios. El presente documento consigna las conclusiones a las que se lleg\u00f3 en ese evento.<\/p>\n<p>1. LA REALIDAD DEL SECTOR DE SERVICIOS P\u00daBLICOS<\/p>\n<p>Al vislumbrar los cambios que se dar\u00edan en la prestaci\u00f3n de los servicios p\u00fablicos, por la aplicaci\u00f3n de la apertura econ\u00f3mica, las reformas de la Constituci\u00f3n del 91 y la expedici\u00f3n de las Leyes 142 y 143 de 1994, impuestas por el Fondo Monetario Internacional y por los partidarios del consenso de Washington, se crearon, a finales de 1994, las primeras ligas de usuarios.<\/p>\n<p>Tanto en las organizaciones de usuarios como en otras organizaciones sindicales y populares, y tras el an\u00e1lisis de las leyes, se comprendi\u00f3 que el neoliberalismo en el poder se propon\u00eda entregar al capital privado nacional y extranjero y, a menos precio, las empresas del Estado, incrementar las tarifas de los servicios, crear nuevas contribuciones para el sector comercial e industrial no-monopolista, reducir los subsidios para las capas medias y el pueblo, y elaborar nuevas f\u00f3rmulas para el c\u00e1lculo de las tarifas. Tambi\u00e9n la ley aprobaba la modificaci\u00f3n y extensi\u00f3n de la estratificaci\u00f3n que aplicaban las empresas en todo el pa\u00eds y reducciones en los \u201cconsumos b\u00e1sicos de subsistencia\u201d.<\/p>\n<p>La creaci\u00f3n de las comisiones de regulaci\u00f3n y de la superintendencia de servicios p\u00fablicos, y la certeza de que esta nueva pol\u00edtica, acogida sin reservas por los neoliberales, significaba que los servicios se convertir\u00edan en negocios, los usuarios en clientes y el patrimonio nacional se feriar\u00eda en las privatizaciones, nos llevaron a adelantar campa\u00f1as de educaci\u00f3n y explicaci\u00f3n de la Ley 142 y luchas contra el proceso que se iniciaba. Se promovi\u00f3, desde diversos escenarios, la resistencia civil y democr\u00e1tica a estas pol\u00edticas, enfrentando las medidas que desde los despachos oficiales se trazaban contra el pueblo.<\/p>\n<p>Once a\u00f1os despu\u00e9s, podemos hacer un balance sobre los resultados pr\u00e1cticos de la aplicaci\u00f3n de la pol\u00edtica de privatizaci\u00f3n en los servicios p\u00fablicos domiciliarios, y afirmar, sin lugar a equ\u00edvocos, que quienes nos opusimos, ten\u00edamos la raz\u00f3n.<\/p>\n<p>Los argumentos con los cuales se convenci\u00f3 a las mayor\u00edas se basaron en tres mentiras: que los servicios p\u00fablicos estaban en manos de monopolios estatales ineficientes; que las tarifas de prestaci\u00f3n del servicio eran costosas y su cobertura reducida por la falta de \u201ccompetencia\u201d en el mercado, y que, sobre todo, las empresas p\u00fablicas eran nidos de corrupci\u00f3n y politiquer\u00eda. Se argumentaba tambi\u00e9n, como lo siguen afirmando, que la culpa era de las prestaciones sociales de los trabajadores y de las prebendas. \u201cEs que ganan mucho\u201d, dec\u00edan.<\/p>\n<p>Que por lo tanto lo que hab\u00eda que hacer era entregar las empresas al capital privado, independientemente de que fuera nacional o extranjero, y abrir el mercado de prestaci\u00f3n de los servicios p\u00fablicos a la \u201ccompetencia\u201d, lo que llevar\u00eda a la ampliaci\u00f3n de la cobertura, el mejoramiento de la calidad en el servicio y tarifas menos costosas para los usuarios. Sosten\u00edan, adem\u00e1s, que deb\u00edan desarrollarse pol\u00edticas de \u201cflexibilizaci\u00f3n de la mano de obra\u201d, es decir, reducir los salarios, acabar las convenciones colectivas, recortar las prestaciones sociales, implementar los contratos sindicales y las cooperativas de trabajo asociado. En pocas palabras, desmejorar las condiciones de vida de los trabajadores del sector. Y hac\u00edan \u00e9nfasis en que como por arte de magia, se acabar\u00edan la corrupci\u00f3n y la politiquer\u00eda gracias a la presencia del capital privado en la propiedad, control y manejo de las empresas.<\/p>\n<p>Sobre la base de esas consideraciones, a todas luces falsas, arranc\u00f3 el proceso de privatizaci\u00f3n de las empresas. Para garantizar utilidades y adecuadas tasas de ganancia y retorno de los capitales para los inversionistas privados, se elaboraron las nuevas formulas tarifarias que se impondr\u00edan a los colombianos y se fijaron los procesos de valoraci\u00f3n de los activos estatales sobre la base de los llamados \u201cflujos de caja\u201d, una manera de feriar, a menos precio, la propiedad p\u00fablica.<\/p>\n<p>De los tres \u201cpostulados\u201d b\u00e1sicos, que a\u00fan repite sin verg\u00fcenza la burgues\u00eda neoliberal, el balance es catastr\u00f3fico. Los monopolios p\u00fablicos se perdieron en detrimento del patrimonio nacional y lo que hoy tenemos son poderosos monopolios privados que extorsionan a los usuarios. Las tarifas son proporcionalmente m\u00e1s elevadas que antes, y la cobertura y la calidad se diluyen en los abrumadores cortes del servicio. Y al aplicar la flexibilizaci\u00f3n laboral lo que lograron fue, que los trabajadores se empobrecieran m\u00e1s y las utilidades de los monopolios fueran mayores. Y nunca, la corrupci\u00f3n y la politiquer\u00eda hicieron tantos desmanes contra los bienes estatales, como en estos a\u00f1os.<\/p>\n<p>Durante el gobierno de Uribe V\u00e9lez, la situaci\u00f3n empeora. Las pol\u00edticas aprobadas por las mayor\u00edas gobiernistas en el Plan de Desarrollo, s\u00f3lo son \u201cm\u00e1s de lo mismo\u201d. Hay mayores recortes en los consumos b\u00e1sicos de subsistencia, m\u00e1s alzas en las tarifas, nueva estratificaci\u00f3n contra los sectores populares y m\u00e1s privatizaciones. Adem\u00e1s, se implementan los fondos de capitalizaci\u00f3n social, como el de Emcali, las \u201cempresas de energ\u00eda social\u201d y las zonas especiales. Se fraccionan los mercados, entregando los subsidios a las grandes empresas, como Electrocosta, Electricaribe, Emgesa y Codensa, al tiempo que se recortan los mismos para los usuarios m\u00e1s pobres.<\/p>\n<p>Este gobierno pone el \u00e9nfasis de su pol\u00edtica en servicios p\u00fablicos, en la entrega del agua y los sistemas de acueducto y alcantarillado al capital privado; transnacionales como Aguas de Barcelona, Aguas de Roma, Dragados de Espa\u00f1a y la francesa Aguas de Lyon se toman el sector. Por medio de las concesiones se delega la administraci\u00f3n y se garantiza la utilidad del privado, mientras que la inversi\u00f3n en infraestructura de redes queda en manos del Estado. Al mismo tiempo, se tramita la entrega de los p\u00e1ramos, parques naturales y fuentes de agua a los monopolios. La Ley del Agua, la de P\u00e1ramos y la de Parques Naturales, constituyen el marco propicio para otorgar estos recursos vitales y convertirlos en simples mercanc\u00edas, feriar la biodiversidad y volver negocio la naturaleza.<\/p>\n<p>De otra parte, por medio de varias leyes, decretos y resoluciones, se vuelve invivible la vida de los usuarios: aumentan los cortes del servicio, se promueven embargos y hasta remates de las viviendas de los usuarios morosos, se amenaza con c\u00e1rcel el no pago y, sin consideraci\u00f3n alguna, se obliga a pagar un alumbrado p\u00fablico que en muchas ocasiones ni prestan. Imponen contadores comunitarios y sistemas prepago. Hasta los acueductos veredales est\u00e1n amenazados. Y, como si fuera poco, se elevan los aval\u00faos catastrales y el impuesto predial.<\/p>\n<p>Y como recias han sido las medidas contra los usuarios, laxas lo han sido para las empresas privadas extranjeras que han ingresado al sector. Por iniciativa propia o como continuaci\u00f3n de pol\u00edticas anteriores, este gobierno permite que las empresas acaben apropi\u00e1ndose de los recursos de la Ley de Regal\u00edas para cubrir la deuda de los municipios con las electrificadoras. Respalda decisiones de descapitalizaci\u00f3n de las empresas con el fin de retornar a sus casas matrices la inversi\u00f3n inicial realizada, como el caso de Endesa en Bogot\u00e1, que mediante este mecanismo, logr\u00f3 el pronto retorno del capital invertido. Adem\u00e1s de esto, propicia que los contratos de venta energ\u00eda \u2013PPA- se sostengan con cargo a los usuarios; define las f\u00f3rmulas tarifarias con el criterio de elevar las tasas de retorno de los inversionistas, y autoriza a las empresas para que incrementen sus ingresos a trav\u00e9s del cobro de la revisi\u00f3n de las instalaciones internas y externas de las viviendas y comercios de los usuarios, implementado por medio de la aplicaci\u00f3n del RETIE \u2013Reglamento T\u00e9cnico de Instalaciones El\u00e9ctricas- (Resoluci\u00f3n 180398 de 2004).<\/p>\n<p>Las transnacionales se ense\u00f1orean sobre la faz de Colombia, con el benepl\u00e1cito del gobierno nacional. Y frente a todo esto, las comisiones de regulaci\u00f3n aplauden y la Superintendencia de Servicios P\u00fablicos Domiciliarios, se convierte en rey de burlas de los usuarios y en marioneta de las empresas.<\/p>\n<p>No obstante esta realidad, y a pesar del empobrecimiento generalizado de la poblaci\u00f3n, quienes gobiernan, insisten en las pol\u00edticas de apertura y privatizaci\u00f3n y quieren llevarlas a su m\u00e1xima expresi\u00f3n por medio de la suscripci\u00f3n de los tratados de libre comercio. Ante tama\u00f1o desafuero, no s\u00f3lo tenemos que continuar con nuestra lucha, sino que es necesario, por tanto, atender los nuevos desarrollos de la arremetida de los Estados Unidos y la burgues\u00eda neoliberal en contra de nuestra naci\u00f3n, en especial el que se relaciona con enfrentar el ALCA y el Tratado de Libre Comercio -TLC-.<\/p>\n<p>La lectura y an\u00e1lisis de los documentos del TLC permiten concluir que los servicios ser\u00e1n sometidos aun m\u00e1s a los intereses de las multinacionales, convertidos en negocios y privatizados totalmente. Recibir\u00e1n los monopolios extranjeros y los inversionistas del capital financiero, todos los beneficios derivados del cap\u00edtulo de inversiones del TLC y como se supone que estar\u00e1n en \u201clibre competencia\u201d, las empresas estatales no \u201cpodr\u00e1n contar con subsidios o apoyos oficiales\u201d porque ser\u00eda \u201ccompetencia desleal\u201d.<\/p>\n<p>Los gobiernos no podr\u00e1n exigirle nada a las multinacionales porque \u00e9stas estar\u00e1n sujetas a una legislaci\u00f3n internacional, con tribunales de arbitramento para la soluci\u00f3n de conflictos, los cuales, de acuerdo con el cap\u00edtulo de \u201cpol\u00edticas de competencia\u201d, estar\u00e1n en manos de las grandes corporaciones. Los monopolios jugar\u00e1n como quieran en el mercado y no podr\u00e1n ser objeto de procesos de expropiaci\u00f3n o nacionalizaci\u00f3n; adem\u00e1s, si por problemas de orden p\u00fablico llegaren a sufrir da\u00f1os en sus instalaciones, ser\u00e1n indemnizados y el Estado se ver\u00e1 obligado a resarcirlos en su patrimonio.<\/p>\n<p>La estrategia de las multinacionales ser\u00e1 convertir en nuevos \u201cmercados\u201d todos los servicios p\u00fablicos incluyendo saneamiento b\u00e1sico, comunicaciones, manejo y tratamiento del agua, la producci\u00f3n, transporte y distribuci\u00f3n de las fuentes de energ\u00eda, la recolecci\u00f3n y tratamiento de las basuras, lo que les permitir\u00e1 desarrollar y fortalecer sus poderosos monopolios para que impongan condiciones de mercado favorables a sus intereses. Para lograrlo, exigen libre acceso al mercado colombiano, libre operaci\u00f3n, eliminaci\u00f3n de cualquier tipo de regulaci\u00f3n, y trato nacional, as\u00ed no tengan presencia en nuestro territorio.<\/p>\n<p>De esta manera, el imperio norteamericano aspira, como lo se\u00f1alan con franqueza sus agentes, a convertir a Colombia en un mercado para sus bienes, capitales y empresas de servicios, donde pueda actuar libre de aranceles y libre, sobre todo, de soberan\u00eda nacional, y donde sea posible hacer negocios, garantizar sus inversiones, proteger sus capitales y explotar una mano de obra barata.<\/p>\n<p>As\u00ed las cosas, y urgidas por la idea y la necesidad de construir una organizaci\u00f3n nacional de usuarios de servicios p\u00fablicos, desde hace varios meses, diversas organizaciones del sector venimos trabajando para encontrar los lineamientos b\u00e1sicos de un acuerdo que permita aglutinar, en una coordinadora nacional, la mayor cantidad de ligas, comit\u00e9s, asociaciones, sindicatos, ONG\u2019s y centros de investigaci\u00f3n, que defiendan los intereses de los usuarios de servicios p\u00fablicos.<\/p>\n<p>En b\u00fasqueda de este objetivo, los usuarios, las asociaciones, las ligas, las organizaciones sindicales y las ONG\u2019s que persiguen la unidad, nos reunimos hoy en este evento para, por un lado, presentar los an\u00e1lisis y puntos de vista de las diferentes fuerzas sobre los problemas del sector, y por el otro, acordar tareas y acciones de resistencia que promuevan la lucha unificada.<\/p>\n<p>2. PROPUESTA DE PROGRAMA, METODOS DE LUCHA Y NORMAS DE FUNCIONAMIENTO<\/p>\n<p>Teniendo en cuenta las consideraciones sobre la realidad del sector, cuyo nefasto estado es producto de las pol\u00edticas desarrolladas a partir de la modificaci\u00f3n constitucional de 1991 y la expedici\u00f3n de las leyes 142 y 143 de 1994, de las reformatorias de las anteriores y de los decretos reglamentarios, proponemos, para su estudio y discusi\u00f3n, el siguiente programa y m\u00e9todos de lucha, y normas de funcionamiento.<\/p>\n<p>2.1 PROGRAMA<\/p>\n<p>1. Promover la resistencia civil y popular ante las pol\u00edticas de apertura y privatizaci\u00f3n, y ante el Tratado de Libre Comercio -TLC- con los Estados Unidos y el ALCA, porque significan la entrega de nuestras empresas y recursos naturales, y la p\u00e9rdida total de nuestra soberan\u00eda nacional.<\/p>\n<p>2. Exigir la eliminaci\u00f3n de los art\u00edculos 365 a 370 de la Constituci\u00f3n Nacional y la derogatoria de las leyes 142 y 143 de 1994, y luchar porque la pol\u00edtica estatal de servicios p\u00fablicos se defina de manera soberana y libre de las imposiciones del Fondo Monetario Internacional.<\/p>\n<p>3. Luchar por la defensa de la propiedad y el car\u00e1cter estatal de las empresas de servicios p\u00fablicos y contra la privatizaci\u00f3n parcial o total de las mismas. Porque cese de manera inmediata el proceso de desmembraci\u00f3n de las empresas del sector y por la reversi\u00f3n de las privatizaciones realizadas. Y por la no escisi\u00f3n ni descapitalizaci\u00f3n de las empresas p\u00fablicas que prestan los servicios de manera integral.<\/p>\n<p>4. Por una legislaci\u00f3n nacional que defina a las empresas de servicios p\u00fablicos como entidades cuya funci\u00f3n esencial sea la prestaci\u00f3n estatal de los servicios, con calidad y amplia cobertura y altamente subsidiados.<\/p>\n<p>5. Porque los servicios p\u00fablicos domiciliarios se conviertan en derechos fundamentales de los colombianos, tengan car\u00e1cter estatal y acceso universal.<\/p>\n<p>6. Porque el agua y dem\u00e1s recursos naturales relacionados con la generaci\u00f3n y prestaci\u00f3n de servicios p\u00fablicos domiciliarios, sean bienes inalienables del pueblo colombiano e indelegables en su administraci\u00f3n y operaci\u00f3n.<\/p>\n<p>Para desarrollar la lucha por este programa general, y propiciar la comprensi\u00f3n y movilizaci\u00f3n de las gentes frente a los m\u00e1s lesivos efectos de las pol\u00edticas aplicadas a partir de la d\u00e9cada del noventa, promoveremos acciones:<\/p>\n<p>\u2022 Contra el alto costo de las tarifas de los servicios p\u00fablicos y por el mantenimiento y desarrollo de fuertes subsidios oficiales para su sostenimiento, ampliaci\u00f3n y mejoramiento. Y contra el sistema prepago y la reducci\u00f3n de los consumos b\u00e1sicos de subsistencia.<\/p>\n<p>\u2022 Contra la estratificaci\u00f3n aprobada por el Departamento Nacional de Planeaci\u00f3n y el DANE para los sectores residenciales, urbanos y rurales, y por la elaboraci\u00f3n de una pol\u00edtica tarifaria acorde con la realidad socioecon\u00f3mica de los hogares colombianos.<\/p>\n<p>\u2022 Por un sistema tarifario que proteja la producci\u00f3n industrial y agropecuaria no monopolista, y a los peque\u00f1os y medianos comerciantes; y porque los comercios e industrias caseras paguen tarifas de sector residencial, de acuerdo con sus ingresos.<\/p>\n<p>\u2022 Por el no cobro de servicios p\u00fablicos para instituciones sin \u00e1nimo de lucro, tales como escuelas, hospitales, iglesias, asociaciones comunales, sindicatos, restaurantes comunitarios, ancianatos, jardines comunitarios y hogares de Bienestar Familiar, parques y centros recreativos populares, entre otros.<\/p>\n<p>\u2022 Por la eliminaci\u00f3n del Cargo Fijo para todos los usuarios, limitando los cobros a lo estrictamente consumido, sin que esto incremente el costo b\u00e1sico de la tarifa o unidad de consumo.<\/p>\n<p>\u2022 Porque el gobierno nacional asuma la prestaci\u00f3n del servicio de alumbrado p\u00fablico, sin costo alguno para los municipios y los usuarios. Y porque los recursos para saneamiento b\u00e1sico y electrificaci\u00f3n rural que la naci\u00f3n transfiere a los municipios, sean manejados por \u00e9stos y no por las empresas.<\/p>\n<p>\u2022 Por el mantenimiento y fortalecimiento de TELECOM, EMCALI, EPM, ETB, COLOMBIA MOVIL-OLA y dem\u00e1s empresas estatales de telefon\u00eda. Y por el mantenimiento y fortalecimiento de todas las empresas estatales, nacionales, regionales o locales, de energ\u00eda, acueducto y alcantarillado, gas domiciliario y aseo.<\/p>\n<p>\u2022 Porque no se utilice la estratificaci\u00f3n como un pretexto para elevar los cobros en salud, educaci\u00f3n e impuesto predial.<\/p>\n<p>\u2022 Por elevados subsidios en la prestaci\u00f3n de servicios p\u00fablicos en los Distritos de Riego, y por la eliminaci\u00f3n de los pagos m\u00ednimos en los beneficiaderos de caf\u00e9, trapiches paneleros y dem\u00e1s actividades agroindustriales, limitando el cobro a lo estrictamente consumido.<\/p>\n<p>\u2022 Contra los proyectos de Ley de P\u00e1ramos, de Agua y de Parques Naturales, que hacen tr\u00e1mite en el Congreso de la Rep\u00fablica.<\/p>\n<p>\u2022 Por la anulaci\u00f3n del documento CONPES 3281 de abril 17 de 2004, y por la eliminaci\u00f3n de la Ley 812, sus decretos reglamentarios y la Resoluci\u00f3n 2588.<\/p>\n<p>2.2 M\u00c9TODOS DE LUCHA<\/p>\n<p>1. La organizaci\u00f3n nacional de usuarios de servicios p\u00fablicos domiciliarios que se constituya ser\u00e1 una organizaci\u00f3n democr\u00e1tica que lucha por la defensa del inter\u00e9s nacional y los derechos de la poblaci\u00f3n, contra la arremetida privatizadora oficial y de los monopolios nacionales y extranjeros.<\/p>\n<p>2. Para desarrollar con \u00e9xito las tareas y alcanzar los objetivos propuestos en el programa, tendr\u00e1 que educar, organizar y movilizar a la casi totalidad de los usuarios del pa\u00eds, y enfrentar los ataques, calumnias y tergiversaciones de quienes no entienden la grave situaci\u00f3n que padecen las gentes, y rebatir los argumentos de quienes se dedican a repetir las falsas afirmaciones de la banca internacional.<\/p>\n<p>3. Todas las actividades que desarrolle en procura del bien com\u00fan, las realizar\u00e1 sobre la base del apoyo, absolutamente voluntario, que le brinde la poblaci\u00f3n nacional y las organizaciones que la respaldan.<\/p>\n<p>4. Adem\u00e1s de la convocatoria de marchas, desfiles, plantones, apagones, paros c\u00edvicos y otros mecanismos de protesta civilizada, utilizar\u00e1 todos los recursos legales y jur\u00eddicos -acci\u00f3n de tutela, derecho de petici\u00f3n, acciones populares, consultas, referendos, presentaci\u00f3n de leyes y actos legislativos de iniciativa popular-, y todo, sobre la base de privilegiar la educaci\u00f3n, organizaci\u00f3n y movilizaci\u00f3n de los usuarios.<\/p>\n<p>2.3 NORMAS DE FUNCIONAMIENTO<\/p>\n<p>La organizaci\u00f3n nacional de usuarios que se constituya despu\u00e9s de un proceso de discusi\u00f3n y aprobaci\u00f3n de su programa y m\u00e9todos de lucha en el Congreso Nacional, se guiar\u00e1 por las siguientes normas de funcionamiento:<\/p>\n<p>1. Podr\u00e1n hacer parte todas las organizaciones no gubernamentales, sindicatos, ligas, comit\u00e9s, asociaciones, personas naturales y jur\u00eddicas que est\u00e9n de acuerdo con su programa y m\u00e9todos de lucha, independientemente del credo religioso, el color de la piel, el sexo y la pol\u00edtica partidista.<\/p>\n<p>2. Los integrantes, naturales y jur\u00eddicos, de la organizaci\u00f3n nacional de usuarios, conservar\u00e1n su independencia organizativa, administrativa y financiera.<\/p>\n<p>3. Las tareas y acciones que defina la organizaci\u00f3n nacional de usuarios, ser\u00e1n el resultado de las decisiones que por consenso o por acuerdo tomen sus organismos de direcci\u00f3n nacional, regional y local, al igual que los congresos y encuentros. Las decisiones tambi\u00e9n se podr\u00e1n tomar por la mayor\u00eda de las organizaciones afiliadas, pero en todos los casos se respetar\u00e1 el programa acordado, los m\u00e9todos de lucha y las normas de funcionamiento.<\/p>\n<p>Finalmente, hay varias propuestas de nombre para la organizaci\u00f3n que constituyamos: Coordinadora Nacional de Usuarios de Servicios P\u00fablicos, Uni\u00f3n Nacional de Usuarios y Asociaci\u00f3n Nacional de Usuarios, pero se acord\u00f3 que esto se defina en el Congreso Nacional de julio 21 y 22 de 2005.<\/p>\n<p>Bogot\u00e1, Marzo 11 de 2005.<\/p>\n<p>Organizaciones participantes de acuerdo con el listado de asistencia.<\/p>\n<p>Ligas de Usuarios de Manizales y Caldas<br \/>\nComit\u00e9 Popular de Usuarios de Manizales y Villamar\u00eda<br \/>\nConfederaci\u00f3n de Consumidores de Colombia<br \/>\nLiga de Usuarios de Servicios P\u00fablicos de Bogot\u00e1<br \/>\nLiga de Usuarios de Valledupar<br \/>\nUni\u00f3n Cesarense de Usuarios de Servicios p\u00fablicos<br \/>\nLiga de Usuarios de Servicios P\u00fablicos de Cartagena<br \/>\nLiga de Usuarios de Servicios P\u00fablicos de Bucaramanga<br \/>\nLiga de Consumidores de Florencia, Caquet\u00e1<br \/>\nCoordinadora Distrital de Usuarios<br \/>\nLigas de Usuarios de Armenia y Quind\u00edo<br \/>\nLiga de Usuarios de Villeta<br \/>\nLigas de Usuarios de La Dorada y el Magdalena Medio<br \/>\nLigas de Usuarios de Buenaventura, Valle<br \/>\nComit\u00e9 Ciudadano de Usuarios de Servicios P\u00fablicos de Cali<br \/>\nAsociaci\u00f3n Antioque\u00f1a de Usuarios de Servicios P\u00fablicos<br \/>\nComit\u00e9 Amor por Cartago<br \/>\nGrupo Ecol\u00f3gico de Risaralda<br \/>\nAsociaci\u00f3n de Usuarios de Servicios P\u00fablicos de Neiva y Huila<br \/>\nComit\u00e9 de Desarrollo y Control Social de Pitalito, Huila<br \/>\nLigas de Usuarios del Tolima<br \/>\nAsociaci\u00f3n de Usuarios de Servicios P\u00fablicos de Tunja -ASERTUNJA-<br \/>\nAsociaci\u00f3n de Usuarios de Popay\u00e1n<br \/>\nMovimiento Comunal<br \/>\nAsociaci\u00f3n de Usuarios de Servicios P\u00fablicos de Bosa<br \/>\nLigas de Usuarios de Pereira y Risaralda<br \/>\nFederaci\u00f3n Distrital de Acci\u00f3n Comunal de Barranquilla<br \/>\nUni\u00f3n de Usuarios de Servicios P\u00fablicos del Caqueta<br \/>\nCoordinadora de Usuarios de Servicios P\u00fablicos de Antioquia<br \/>\nConfederaci\u00f3n Nacional de Vocales de Control<br \/>\nConsumidores Colombia -COCO-, Medell\u00edn<br \/>\nAlianza por Servicios Esenciales Dignos, Medell\u00edn<br \/>\nONG Censat Aguaviva<br \/>\nSintratel\u00e9fonos<br \/>\nSinalserpub<br \/>\nSintraemdes Directiva Nacional, Subdirectivas Bogot\u00e1, Cartagena, Bucaramanga, Sincelejo, Medell\u00edn,<br \/>\nSintraelecol Manizales y Caldas, Gachet\u00e1<br \/>\nSintravidricol<\/p>\n","protected":false},"excerpt":{"rendered":"<p>Bogot\u00e1, marzo 11 de 2005 El d\u00eda 11 de marzo de 2005, en la ciudad de Bogot\u00e1, se realiz\u00f3 el Seminario Nacional de Dirigentes de Organizaciones de Servicios P\u00fablicos, que cont\u00f3 con la participaci\u00f3n de 80 personas, representantes de diversos sectores sindicales, comunales y de usuarios de servicios. El presente documento consigna las conclusiones a [&hellip;]<\/p>\n","protected":false},"author":1,"featured_media":0,"comment_status":"open","ping_status":"open","sticky":false,"template":"","format":"standard","meta":{"advanced_seo_description":"","jetpack_seo_html_title":"","jetpack_seo_noindex":false,"_jetpack_memberships_contains_paid_content":false,"footnotes":""},"categories":[7],"tags":[],"class_list":["post-1148","post","type-post","status-publish","format-standard","hentry","category-pronunciamientos-de-organizaciones-sociales"],"jetpack_featured_media_url":"","jetpack-related-posts":[{"id":20750,"url":"https:\/\/moir.com.co\/web\/con-gran-animo-unitario-avanza-organizacion-de-los-usuarios-de-los-servicios-publicos\/","url_meta":{"origin":1148,"position":0},"title":"CON GRAN \u00c1NIMO UNITARIO AVANZA ORGANIZACI\u00d3N DE LOS USUARIOS DE LOS SERVICIOS P\u00daBLICOS","author":"admin","date":"marzo 2, 2005","format":false,"excerpt":"Por Oscar Guti\u00e9rrez Reyes Urgidas por la idea y la necesidad de construir una organizaci\u00f3n nacional de usuarios de servicios p\u00fablicos, diversas organizaciones del sector vienen trabajando desde hace varios meses para encontrar los lineamientos b\u00e1sicos de un acuerdo que permita aglutinar, en una coordinadora nacional, la mayor cantidad de\u2026","rel":"","context":"En \u00abTribuna Roja N\u00ba 99, marzo 10 de 2005\u00bb","block_context":{"text":"Tribuna Roja N\u00ba 99, marzo 10 de 2005","link":"https:\/\/moir.com.co\/web\/category\/tribuna-roja\/ediciones-2005-2009\/tribuna-roja-no-99-marzo-10-de-2005\/"},"img":{"alt_text":"","src":"","width":0,"height":0},"classes":[]},{"id":20740,"url":"https:\/\/moir.com.co\/web\/exitoso-seminario-de-la-gran-coalicion-democratica\/","url_meta":{"origin":1148,"position":1},"title":"EXITOSO SEMINARIO DE LA GRAN COALICI\u00d3N DEMOCR\u00c1TICA","author":"admin","date":"marzo 2, 2005","format":false,"excerpt":"Durante los d\u00edas 4 y 5 de marzo, la Gran Coalici\u00f3n Democr\u00e1tica realiz\u00f3 en el Hotel del Parque de Bogot\u00e1 su primer seminario nacional de construcci\u00f3n pro\u00adgram\u00e1tica, con la asistencia de m\u00e1s de m\u00e1s de trescientos dirigentes de las distintas organizaciones que la conforman. El seminario, instalado por el compa\u00f1ero\u2026","rel":"","context":"En \u00abTribuna Roja N\u00ba 99, marzo 10 de 2005\u00bb","block_context":{"text":"Tribuna Roja N\u00ba 99, marzo 10 de 2005","link":"https:\/\/moir.com.co\/web\/category\/tribuna-roja\/ediciones-2005-2009\/tribuna-roja-no-99-marzo-10-de-2005\/"},"img":{"alt_text":"","src":"","width":0,"height":0},"classes":[]},{"id":1185,"url":"https:\/\/moir.com.co\/web\/convocatoria-del-congreso-nacional-de-usuarios-y-defensores-de-los-servicios-publicos-domiciliarios\/","url_meta":{"origin":1148,"position":2},"title":"CONVOCATORIA DEL CONGRESO NACIONAL DE USUARIOS Y DEFENSORES DE LOS SERVICIOS PUBLICOS DOMICILIARIOS","author":"admin","date":"mayo 26, 2005","format":false,"excerpt":"Bogot\u00e1, junio 4 de 2005 CONGRESO NACIONAL DE USUARIOS Y DEFENSORES DE LOS SERVICIOS PUBLICOS DOMICILIARIOS CORREOS: congresosp@yahoo.com, ligausuarios@telecom.com.co, presidencia@cut.org.co BOGOTA, 21 \u2013 22 JULIO DE 2005 1. JUSTIFICACI\u00d3N: Durante los d\u00edas 21 y 22 de julio de 2005, se llevar\u00e1 a cabo en Bogot\u00e1 D.C., el Primer Congreso Nacional\u2026","rel":"","context":"En \u00abPronunciamientos de Organizaciones Sociales\u00bb","block_context":{"text":"Pronunciamientos de Organizaciones Sociales","link":"https:\/\/moir.com.co\/web\/category\/pronunciamientos-de-organizaciones-sociales\/"},"img":{"alt_text":"","src":"","width":0,"height":0},"classes":[]},{"id":1071,"url":"https:\/\/moir.com.co\/web\/avanza-proceso-de-organizacion-de-los-usuarios-de-servicios-publicos\/","url_meta":{"origin":1148,"position":3},"title":"AVANZA PROCESO DE ORGANIZACI\u00d3N DE LOS USUARIOS DE SERVICIOS P\u00daBLICOS","author":"admin","date":"noviembre 22, 2004","format":false,"excerpt":"Cali, noviembre 25 de 2004 Convocado por la Internacional de Servicios P\u00fablicos -ISP-, el Sindicato de Trabajadores de Emcali \u2013Sintraemcali-, el Sindicato de Trabajadores de Emsirva -Sintraemsirva-, el Sindicato De Trabajadores Y Empleados De Servicios P\u00fablicos, Corporaciones Aut\u00f3nomas, Institutos Descentralizados Y Territoriales De Colombia \u2013Sintraemsdes-, el Movimiento de Usuarios Financieros\u2026","rel":"","context":"En \u00abPronunciamientos de Organizaciones Sociales\u00bb","block_context":{"text":"Pronunciamientos de Organizaciones Sociales","link":"https:\/\/moir.com.co\/web\/category\/pronunciamientos-de-organizaciones-sociales\/"},"img":{"alt_text":"","src":"","width":0,"height":0},"classes":[]},{"id":1039,"url":"https:\/\/moir.com.co\/web\/encuentro-nacional-lucha-popular-y-servicios-publicos-conclusiones-preliminares\/","url_meta":{"origin":1148,"position":4},"title":"ENCUENTRO NACIONAL: LUCHA POPULAR Y SERVICIOS P\u00daBLICOS. CONCLUSIONES PRELIMINARES","author":"admin","date":"octubre 9, 2004","format":false,"excerpt":"El 14 y 15 de 0ctubre de 2004 se realiz\u00f3 en Medell\u00edn el Encuentro Nacional Lucha Popular y Servicios P\u00fablicos. Los objetivos del encuentro fueron compartir experiencias de Lucha Popular en materia de servicios p\u00fablicos domiciliarios y favorecer la construcci\u00f3n de una agenda y programa nacional, sin desconocer las especificidades\u2026","rel":"","context":"En \u00abPronunciamientos de Organizaciones Sociales\u00bb","block_context":{"text":"Pronunciamientos de Organizaciones Sociales","link":"https:\/\/moir.com.co\/web\/category\/pronunciamientos-de-organizaciones-sociales\/"},"img":{"alt_text":"","src":"","width":0,"height":0},"classes":[]},{"id":21150,"url":"https:\/\/moir.com.co\/web\/servicios-publicos-domiciliarios-deben-ser-derechos-fundamentales\/","url_meta":{"origin":1148,"position":5},"title":"SERVICIOS P\u00daBLICOS DOMICILIARIOS DEBEN SER DERECHOS FUNDAMENTALES","author":"admin","date":"agosto 21, 2005","format":false,"excerpt":"Tribuna Roja En Bogot\u00e1, el 21 y 22 de julio, se reuni\u00f3 el Primer Congreso Nacional de Usuarios y Defensores de los Servicios P\u00fablicos Domiciliarios. M\u00e1s de 1.400 delegados, de varios centenares de organizaciones de usuarios, sindicales, comunales, ambientales, ONG y centros de investigaci\u00f3n, dedicaron estos dos d\u00edas al estudio,\u2026","rel":"","context":"En \u00abTribuna Roja N\u00ba 100, septiembre 1 de 2005\u00bb","block_context":{"text":"Tribuna Roja N\u00ba 100, septiembre 1 de 2005","link":"https:\/\/moir.com.co\/web\/category\/tribuna-roja\/ediciones-2005-2009\/tribuna-roja-no-100-septiembre-1-de-2005\/"},"img":{"alt_text":"","src":"","width":0,"height":0},"classes":[]}],"jetpack_sharing_enabled":true,"_links":{"self":[{"href":"https:\/\/moir.com.co\/web\/wp-json\/wp\/v2\/posts\/1148","targetHints":{"allow":["GET"]}}],"collection":[{"href":"https:\/\/moir.com.co\/web\/wp-json\/wp\/v2\/posts"}],"about":[{"href":"https:\/\/moir.com.co\/web\/wp-json\/wp\/v2\/types\/post"}],"author":[{"embeddable":true,"href":"https:\/\/moir.com.co\/web\/wp-json\/wp\/v2\/users\/1"}],"replies":[{"embeddable":true,"href":"https:\/\/moir.com.co\/web\/wp-json\/wp\/v2\/comments?post=1148"}],"version-history":[{"count":0,"href":"https:\/\/moir.com.co\/web\/wp-json\/wp\/v2\/posts\/1148\/revisions"}],"wp:attachment":[{"href":"https:\/\/moir.com.co\/web\/wp-json\/wp\/v2\/media?parent=1148"}],"wp:term":[{"taxonomy":"category","embeddable":true,"href":"https:\/\/moir.com.co\/web\/wp-json\/wp\/v2\/categories?post=1148"},{"taxonomy":"post_tag","embeddable":true,"href":"https:\/\/moir.com.co\/web\/wp-json\/wp\/v2\/tags?post=1148"}],"curies":[{"name":"wp","href":"https:\/\/api.w.org\/{rel}","templated":true}]}}