{"id":1145,"date":"2005-04-04T07:00:00","date_gmt":"2005-04-04T07:00:00","guid":{"rendered":"https:\/\/moir.org.co\/web\/por-la-defensa-de-la-universidad-publica-paro-nacional-universitario\/"},"modified":"2005-04-04T07:00:00","modified_gmt":"2005-04-04T07:00:00","slug":"por-la-defensa-de-la-universidad-publica-paro-nacional-universitario","status":"publish","type":"post","link":"https:\/\/moir.com.co\/web\/por-la-defensa-de-la-universidad-publica-paro-nacional-universitario\/","title":{"rendered":"POR LA DEFENSA DE LA UNIVERSIDAD P\u00daBLICA, PARO NACIONAL UNIVERSITARIO"},"content":{"rendered":"<p>Multiestamentaria Nacional Universitaria y Coordinadora Nacional de Estudiantes Universitarios, abril 13 de 2005<\/p>\n<p>El Comit\u00e9 Nacional de Coordinaci\u00f3n de la Multiestamentaria reunido en Bogot\u00e1 el pasado 1\u00ba de Abril de 2005, evalu\u00f3 positivamente la II Jornada Nacional por la defensa de la Universidad P\u00fablica realizada el 30 de Marzo y ratific\u00f3 la agenda adoptada de la siguiente manera:<\/p>\n<p>Convocar a todos los estudiantes, profesores, empleados, trabajadores y pensionados de las Universidades P\u00fablicas Colombianas a preparar y realizar el Paro Nacional por la defensa de la Universidad P\u00fablica Colombiana, a partir del 13 de abril de 2005. Para este efecto, en cada universidad se deber\u00e1n redoblar los esfuerzos para hacer visible la voz y las acciones de protesta de los universitarios contra la pol\u00edtica gubernamental<\/p>\n<p>Es imperativo garantizar el 13 de abril el cese de actividades ordinarias en las universidades y la realizaci\u00f3n de movilizaciones de los diferentes estamentos participando de manera activa y contundente en asambleas, foros, m\u00edtines, marchas, actividades l\u00fadicas y recreativas que generen impacto en la opini\u00f3n p\u00fablica y las diferentes ciudades, desde el an\u00e1lisis y apropiaci\u00f3n de los contenidos de la Plataforma Pol\u00edtica y del Pliego adoptado por el Movimiento Nacional, trascendiendo el estrecho marco de la universidad hacia todos los sectores sociales. En el marco de esta Jornada se radicar\u00e1 en Bogot\u00e1 el Pliego Universitario ante el gobierno nacional.<\/p>\n<p>Durante los d\u00edas 14 y 15 de abril se debe mantener el movimiento con jornadas de movilizaci\u00f3n, informativas, pedag\u00f3gicas, l\u00fadicas, recreativas y debates que fortalezcan el acumulado del proceso de confrontaci\u00f3n a las pol\u00edticas que malogran la vida de la Universidad P\u00fablica Colombiana<\/p>\n<p>El 16 de abril, se realizar\u00e1 en la Universidad Distrital de Bogot\u00e1, Facultad de Ciencias de la Educaci\u00f3n, Sede Macarena A (Carrera. 3ra No.26 A 40), el IV ENCUENTRO NACIONAL MULTIESTAMENTARIO, que efectuar\u00e1 el balance y la proyecci\u00f3n del Movimiento Nacional Universitario.<\/p>\n<p>Propuestas de acci\u00f3n<\/p>\n<p>-Fortalecer los espacios de coordinaci\u00f3n entre los diferentes estamentos.<br \/>\n-Realizar asambleas informativas y de debate en cada universidad, con la presencia de representantes de otras universidades cuando se considere necesario.<br \/>\n-Realizar tareas de agitaci\u00f3n, invitando a estudiantes, profesores, empleados, trabajadores y pensionados a las diferentes actividades que se programen.<br \/>\n-Realizar ruedas de prensa en las diferentes ciudades con el fin de dar a conocer la problem\u00e1tica universitaria y los contenidos de la Plataforma y el Pliego definidos por el Movimiento Nacional Universitario<br \/>\n-Reproducir y distribuir los documentos producidos por el movimiento y ambientar las actividades con el afiche nacional.<br \/>\n-Utilizar los medios de comunicaci\u00f3n (radio, t.v., prensa escrita) locales y nacionales, oficiales y alternativos.<br \/>\n-Convocar a los representantes de la clase pol\u00edtica regional (Senadores, representantes a la C\u00e1mara, gobernadores, alcaldes, diputados, concejales) y realizar con ellos un trabajo de informaci\u00f3n, debate y compromiso con la defensa de la Universidad P\u00fablica Colombiana. Con el mismo car\u00e1cter se realizar\u00e1 en Bogot\u00e1 un desayuno de trabajo, con un grupo de parlamentarios que defienden la Universidad P\u00fablica Colombiana, el pr\u00f3ximo mi\u00e9rcoles 6 de abril de 2005.<br \/>\n-Coordinar las actividades universitarias con las organizaciones de los dem\u00e1s sectores sociales y pol\u00edticos que integran la Gran Coalici\u00f3n Democr\u00e1tica, el Frente Social y Pol\u00edtico y Alternativa Democr\u00e1tica entre otros.<\/p>\n<p>PLATAFORMA Y PLIEGO PARA EL PARO NACIONAL UNIVERSITARIO<br \/>\nQUE INICIA EL 13 DE ABRIL DEL 2005<\/p>\n<p>Entendiendo el momento actual como de contrarreforma generalizada en las universidades p\u00fablicas colombianas orientada a la mercantilizaci\u00f3n del conocimiento y la educaci\u00f3n, dentro del marco del Tratado de Libre Comercio que pretende incidir negativamente en nuestro pa\u00eds, imponiendo todo un modelo de desarrollo contrario a los intereses nacionales, los universitarios colombianos nos pronunciamos:<\/p>\n<p>PLATAFORMA:<\/p>\n<p>\u2022 Por el derecho a la educaci\u00f3n p\u00fablica y su financiaci\u00f3n estatal: la educaci\u00f3n es m\u00e1s que un servicio o una mercanc\u00eda, es un derecho social y fundamental que debe ser financiado por el Estado como ente obligado a brindar las garant\u00edas para el acceso y permanencia. El car\u00e1cter p\u00fablico de la educaci\u00f3n no s\u00f3lo se basa en el sustento de la financiaci\u00f3n, sino en la responsabilidad que tiene como elemento fundamental para la construcci\u00f3n de pa\u00eds y su desarrollo.<\/p>\n<p>\u2022 Por la autonom\u00eda de las universidades: la universidad hace parte del acumulado cultural y cient\u00edfico de la naci\u00f3n y debe obedecer a sus intereses y necesidades particulares. Los criterios acad\u00e9micos, curriculares y pedag\u00f3gicos deben ser orientados aut\u00f3nomamente de acuerdo al criterio anterior y no a intereses de unos pocos.<\/p>\n<p>\u2022 Gobierno universitario democr\u00e1tico: Atendiendo las caracter\u00edsticas anteriormente mencionadas, la direcci\u00f3n de la universidad no debe obedecer a intereses cortoplacistas de gobierno sino a un proyecto nacional de largo plazo. Esto implica que el gobierno universitario debe ser aut\u00f3nomo y tiene que contar con caracter\u00edsticas propias para un centro del conocimiento que promuevan la democracia y la participaci\u00f3n colectiva en la toma de decisiones de quienes componen la comunidad universitaria. La participaci\u00f3n en el gobierno universitario de personas ajenas a la din\u00e1mica universitaria debe obedecer a la necesidad de correspondencia con el desenvolvimiento social y no a la imposici\u00f3n de criterios de mercado.<\/p>\n<p>\u2022 Bienestar universitario como condici\u00f3n de calidad: Para el buen fin del proceso de generaci\u00f3n, reproducci\u00f3n y aplicaci\u00f3n del conocimiento es necesario generar las garant\u00edas de acceso y permanencia en las universidades para los estudiantes, docentes y trabajadores, a partir de criterios de vida digna e integralidad.<\/p>\n<p>\u2022 La academia como determinante de la administraci\u00f3n: Seg\u00fan sus fines y responsabilidades proyectadas con base en su proyecto social y acad\u00e9mico, la Universidad debe definir sus necesidades de estructuraci\u00f3n y funcionamiento administrativo aut\u00f3nomamente y no a partir de criterios de reducci\u00f3n del gasto que lesionan la calidad y excelencia acad\u00e9mica.<\/p>\n<p>\u2022 Derecho a la seguridad social y el trabajo: Como una exigencia de la pol\u00edtica gubernamental para las universidades, cada d\u00eda se implementa con mayor fuerza la vinculaci\u00f3n laboral precaria de profesores ocasionales y catedr\u00e1ticos, desechando las ventajas laborales y acad\u00e9micas de las vinculaciones de planta, y dando al traste con la carrera docente universitaria. Hoy la gran mayor\u00eda de los profesores universitarios tienen vinculaci\u00f3n temporal. Lo propio ocurre con los funcionarios administrativos y con los pocos trabajadores oficiales que todav\u00eda subsisten en las universidades p\u00fablicas. Quienes trabajan al interior de las Universidades (profesores y trabajadores) deben contar con plenas garant\u00edas salariales, prestacionales, de seguridad social y de negociaci\u00f3n colectiva.<\/p>\n<p>\u2022 Libertad y respeto a los derechos humanos: La universidad es un centro del conocimiento de car\u00e1cter democr\u00e1tico y plural, rechazamos las pol\u00edticas que atentan contra la libertad de pensamiento, organizaci\u00f3n y movilizaci\u00f3n en las Universidades. Las condiciones de vigilancia al interior de las universidades deben obedecer a las necesidades que su proyecto acad\u00e9mico exige y no a la represi\u00f3n. Denunciamos y rechazamos la actual pol\u00edtica de criminalizaci\u00f3n expresada en la persecuci\u00f3n, se\u00f1alamiento, amenazas y asesinatos de profesores, estudiantes y trabajadores.<\/p>\n<p>PLIEGO:<\/p>\n<p>Por la concepci\u00f3n expresada en los p\u00e1rrafos anteriores y entendiendo la pol\u00edtica actual como un atentado a la concepci\u00f3n democr\u00e1tica de Universidad:<\/p>\n<p>1. Rechazamos la aplicaci\u00f3n del conjunto de reformas mecanicistas a la educaci\u00f3n superior p\u00fablica. Exigimos la inmediata derogatoria de:<\/p>\n<p>&#8211; El decreto 2566 que lesiona la autonom\u00eda acad\u00e9mica de las Universidades.<br \/>\n&#8211; El decreto 3545 y la ley 812\/2003 que disminuyen la base presupuestal y recortan los recursos de las universidades p\u00fablicas.<br \/>\n&#8211; La ley 922\/2004 que ampl\u00eda la aplicaci\u00f3n de la ley 550\/1999 (ley de reestructuraci\u00f3n empresarial) a las universidades p\u00fablicas.<\/p>\n<p>2. Rechazamos la imposici\u00f3n de directivos en las Universidades p\u00fablicas y exigimos mecanismos de participaci\u00f3n de la comunidad universitaria en el proceso de toma de decisiones.<\/p>\n<p>3. Exigimos del gobierno nacional y de los entes territoriales asumir los bonos pensionales y el pago de las mesadas pensionales y descargar de esta responsabilidad a las universidades p\u00fablicas.<\/p>\n<p>4. Rechazamos la pol\u00edtica de vulneraci\u00f3n y\/o extinci\u00f3n de la carrera docente y administrativa, priorizando la desregulaci\u00f3n laboral al contratar masivamente temporales como catedr\u00e1ticos, ocasionales y provisionales para reemplazar al personal de planta. Exigimos la convocatoria a concursos p\u00fablicos para la vinculaci\u00f3n a la planta de profesores, trabajadores y administrativos.<\/p>\n<p>5. Exigimos se excluya a la educaci\u00f3n superior de las negociaciones que se adelantan entre Colombia y EE. UU. para la firma del TLC.<\/p>\n<p>6. Exigimos la no aplicaci\u00f3n y derogatoria de las reformas que se han adelantado en la U N de Colombia por la actual administraci\u00f3n y la suspensi\u00f3n del tr\u00e1mite de las que vienen en curso. Exigimos se adelante un proceso con la participaci\u00f3n efectiva de la comunidad universitaria para la definici\u00f3n de las reformas que exige la universidad.<\/p>\n<p>7. Exigimos la apertura de una mesa nacional de discusi\u00f3n y decisi\u00f3n sobre la educaci\u00f3n superior p\u00fablica en Colombia, con participaci\u00f3n del ejecutivo, legislativo y los distintos estamentos de la comunidad universitaria. Esta mesa tratar\u00eda los 6 puntos de la plataforma ya enunciados. Que como parte de esta mesa haya una comisi\u00f3n dedicada a la evaluaci\u00f3n de la violaci\u00f3n de DD. HH. en las Universidades colombianas.<\/p>\n<p>La intenci\u00f3n es que en cada universidad estos puntos se refuercen y complementen con elementos propios del contexto local que expresen los intereses de los estamentos y las universidades.<\/p>\n<p>POR LA DEFENSA DE UNA UNIVERSIDAD P\u00daBLICA AUTON\u00d3MA, CIENT\u00cdFICA, DEMOCR\u00c1TICA Y FINANCIADA POR EL ESTADO<\/p>\n<p>ABRIL DE 2005<\/p>\n","protected":false},"excerpt":{"rendered":"<p>Multiestamentaria Nacional Universitaria y Coordinadora Nacional de Estudiantes Universitarios, abril 13 de 2005 El Comit\u00e9 Nacional de Coordinaci\u00f3n de la Multiestamentaria reunido en Bogot\u00e1 el pasado 1\u00ba de Abril de 2005, evalu\u00f3 positivamente la II Jornada Nacional por la defensa de la Universidad P\u00fablica realizada el 30 de Marzo y ratific\u00f3 la agenda adoptada de [&hellip;]<\/p>\n","protected":false},"author":1,"featured_media":0,"comment_status":"open","ping_status":"open","sticky":false,"template":"","format":"standard","meta":{"advanced_seo_description":"","jetpack_seo_html_title":"","jetpack_seo_noindex":false,"_jetpack_memberships_contains_paid_content":false,"footnotes":""},"categories":[7],"tags":[],"class_list":["post-1145","post","type-post","status-publish","format-standard","hentry","category-pronunciamientos-de-organizaciones-sociales"],"jetpack_featured_media_url":"","jetpack-related-posts":[{"id":1252,"url":"https:\/\/moir.com.co\/web\/jueves-22-de-septiembre-jornada-nacional-universitaria\/","url_meta":{"origin":1145,"position":0},"title":"JUEVES 22 DE SEPTIEMBRE: JORNADA NACIONAL UNIVERSITARIA,","author":"admin","date":"agosto 27, 2005","format":false,"excerpt":"El Comit\u00e9 Nacional de Coordinaci\u00f3n de la MULTIESTAMENTARIA, reunido el lunes 5 de septiembre, recogiendo las conclusiones de las reuniones nacionales previas de cada uno de los estamentos, aprob\u00f3 las siguientes tareas: 1. Continuar las consultas sobre el TLC, hasta el mes de octubre, en las fechas, tentativamente acordadas, en\u2026","rel":"","context":"En \u00abPronunciamientos de Organizaciones Sociales\u00bb","block_context":{"text":"Pronunciamientos de Organizaciones Sociales","link":"https:\/\/moir.com.co\/web\/category\/pronunciamientos-de-organizaciones-sociales\/"},"img":{"alt_text":"","src":"","width":0,"height":0},"classes":[]},{"id":1109,"url":"https:\/\/moir.com.co\/web\/defendamos-la-educacion-superior-publica\/","url_meta":{"origin":1145,"position":1},"title":"\u00a1DEFENDAMOS LA EDUCACI\u00d3N SUPERIOR P\u00daBLICA!","author":"admin","date":"febrero 7, 2005","format":false,"excerpt":"Bogot\u00e1, febrero 16 de 2005 PREPAREMOS E IMPULSEMOS LA PROTESTA UNIVERSITARIA \u00a1DEFENDAMOS LA EDUCACI\u00d3N SUPERIOR P\u00daBLICA! En la actualidad las universidades se encuentran quebradas y se evidencia que la calidad de la educaci\u00f3n se deteriora por el recorte presupuestal, la imposici\u00f3n de los esquemas privatizadores, la falta de equipos y\u2026","rel":"","context":"En \u00abPronunciamientos de Organizaciones Sociales\u00bb","block_context":{"text":"Pronunciamientos de Organizaciones Sociales","link":"https:\/\/moir.com.co\/web\/category\/pronunciamientos-de-organizaciones-sociales\/"},"img":{"alt_text":"","src":"","width":0,"height":0},"classes":[]},{"id":3694,"url":"https:\/\/moir.com.co\/web\/convocatoria-al-encuentro-multiestamentario-de-emergencia\/","url_meta":{"origin":1145,"position":2},"title":"CONVOCATORIA AL ENCUENTRO MULTIESTAMENTARIO DE EMERGENCIA","author":"admin","date":"octubre 29, 2009","format":false,"excerpt":"PRESENTACI\u00d3N: Luego de m\u00faltiples valoraciones sobre la aguda crisis de la universidad p\u00fablica colombiana, los universitarios asumimos con coherencia y dignidad, la preparaci\u00f3n de un escenario de levantamiento que se configur\u00f3 en cuatro d\u00edas de movilizaciones en 18 universidades p\u00fablicas y en m\u00e1s de 8 universidades privadas del pa\u00eds. Del\u2026","rel":"","context":"Entrada similar","block_context":{"text":"Entrada similar","link":""},"img":{"alt_text":"","src":"","width":0,"height":0},"classes":[]},{"id":1055,"url":"https:\/\/moir.com.co\/web\/declaracion-del-encuentro-nacional-universitario-de-emergencia-multiestamentario\/","url_meta":{"origin":1145,"position":3},"title":"DECLARACI\u00d3N DEL ENCUENTRO NACIONAL UNIVERSITARIO DE EMERGENCIA MULTIESTAMENTARIO","author":"admin","date":"octubre 31, 2004","format":false,"excerpt":"Bogot\u00e1 D.C., Noviembre 6 de 2004 La pol\u00edtica neoliberal continuada y agenciada por el presidente \u00c1lvaro Uribe V\u00e9lez, que se viene concretando en la Ley 812 de 2003 o Plan Nacional de Desarrollo 2002-2006 que aprob\u00f3 su propuesta de Revoluci\u00f3n Educativa y de la cual se derivan normas reglamentarias como\u2026","rel":"","context":"En \u00abPronunciamientos de Organizaciones Sociales\u00bb","block_context":{"text":"Pronunciamientos de Organizaciones Sociales","link":"https:\/\/moir.com.co\/web\/category\/pronunciamientos-de-organizaciones-sociales\/"},"img":{"alt_text":"","src":"","width":0,"height":0},"classes":[]},{"id":1054,"url":"https:\/\/moir.com.co\/web\/a-defender-la-red-publica-hospitalaria-del-magdalena-y-el-hospital-central-de-santa-marta\/","url_meta":{"origin":1145,"position":4},"title":"\u00a1A DEFENDER  LA RED P\u00daBLICA HOSPITALARIA DEL MAGDALENA Y EL HOSPITAL CENTRAL DE SANTA MARTA!","author":"admin","date":"octubre 29, 2004","format":false,"excerpt":"Bogot\u00e1 D.C., Noviembre 6 de 2004 La pol\u00edtica neoliberal continuada y agenciada por el presidente \u00c1lvaro Uribe V\u00e9lez, que se viene concretando en la Ley 812 de 2003 o Plan Nacional de Desarrollo 2002-2006 que aprob\u00f3 su propuesta de Revoluci\u00f3n Educativa y de la cual se derivan normas reglamentarias como\u2026","rel":"","context":"En \u00abPronunciamientos de Organizaciones Sociales\u00bb","block_context":{"text":"Pronunciamientos de Organizaciones Sociales","link":"https:\/\/moir.com.co\/web\/category\/pronunciamientos-de-organizaciones-sociales\/"},"img":{"alt_text":"","src":"","width":0,"height":0},"classes":[]},{"id":1970,"url":"https:\/\/moir.com.co\/web\/consolidemos-la-movilizacion-y-profundicemos-la-protesta\/","url_meta":{"origin":1145,"position":5},"title":"CONSOLIDEMOS LA MOVILIZACI\u00d3N Y PROFUNDICEMOS LA PROTESTA","author":"admin","date":"mayo 28, 2007","format":false,"excerpt":"Encuentro Nacional Multiestamentario, Universidad Nacional, Bogot\u00e1, mayo 27 de 2007 Con la participaci\u00f3n de m\u00e1s de 400 representantes de 24 universidades p\u00fablicas y 8 privadas, se llev\u00f3 a cabo el Encuentro Nacional Multiestamentario en el Auditorio Le\u00f3n de Greiff de la Universidad Nacional, no obstante el hostigamiento de la fuerza\u2026","rel":"","context":"En \u00abPronunciamientos de Organizaciones Sociales\u00bb","block_context":{"text":"Pronunciamientos de Organizaciones Sociales","link":"https:\/\/moir.com.co\/web\/category\/pronunciamientos-de-organizaciones-sociales\/"},"img":{"alt_text":"","src":"","width":0,"height":0},"classes":[]}],"jetpack_sharing_enabled":true,"_links":{"self":[{"href":"https:\/\/moir.com.co\/web\/wp-json\/wp\/v2\/posts\/1145","targetHints":{"allow":["GET"]}}],"collection":[{"href":"https:\/\/moir.com.co\/web\/wp-json\/wp\/v2\/posts"}],"about":[{"href":"https:\/\/moir.com.co\/web\/wp-json\/wp\/v2\/types\/post"}],"author":[{"embeddable":true,"href":"https:\/\/moir.com.co\/web\/wp-json\/wp\/v2\/users\/1"}],"replies":[{"embeddable":true,"href":"https:\/\/moir.com.co\/web\/wp-json\/wp\/v2\/comments?post=1145"}],"version-history":[{"count":0,"href":"https:\/\/moir.com.co\/web\/wp-json\/wp\/v2\/posts\/1145\/revisions"}],"wp:attachment":[{"href":"https:\/\/moir.com.co\/web\/wp-json\/wp\/v2\/media?parent=1145"}],"wp:term":[{"taxonomy":"category","embeddable":true,"href":"https:\/\/moir.com.co\/web\/wp-json\/wp\/v2\/categories?post=1145"},{"taxonomy":"post_tag","embeddable":true,"href":"https:\/\/moir.com.co\/web\/wp-json\/wp\/v2\/tags?post=1145"}],"curies":[{"name":"wp","href":"https:\/\/api.w.org\/{rel}","templated":true}]}}