{"id":1141,"date":"2005-03-30T07:00:00","date_gmt":"2005-03-30T07:00:00","guid":{"rendered":"https:\/\/moir.org.co\/web\/rodado-cumple-su-objetivo-sepultar-para-privatizar-al-hospital-universitario-de-barranquilla\/"},"modified":"2005-03-30T07:00:00","modified_gmt":"2005-03-30T07:00:00","slug":"rodado-cumple-su-objetivo-sepultar-para-privatizar-al-hospital-universitario-de-barranquilla","status":"publish","type":"post","link":"https:\/\/moir.com.co\/web\/rodado-cumple-su-objetivo-sepultar-para-privatizar-al-hospital-universitario-de-barranquilla\/","title":{"rendered":"RODADO CUMPLE SU OBJETIVO: SEPULTAR, PARA PRIVATIZAR AL HOSPITAL UNIVERSITARIO DE BARRANQUILLA"},"content":{"rendered":"<p>Comit\u00e9 por la defensa de la Salud Publica, Barranquilla, Abril 4 de 2005.<\/p>\n<p>El Gobernador del Departamento, siguiendo los lineamientos del Gobierno Nacional y de la nefasta Ley 100 de 1993, acaba de asestarle un duro golpe a la poblaci\u00f3n barranquillera y de la Costa Atl\u00e1ntica al ordenar el cierre del Hospital Universitario de Barranquilla, \u00fanico de tercero y cuarto nivel de complejidad de la red p\u00fablica hospitalaria regional.<\/p>\n<p>Las consecuencias no pueden ser mas aterradoras si tenemos en cuenta que por la falta de atenci\u00f3n medica est\u00e1n muriendo muchos m\u00e1s colombianos que los que ocasionan todas las violencias juntas. La Ley 100 de 1993, hechura neoliberal del hoy presidente de la Rep\u00fablica, sigue haciendo de las suyas al haber convertido la salud p\u00fablica en una vil mercanc\u00eda para el lucro de un pu\u00f1ado de intermediarios financieros privados (E.P.S., A.R.S. y A.R.P.), que se embolsillan cuantiosos recursos del presupuesto general de la naci\u00f3n y de los aportes de los trabajadores.<\/p>\n<p>El cierre del principal centro hospitalario del Atl\u00e1ntico es un anticipo de la entrada en funcionamiento del Tratado de Libre Comercio con Estados Unidos. Si Uribe V\u00e9lez logra imponerlo contra la voluntad mayoritaria del pueblo colombiano, lesionar\u00eda tambi\u00e9n la educaci\u00f3n p\u00fablica, la producci\u00f3n agr\u00edcola e industrial, los usuarios de servicios p\u00fablicos, la producci\u00f3n de drogas gen\u00e9ricas, la biodiversidad del pa\u00eds, entre otros. Ya los medios de comunicaci\u00f3n han informado que inversionistas norteamericanos se aprestan a construir una cl\u00ednica privada de alta complejidad en esta ciudad, para ir reemplazando la red p\u00fablica hospitalaria.<\/p>\n<p>As\u00ed mismo denunciamos a la Secretar\u00eda de Salud del Atl\u00e1ntico por su determinaci\u00f3n, publicada por el diario El Tiempo el lunes 4 de abril, de encargar de los servicios m\u00e9dicos de mediana y alta complejidad a centros hospitalarios que no tienen dichos servicios, colocando a las pacientes en peligro inminente.<\/p>\n<p>El Comit\u00e9 por la defensa de la Salud Publica del Departamento del Atl\u00e1ntico convoca a todos los sectores sociales democr\u00e1ticos y progresistas a realizar la m\u00e1s alta resistencia civil en contra del cierre, la liquidaci\u00f3n o la reestructuraci\u00f3n del Hospital Universitario de Barranquilla y del Seguro Social y por conquistar la derogatoria de la Ley 100, engendro liquidador de la salud p\u00fablica. As\u00ed mismo convocamos a las organizaciones del sector como a la comunidad a respaldar y a participar en la jornada de lucha que se realizar\u00e1 el 13 de abril en todo el territorio nacional, actividad a la cual los trabajadores de salud nos sumaremos con un paro departamental.<\/p>\n<p>Comit\u00e9 por la defensa de la Salud Publica<br \/>\nANTHOC, SINDES, SINTRAEMHOSBA, CUT, UTRAL-CGT, GRAN COALICI\u00d3N DEMOCRTICA, ASOHUB, SINTRASEGURIDAD SOCIAL, ASOCIACI\u00d3N DE ESTUDIANTES UDEA.<\/p>\n","protected":false},"excerpt":{"rendered":"<p>Comit\u00e9 por la defensa de la Salud Publica, Barranquilla, Abril 4 de 2005. El Gobernador del Departamento, siguiendo los lineamientos del Gobierno Nacional y de la nefasta Ley 100 de 1993, acaba de asestarle un duro golpe a la poblaci\u00f3n barranquillera y de la Costa Atl\u00e1ntica al ordenar el cierre del Hospital Universitario de Barranquilla, [&hellip;]<\/p>\n","protected":false},"author":1,"featured_media":0,"comment_status":"open","ping_status":"open","sticky":false,"template":"","format":"standard","meta":{"advanced_seo_description":"","jetpack_seo_html_title":"","jetpack_seo_noindex":false,"_jetpack_memberships_contains_paid_content":false,"footnotes":""},"categories":[7],"tags":[],"class_list":["post-1141","post","type-post","status-publish","format-standard","hentry","category-pronunciamientos-de-organizaciones-sociales"],"jetpack_featured_media_url":"","jetpack-related-posts":[{"id":1139,"url":"https:\/\/moir.com.co\/web\/alternativa-democratica-rechaza-liquidacion-del-hospital-universitario-de-barranquilla\/","url_meta":{"origin":1141,"position":0},"title":"ALTERNATIVA DEMOCR\u00c1TICA RECHAZA LIQUIDACI\u00d3N DEL HOSPITAL UNIVERSITARIO DE BARRANQUILLA","author":"admin","date":"marzo 30, 2005","format":false,"excerpt":"Desde que viene siendo aplicada la ley 100 de 1993 la salud p\u00fablica del pueblo colombiano se ha visto menoscabada en materia grave ya que fue convertida en una mercanc\u00eda para el lucro de los intermediarios financieros que surgieron con la nueva normatividad, tales como EPS, ARS y ARP. El\u2026","rel":"","context":"En \u00abSalud y Pensiones\u00bb","block_context":{"text":"Salud y Pensiones","link":"https:\/\/moir.com.co\/web\/category\/temas\/salud-y-pensiones\/"},"img":{"alt_text":"","src":"","width":0,"height":0},"classes":[]},{"id":1142,"url":"https:\/\/moir.com.co\/web\/el-hospital-universitario-de-barranquilla-otra-victima-de-la-ley-100-de-1993\/","url_meta":{"origin":1141,"position":1},"title":"EL HOSPITAL UNIVERSITARIO DE BARRANQUILLA: OTRA V\u00cdCTIMA DE LA LEY 100 DE 1993","author":"admin","date":"abril 4, 2005","format":false,"excerpt":"Alternativa Democr\u00e1tica del Atl\u00e1ntico, Barranquilla, abril 11 de 2005 Para nadie es un secreto que la seguridad social y la red p\u00fablica hospitalaria del pa\u00eds padecen la peor crisis de los \u00faltimos tiempos, pero el gobierno nacional se empecina en tratar de ocultar esta realidad y de hacer creer todo\u2026","rel":"","context":"En \u00abSalud y Pensiones\u00bb","block_context":{"text":"Salud y Pensiones","link":"https:\/\/moir.com.co\/web\/category\/temas\/salud-y-pensiones\/"},"img":{"alt_text":"","src":"","width":0,"height":0},"classes":[]},{"id":13407,"url":"https:\/\/moir.com.co\/web\/graves-perturbaciones-de-la-salud-en-el-atlantico-y-el-pais\/","url_meta":{"origin":1141,"position":2},"title":"Graves perturbaciones de la salud en el Atl\u00e1ntico y el pa\u00eds","author":"admin","date":"septiembre 29, 2017","format":false,"excerpt":"Norman Alarc\u00f3n Rodas, Barranquilla, septiembre 29 de 2017 Hay como una especie de consenso nacional en cuanto a que la salud de la mayor\u00eda de los colombianos padece una crisis profunda, que se explica por la aplicaci\u00f3n de la Ley 100 de 1993. El nuevo r\u00e9gimen convirti\u00f3 la salud en\u2026","rel":"","context":"En \u00abEconom\u00eda\u00bb","block_context":{"text":"Econom\u00eda","link":"https:\/\/moir.com.co\/web\/category\/temas\/economia\/"},"img":{"alt_text":"","src":"https:\/\/i0.wp.com\/moir.com.co\/web\/wp-content\/uploads\/2017\/09\/epsnorman.jpg?fit=700%2C500&ssl=1&resize=350%2C200","width":350,"height":200,"srcset":"https:\/\/i0.wp.com\/moir.com.co\/web\/wp-content\/uploads\/2017\/09\/epsnorman.jpg?fit=700%2C500&ssl=1&resize=350%2C200 1x, https:\/\/i0.wp.com\/moir.com.co\/web\/wp-content\/uploads\/2017\/09\/epsnorman.jpg?fit=700%2C500&ssl=1&resize=525%2C300 1.5x, https:\/\/i0.wp.com\/moir.com.co\/web\/wp-content\/uploads\/2017\/09\/epsnorman.jpg?fit=700%2C500&ssl=1&resize=700%2C400 2x"},"classes":[]},{"id":5773,"url":"https:\/\/moir.com.co\/web\/la-salud-de-barranquilla-al-vaiven-de-caprecom\/","url_meta":{"origin":1141,"position":3},"title":"La salud de Barranquilla al vaiv\u00e9n de Caprecom","author":"admin","date":"julio 14, 2011","format":false,"excerpt":"El pasado viernes ocho de julio se realiz\u00f3 el Foro sobre la Crisis de la Salud en el auditorio del Hospital Cari de Alta Complejidad organizado por el Frente Amplio C\u00edvico por el Rescate de Barranquilla, en el cual participaron varios directores de centros hospitalarios del Atl\u00e1ntico; el doctor Rafael\u2026","rel":"","context":"En \u00abTemas\u00bb","block_context":{"text":"Temas","link":"https:\/\/moir.com.co\/web\/category\/temas\/"},"img":{"alt_text":"","src":"","width":0,"height":0},"classes":[]},{"id":6174,"url":"https:\/\/moir.com.co\/web\/petro-copia-modelo-de-salud-de-barranquilla-en-crisis\/","url_meta":{"origin":1141,"position":4},"title":"Petro copia modelo de salud de Barranquilla en crisis","author":"admin","date":"diciembre 11, 2011","format":false,"excerpt":"El martes 20 de diciembre un grueso n\u00famero de organizaciones sociales y pol\u00edticas de Barranquilla se concentrar\u00e1 en el Paseo Bol\u00edvar para hacerle un in\u00e9dito corte de cuentas al alcalde distrital Alejandro Char en m\u00faltiples aspectos. Uno de ellos es el relacionado con la salud de m\u00e1s de un mill\u00f3n\u2026","rel":"","context":"En \u00abTemas\u00bb","block_context":{"text":"Temas","link":"https:\/\/moir.com.co\/web\/category\/temas\/"},"img":{"alt_text":"","src":"","width":0,"height":0},"classes":[]},{"id":6620,"url":"https:\/\/moir.com.co\/web\/crisis-cronica-en-hospitales-de-la-costa-atlantica\/","url_meta":{"origin":1141,"position":5},"title":"Crisis cr\u00f3nica en hospitales de la Costa Atl\u00e1ntica","author":"admin","date":"junio 22, 2012","format":false,"excerpt":"El grave deterioro de la salud de los colombianos no para, como lo indican las informaciones de prensa todos los d\u00edas. Lo mismo que las denuncias sobre desfalcos y corrupci\u00f3n tampoco cesan. Un grupo de reacci\u00f3n que conform\u00f3 la Contralor\u00eda General de la Naci\u00f3n para hacerle seguimiento a miles de\u2026","rel":"","context":"En \u00abPronunciamientos de Organizaciones Sociales\u00bb","block_context":{"text":"Pronunciamientos de Organizaciones Sociales","link":"https:\/\/moir.com.co\/web\/category\/pronunciamientos-de-organizaciones-sociales\/"},"img":{"alt_text":"","src":"","width":0,"height":0},"classes":[]}],"jetpack_sharing_enabled":true,"_links":{"self":[{"href":"https:\/\/moir.com.co\/web\/wp-json\/wp\/v2\/posts\/1141","targetHints":{"allow":["GET"]}}],"collection":[{"href":"https:\/\/moir.com.co\/web\/wp-json\/wp\/v2\/posts"}],"about":[{"href":"https:\/\/moir.com.co\/web\/wp-json\/wp\/v2\/types\/post"}],"author":[{"embeddable":true,"href":"https:\/\/moir.com.co\/web\/wp-json\/wp\/v2\/users\/1"}],"replies":[{"embeddable":true,"href":"https:\/\/moir.com.co\/web\/wp-json\/wp\/v2\/comments?post=1141"}],"version-history":[{"count":0,"href":"https:\/\/moir.com.co\/web\/wp-json\/wp\/v2\/posts\/1141\/revisions"}],"wp:attachment":[{"href":"https:\/\/moir.com.co\/web\/wp-json\/wp\/v2\/media?parent=1141"}],"wp:term":[{"taxonomy":"category","embeddable":true,"href":"https:\/\/moir.com.co\/web\/wp-json\/wp\/v2\/categories?post=1141"},{"taxonomy":"post_tag","embeddable":true,"href":"https:\/\/moir.com.co\/web\/wp-json\/wp\/v2\/tags?post=1141"}],"curies":[{"name":"wp","href":"https:\/\/api.w.org\/{rel}","templated":true}]}}