{"id":1109,"date":"2005-02-07T07:00:00","date_gmt":"2005-02-07T07:00:00","guid":{"rendered":"https:\/\/moir.org.co\/web\/defendamos-la-educacion-superior-publica\/"},"modified":"2005-02-07T07:00:00","modified_gmt":"2005-02-07T07:00:00","slug":"defendamos-la-educacion-superior-publica","status":"publish","type":"post","link":"https:\/\/moir.com.co\/web\/defendamos-la-educacion-superior-publica\/","title":{"rendered":"\u00a1DEFENDAMOS LA EDUCACI\u00d3N SUPERIOR P\u00daBLICA!"},"content":{"rendered":"<p>Bogot\u00e1, febrero 16 de 2005<\/p>\n<p>PREPAREMOS E IMPULSEMOS LA PROTESTA UNIVERSITARIA<br \/>\n\u00a1DEFENDAMOS LA EDUCACI\u00d3N SUPERIOR P\u00daBLICA!<\/p>\n<p>En la actualidad las universidades se encuentran quebradas y se evidencia que la calidad de la educaci\u00f3n se deteriora por el recorte presupuestal, la imposici\u00f3n de los esquemas privatizadores, la falta de equipos y textos, la negativa a la construcci\u00f3n de nuevas instalaciones, la carencia de actividades investigativas y cient\u00edficas, la entronizaci\u00f3n de reformas curriculares en contra de la educaci\u00f3n avanzada, cient\u00edfica y de alta exigencia al servicio del desarrollo del aparato productivo nacional. A las universidades p\u00fablicas se les recorta la financiaci\u00f3n estatal y las someten al criterio privatizador de la autofinanciaci\u00f3n oblig\u00e1ndolas a incrementar permanentemente las matriculas y a la venta de servicios educativos. La educaci\u00f3n ha sido sometida a la condici\u00f3n de mercanc\u00eda sujeta a las reglas del mercado, convirti\u00e9ndola en un negocio rentable para ser puesta a disposici\u00f3n de las multinacionales de la educaci\u00f3n, especialmente norteamericanas. Situaci\u00f3n que se agudiza con la inserci\u00f3n de Colombia al TLC con EE.UU.<\/p>\n<p>Ante una situaci\u00f3n impuesta, la respuesta es de unidad y lucha. Las organizaciones estudiantiles abajo firmantes los invitamos a promover la m\u00e1s amplia acci\u00f3n de protesta teniendo como ejes orientadores los definidos en el marco de la coordinaci\u00f3n Nacional Multiestamentaria:<\/p>\n<p>1. EXIGIR FINANCIACI\u00d3N ESTATAL DE FORMA ADECUADA Y OPORTUNA PARA LA UNIVERSIDAD P\u00daBLICA.<\/p>\n<p>a. Exigimos la derogatoria del Decreto 3545 de 2004 por conducir a la desfinanciaci\u00f3n estatal de la universidad p\u00fablica y a la privatizaci\u00f3n acelerada de la misma.<br \/>\nb. Rechazamos la aplicaci\u00f3n de la Ley 550 de 1999 o \u201cLey de Reestructuraci\u00f3n Empresarial\u201d en las universidades.<br \/>\nc. Exigimos soluci\u00f3n a los problemas pensionales en las universidades.<br \/>\nd. Nos oponemos rotundamente al alza de matr\u00edculas de los estudiantes.<\/p>\n<p>2. EXIGIR RESPETO A LA AUTONOM\u00cdA UNIVERSITARIA.<br \/>\nAutonom\u00eda acad\u00e9mica.<\/p>\n<p>a. Exigimos la derogatoria del Decreto 2566 de 2003 y su no aplicaci\u00f3n en las universidades.<br \/>\nb. Rechazamos las reformas estructurales que se adelantan en las diferentes universidades, las cuales est\u00e1n orientadas a adecuar el sistema universitario al TLC con EE.UU y\/o a cualquier otro instrumento de mercantilizaci\u00f3n de la educaci\u00f3n.<br \/>\nDemocracia Universitaria<br \/>\na. Exigimos una mayor y democr\u00e1tica representaci\u00f3n de los universitarios en los Consejos Superiores, las decisiones que all\u00ed se tomen deben ser la expresi\u00f3n de la voluntad de los mismos.<\/p>\n<p>3. EXIGIMOS RESPETO A LOS DERECHOS HUMANOS DE LOS UNIVERSITARIOS.<\/p>\n<p>a. Exigimos el respeto a las garant\u00edas democr\u00e1ticas en el ejercicio del derecho a la protesta.<\/p>\n<p>4. EXIGIMOS BIENESTAR UNIVERSITARIO COMO UNA CONDICI\u00d3N DE CALIDAD<\/p>\n<p>a. Ante la crisis de muchos estudiantes para mantenerse en sus estudios exigimos una pol\u00edtica y programas concretos de bienestar universitario en todos los campos.<\/p>\n<p>5. EXIGIR SE GARANTICE EL DERECHO AL TRABAJO DE LOS DOCENTES, EMPLEADOS Y TRABAJADORES DE LAS UNIVERSIDADES P\u00daBLICAS.<\/p>\n<p>a. Por la estabilidad laboral.<br \/>\nb. Contra la disminuci\u00f3n real del salario.<br \/>\nc. Por un r\u00e9gimen salarial y prestacional digno.<br \/>\nd. Por la defensa del derecho a la salud exigimos que se mantenga la red p\u00fablica hospitalaria y se detenga la privatizaci\u00f3n de este sector.<\/p>\n<p>Llamamos a todos los universitarios a superar las diferencias y concentrarnos en la resistencia al plan privatizador y en la construcci\u00f3n de un nuevo proyecto de universidad en todos los campos locales, regionales y nacionales. S\u00f3lo la movilizaci\u00f3n masiva y conciente detendr\u00e1 la pol\u00edtica de aniquilaci\u00f3n de la universidad p\u00fablica. Los invitamos a preparar un GRAN PARO NACIONAL UNIVERSITARIO para el mes de marzo y a la jornada nacional universitaria de protesta programada para el pr\u00f3ximo 24 de Febrero de 2005.<\/p>\n<p>ASOCIACI\u00d3N COLOMBIANA DE ESTUDIANTES UNIVERSITARIOS -ACEU-<br \/>\nFEDERACI\u00d3N UNIVERSITARIA NACIONAL -FUN COMISIONES-<br \/>\nORGANIZACI\u00d3N COLOMBIANA DE ESTUDIANTES \u2013OCE-<\/p>\n<p>VIVA LA JORNADA NACIONAL DE PROTESTA<br \/>\n24 DE FEBRERO\/2005<br \/>\nVIVA EL PARO NACIONAL UNIVERSITARIO<\/p>\n","protected":false},"excerpt":{"rendered":"<p>Bogot\u00e1, febrero 16 de 2005 PREPAREMOS E IMPULSEMOS LA PROTESTA UNIVERSITARIA \u00a1DEFENDAMOS LA EDUCACI\u00d3N SUPERIOR P\u00daBLICA! En la actualidad las universidades se encuentran quebradas y se evidencia que la calidad de la educaci\u00f3n se deteriora por el recorte presupuestal, la imposici\u00f3n de los esquemas privatizadores, la falta de equipos y textos, la negativa a la [&hellip;]<\/p>\n","protected":false},"author":1,"featured_media":0,"comment_status":"open","ping_status":"open","sticky":false,"template":"","format":"standard","meta":{"advanced_seo_description":"","jetpack_seo_html_title":"","jetpack_seo_noindex":false,"_jetpack_memberships_contains_paid_content":false,"footnotes":""},"categories":[7],"tags":[],"class_list":["post-1109","post","type-post","status-publish","format-standard","hentry","category-pronunciamientos-de-organizaciones-sociales"],"jetpack_featured_media_url":"","jetpack-related-posts":[{"id":2511,"url":"https:\/\/moir.com.co\/web\/contra-la-politica-uribista-lucha-democratica-de-masas\/","url_meta":{"origin":1109,"position":0},"title":"CONTRA LA POL\u00cdTICA URIBISTA, LUCHA DEMOCR\u00c1TICA DE MASAS","author":"admin","date":"septiembre 18, 2008","format":false,"excerpt":"Organizaci\u00f3n Colombiana de Estudiantes, Bogot\u00e1 17 de septiembre de 2008 La OCE, Organizaci\u00f3n Colombiana de Estudiantes, es una organizaci\u00f3n de masas que ha ejercido una lucha democr\u00e1tica y civilista en contra de las pol\u00edticas privatizadoras impuestas por el gobierno de \u00c1lvaro Uribe V\u00e9lez que, en cumplimiento de los designios del\u2026","rel":"","context":"En \u00abJuventud Patri\u00f3tica\u00bb","block_context":{"text":"Juventud Patri\u00f3tica","link":"https:\/\/moir.com.co\/web\/category\/juventud-patriotica\/"},"img":{"alt_text":"","src":"","width":0,"height":0},"classes":[]},{"id":1047,"url":"https:\/\/moir.com.co\/web\/contra-la-reforma-antinacional-de-marco-palacio-universidad-nacional-al-paro\/","url_meta":{"origin":1109,"position":1},"title":"CONTRA LA REFORMA ANTINACIONAL DE  MARCO PALACIO&#8230; \u00a1UNIVERSIDAD NACIONAL AL PARO!","author":"admin","date":"octubre 20, 2004","format":false,"excerpt":"La reforma a la Universidad Nacional presentada e impulsada por el rector Marco Palacios y defendida por el editorial del peri\u00f3dico \"El Tiempo\" y columnistas como Rudolf Hommes, obedece a la necesidad de adecuar la educaci\u00f3n superior en Colombia a los requerimientos de las pol\u00edticas de libre comercio y globalizaci\u00f3n,\u2026","rel":"","context":"En \u00abJuventud Patri\u00f3tica\u00bb","block_context":{"text":"Juventud Patri\u00f3tica","link":"https:\/\/moir.com.co\/web\/category\/juventud-patriotica\/"},"img":{"alt_text":"","src":"","width":0,"height":0},"classes":[]},{"id":128,"url":"https:\/\/moir.com.co\/web\/por-un-programa-democratico-y-antiimperialista-para-la-juventud-colombiana\/","url_meta":{"origin":1109,"position":2},"title":"POR UN PROGRAMA DEMOCR\u00c1TICO Y ANTIIMPERIALISTA PARA LA JUVENTUD COLOMBIANA","author":"admin","date":"agosto 6, 2004","format":false,"excerpt":"La cat\u00e1strofe nacional y educativa Colombia sufre hoy su peor crisis en cien a\u00f1os. Desde que comenz\u00f3 la pol\u00edtica de apertura econ\u00f3mica a comienzos de los noventa, los males seculares de la naci\u00f3n se han agravado enormemente. La industria y la agricultura quiebran masivamente. Cerca de la mitad de la\u2026","rel":"","context":"En \u00abJuventud Patri\u00f3tica\u00bb","block_context":{"text":"Juventud Patri\u00f3tica","link":"https:\/\/moir.com.co\/web\/category\/juventud-patriotica\/"},"img":{"alt_text":"","src":"","width":0,"height":0},"classes":[]},{"id":2263,"url":"https:\/\/moir.com.co\/web\/defendamos-una-educacion-publica-y-de-calidad-para-todos\/","url_meta":{"origin":1109,"position":3},"title":"DEFENDAMOS UNA EDUCACI\u00d3N P\u00daBLICA Y DE CALIDAD PARA TODOS","author":"admin","date":"abril 11, 2008","format":false,"excerpt":"OCE-Kennedy, Bogot\u00e1, abril de 2008 Mientras el gobierno de \u00c1lvaro Uribe V\u00e9lez vuelca un alud de demagogia sobre la calidad de la educaci\u00f3n colombiana, la arremetida neoliberal se hace cada vez m\u00e1s fuerte. Se han dictado una serie de medidas que van en detrimento de la calidad educativa. Ejemplo de\u2026","rel":"","context":"En \u00abJuventud Patri\u00f3tica\u00bb","block_context":{"text":"Juventud Patri\u00f3tica","link":"https:\/\/moir.com.co\/web\/category\/juventud-patriotica\/"},"img":{"alt_text":"","src":"","width":0,"height":0},"classes":[]},{"id":21343,"url":"https:\/\/moir.com.co\/web\/a-defender-la-educacion-publica\/","url_meta":{"origin":1109,"position":4},"title":"\u00a1A DEFENDER LA EDUCACI\u00d3N P\u00daBLICA!","author":"admin","date":"febrero 17, 2009","format":false,"excerpt":"En aplicaci\u00f3n de su pol\u00edtica contra las organizaciones de los trabajadores a fin de arrebatarles todos sus derechos, la administraci\u00f3n Pastrana dirige su punta de lanza contra la Federaci\u00f3n Colombiana de Educadores. El prop\u00f3sito de este gobierno ha sido acabar con las organizaciones sindicales como Fecode, privatizar la educaci\u00f3n p\u00fablica\u2026","rel":"","context":"En \u00abTribuna Roja N\u00ba 79; octubre 30 de 1999\u00bb","block_context":{"text":"Tribuna Roja N\u00ba 79; octubre 30 de 1999","link":"https:\/\/moir.com.co\/web\/category\/tribuna-roja\/ediciones-1995-1999\/tribuna-roja-no-79-octubre-30-de-1999\/"},"img":{"alt_text":"","src":"","width":0,"height":0},"classes":[]},{"id":400,"url":"https:\/\/moir.com.co\/web\/por-la-defensa-de-la-educacion-publica\/","url_meta":{"origin":1109,"position":5},"title":"POR LA DEFENSA DE LA EDUCACI\u00d3N P\u00daBLICA","author":"admin","date":"agosto 8, 2004","format":false,"excerpt":"Un conjunto de dirigentes y organizaciones estudiantiles y juveniles de todo el pa\u00eds, tanto de secundaria como de universidades y otras instituciones educativas hemos decidido constituir la Organizaci\u00f3n Colombiana de Estudiantes, OCE, que luchar\u00e1 por la organizaci\u00f3n democr\u00e1tica y representativa de los estudiantes e impulsar\u00e1 la movilizaci\u00f3n en defensa de\u2026","rel":"","context":"En \u00abJuventud Patri\u00f3tica\u00bb","block_context":{"text":"Juventud Patri\u00f3tica","link":"https:\/\/moir.com.co\/web\/category\/juventud-patriotica\/"},"img":{"alt_text":"","src":"","width":0,"height":0},"classes":[]}],"jetpack_sharing_enabled":true,"_links":{"self":[{"href":"https:\/\/moir.com.co\/web\/wp-json\/wp\/v2\/posts\/1109","targetHints":{"allow":["GET"]}}],"collection":[{"href":"https:\/\/moir.com.co\/web\/wp-json\/wp\/v2\/posts"}],"about":[{"href":"https:\/\/moir.com.co\/web\/wp-json\/wp\/v2\/types\/post"}],"author":[{"embeddable":true,"href":"https:\/\/moir.com.co\/web\/wp-json\/wp\/v2\/users\/1"}],"replies":[{"embeddable":true,"href":"https:\/\/moir.com.co\/web\/wp-json\/wp\/v2\/comments?post=1109"}],"version-history":[{"count":0,"href":"https:\/\/moir.com.co\/web\/wp-json\/wp\/v2\/posts\/1109\/revisions"}],"wp:attachment":[{"href":"https:\/\/moir.com.co\/web\/wp-json\/wp\/v2\/media?parent=1109"}],"wp:term":[{"taxonomy":"category","embeddable":true,"href":"https:\/\/moir.com.co\/web\/wp-json\/wp\/v2\/categories?post=1109"},{"taxonomy":"post_tag","embeddable":true,"href":"https:\/\/moir.com.co\/web\/wp-json\/wp\/v2\/tags?post=1109"}],"curies":[{"name":"wp","href":"https:\/\/api.w.org\/{rel}","templated":true}]}}