{"id":1107,"date":"2005-01-28T07:00:00","date_gmt":"2005-01-28T07:00:00","guid":{"rendered":"https:\/\/moir.org.co\/web\/elevar-la-resistencia-civil-ante-la-devastacion-de-la-agricultura-negociada-en-el-tlc\/"},"modified":"2005-01-28T07:00:00","modified_gmt":"2005-01-28T07:00:00","slug":"elevar-la-resistencia-civil-ante-la-devastacion-de-la-agricultura-negociada-en-el-tlc","status":"publish","type":"post","link":"https:\/\/moir.com.co\/web\/elevar-la-resistencia-civil-ante-la-devastacion-de-la-agricultura-negociada-en-el-tlc\/","title":{"rendered":"\u00a1ELEVAR LA RESISTENCIA CIVIL ANTE LA DEVASTACI\u00d3N DE LA AGRICULTURA NEGOCIADA  EN EL TLC\u00a1"},"content":{"rendered":"<p>Asociaci\u00f3n Nacional por la Salvaci\u00f3n Agropecuaria, Ibagu\u00e9, febrero 6 de 2005<\/p>\n<p>Entre el 7 y el 11 de febrero se llevar\u00e1 cabo en Cartagena una negociaci\u00f3n trascendental para el sector agropecuario colombiano dentro de las que se realizan en el Tratado de Libre Comercio de Colombia con Estados Unidos. Esta ronda definitiva se realizar\u00e1, entre otras, en medio de los avisos de una nueva \u201cinundaci\u00f3n\u201d de arroz importado de Venezuela por contrabando sobre el mercado colombiano, de las denuncias acerca del ingreso de varios miles de toneladas de az\u00facar deteriorado, de las amenazas de expulsi\u00f3n de sus tierras a ind\u00edgenas y campesinos, causada por el adelanto de planes energ\u00e9ticos y viales o por proyectos como la llamada Ley de P\u00e1ramos, de las justas quejas de los algodoneros que se resisten a sembrar ante el bajo precio de la fibra fijado por el Gobierno para los productores del interior, a 3.800.000 pesos la tonelada, de la posici\u00f3n dominante incontrolada de las transnacionales que venden los agroqu\u00edmicos, como lo manifest\u00f3 el propio Ministro Arias en El Espinal, del acoso a los paneleros por la absurda reglamentaci\u00f3n para la elaboraci\u00f3n de su producto decretada para cumplir normas de la Organizaci\u00f3n Mundial del Comercio ( OMC) y de una cosecha cafetera anual que en 2004 pese a los altos precios internacionales no compens\u00f3 en mayor grado las bajas en la producci\u00f3n.<\/p>\n<p>Como si esto fuera poco, las se\u00f1ales emitidas previamente a las conversaciones de Cartagena permiten advertir que lo que se pactar\u00e1 ser\u00e1 la destrucci\u00f3n del campo colombiano al eliminar el mecanismo de protecci\u00f3n para la producci\u00f3n nacional de las franjas de precios, reemplaz\u00e1ndolo por salvaguardias especiales. No puede catalogarse de otra forma un acuerdo en el cual Colombia ya renunci\u00f3 a la principal protecci\u00f3n de su agricultura, un mecanismo transitorio mientras los impuestos aduaneros o aranceles llegan a cero, que admite desde el propio comienzo lotes de importaci\u00f3n de g\u00e9neros estadounidenses sin aranceles para los pocos productos definidos como \u201csensibles\u201d y que ha demostrado ser una burla en otros tratados, como M\u00e9xico y Centroam\u00e9rica. Entre tanto, Estados Unidos no renuncia a sus multimillonarios subsidios que le permitir\u00e1n traer sus art\u00edculos agropecuarios a precios por debajo del costo de producci\u00f3n y, a la vez, se muestra reticente a permitir el ingreso de los productos colombianos a su mercado. Tan grave es lo que se firmar\u00e1 que el ambiguo ministro Cano se retir\u00f3 del cargo ante la hecatombe que se viene.<\/p>\n<p>Tan inicuo trato, igual a los que los imperios firman con sus colonias, debe ser rechazado con la mayor energ\u00eda por los millones de campesinos peque\u00f1os y medianos y empresarios rurales que van a ser sacrificados y por la naci\u00f3n colombiana la cual as\u00ed perder\u00e1 su soberan\u00eda alimentaria. En consecuencia, la ASOCIACI\u00d3N NACIONAL POR LA SALVACI\u00d3N AGROPECUARIA ha orientado a sus afiliados a participar en los actos que por el territorio nacional se realizar\u00e1n el 10 de febrero contra el TLC, movilizando especialmente delegaciones de caficultores a Manizales, de arroceros a Ibagu\u00e9, de los agricultores de la Costa Atl\u00e1ntica a Cartagena y de campesinos e ind\u00edgenas a Popay\u00e1n como pre\u00e1mbulo a las consultas, que en 5 municipios del Cauca se celebrar\u00e1n el 6 de marzo como antecedente democr\u00e1tico, que preguntar\u00e1n a todos los ciudadanos sobre la firma del TLC. Estas expresiones est\u00e1n en la t\u00f3nica de elevar la Resistencia Civil ante la perentoria destrucci\u00f3n del agro que se acordar\u00e1 en Cartagena.<\/p>\n<p>\u00c1NGEL MAR\u00cdA CABALLERO L.<br \/>\nPresidente<\/p>\n<p>AURELIOSU\u00c1REZ M.<br \/>\nDirector Ejecutivo<\/p>\n","protected":false},"excerpt":{"rendered":"<p>Asociaci\u00f3n Nacional por la Salvaci\u00f3n Agropecuaria, Ibagu\u00e9, febrero 6 de 2005 Entre el 7 y el 11 de febrero se llevar\u00e1 cabo en Cartagena una negociaci\u00f3n trascendental para el sector agropecuario colombiano dentro de las que se realizan en el Tratado de Libre Comercio de Colombia con Estados Unidos. Esta ronda definitiva se realizar\u00e1, entre [&hellip;]<\/p>\n","protected":false},"author":1,"featured_media":0,"comment_status":"open","ping_status":"open","sticky":false,"template":"","format":"standard","meta":{"advanced_seo_description":"","jetpack_seo_html_title":"","jetpack_seo_noindex":false,"_jetpack_memberships_contains_paid_content":false,"footnotes":""},"categories":[7],"tags":[],"class_list":["post-1107","post","type-post","status-publish","format-standard","hentry","category-pronunciamientos-de-organizaciones-sociales"],"jetpack_featured_media_url":"","jetpack-related-posts":[{"id":5219,"url":"https:\/\/moir.com.co\/web\/foro-prodefensa-de-la-cadena-lactea-de-antioquia\/","url_meta":{"origin":1107,"position":0},"title":"Foro prodefensa de la cadena l\u00e1ctea de Antioquia","author":"admin","date":"enero 28, 2011","format":false,"excerpt":"E V E N T O FORO PRODEFENSA DE LA CADENA L\u00c1CTEA DE ANTIOQUIA SAN PEDRO DE LOS MILAGROS JUEVES 10 DE FEBRERO 2011 La poblaci\u00f3n de San Pedro de Los Milagros actuar\u00e1 como sede para el Foro Prodefensa de la Cadena L\u00e1ctea del Norte de Antioquia que se realizar\u00e1\u2026","rel":"","context":"En \u00abPronunciamientos de Organizaciones Sociales\u00bb","block_context":{"text":"Pronunciamientos de Organizaciones Sociales","link":"https:\/\/moir.com.co\/web\/category\/pronunciamientos-de-organizaciones-sociales\/"},"img":{"alt_text":"","src":"","width":0,"height":0},"classes":[]},{"id":9070,"url":"https:\/\/moir.com.co\/web\/condenamos-judicializacion-en-contra-de-cesar-augusto-pachon-achury\/","url_meta":{"origin":1107,"position":1},"title":"Condenamos judicializaci\u00f3n en contra de Cesar Augusto Pach\u00f3n Achury","author":"admin","date":"febrero 6, 2015","format":false,"excerpt":"El Comit\u00e9 Ejecutivo Nacional, la Junta Directiva Nacional, la Direcci\u00f3n Nacional de Delegados y las organizaciones y agremiados en Dignidad Agropecuaria Colombiana objetamos y reprobamos la judicializaci\u00f3n de nuestro vocero nacional Cesar Augusto Pach\u00f3n Achury y exigimos cese la estigmatizaci\u00f3n y persecuci\u00f3n de dirigentes c\u00edvicos, sociales, populares, sindicales y agrarios.\u2026","rel":"","context":"En \u00abPronunciamientos de Organizaciones Sociales\u00bb","block_context":{"text":"Pronunciamientos de Organizaciones Sociales","link":"https:\/\/moir.com.co\/web\/category\/pronunciamientos-de-organizaciones-sociales\/"},"img":{"alt_text":"","src":"","width":0,"height":0},"classes":[]},{"id":8246,"url":"https:\/\/moir.com.co\/web\/senador-jorge-robledo-en-barranquilla-jueves-20-de-febrero\/","url_meta":{"origin":1107,"position":2},"title":"Senador Jorge Robledo en Barranquilla jueves 20 de febrero","author":"admin","date":"febrero 17, 2014","format":false,"excerpt":"El senador Jorge Enrique Robledo Castillo adelanta una intensa y extensa campa\u00f1a electoral por el territorio nacional, difundiendo las labores que ha realizado en el congreso de la Rep\u00fablica, los debates de control pol\u00edtico y el respaldo a los reclamos democr\u00e1ticos de los colombianos. La tesis central del senador Robledo\u2026","rel":"","context":"En \u00abPolo Democr\u00e1tico Alternativo\u00bb","block_context":{"text":"Polo Democr\u00e1tico Alternativo","link":"https:\/\/moir.com.co\/web\/category\/polo-democratico-alternativo\/"},"img":{"alt_text":"","src":"","width":0,"height":0},"classes":[]},{"id":11671,"url":"https:\/\/moir.com.co\/web\/declaracion-del-comite-ejecutivo-nacional-ampliado-de-dignidad-agropecuaria-colombiana\/","url_meta":{"origin":1107,"position":3},"title":"Declaraci\u00f3n del Comit\u00e9 Ejecutivo Nacional Ampliado de Dignidad Agropecuaria Colombiana","author":"admin","date":"febrero 8, 2017","format":false,"excerpt":"Comit\u00e9 Ejecutivo Nacional Ampliado de Dignidad Agropecuaria Colombiana, Bogot\u00e1, febrero 3 de 2017 El Comit\u00e9 Ejecutivo Nacional Ampliado de Dignidad Agropecuaria Colombiana una vez analizadas las actividades adelantadas durante el a\u00f1o 2016 expresa su satisfacci\u00f3n por la labor realizada, en especial, la del Referendo por el Agro Nacional. Aunque no\u2026","rel":"","context":"En \u00abAgro\u00bb","block_context":{"text":"Agro","link":"https:\/\/moir.com.co\/web\/category\/temas\/agro\/"},"img":{"alt_text":"","src":"https:\/\/i0.wp.com\/moir.com.co\/web\/wp-content\/uploads\/2016\/11\/agricultura.jpg?fit=420%2C290&ssl=1&resize=350%2C200","width":350,"height":200},"classes":[]},{"id":21170,"url":"https:\/\/moir.com.co\/web\/la-sac-rechaza-imposiciones-del-banco-mundial\/","url_meta":{"origin":1107,"position":4},"title":"LA SAC RECHAZA IMPOSICIONES DEL BANCO MUNDIAL","author":"admin","date":"septiembre 13, 2005","format":false,"excerpt":"Privatizar y liberar en un 80% la importaci\u00f3n de alimentos y eliminar el cr\u00e9dito subsidiado para el sector agropecuario, son las imposiciones que aparecen en el documento que firmar\u00e1n el Banco Mundial y el gobierno colombiano en pr\u00f3ximos d\u00edas. Todas ellas han sido rechazadas por la Sociedad de Agricultores de\u2026","rel":"","context":"En \u00abTribuna Roja N\u00ba 51, Bogot\u00e1, febrero de 1986\u00bb","block_context":{"text":"Tribuna Roja N\u00ba 51, Bogot\u00e1, febrero de 1986","link":"https:\/\/moir.com.co\/web\/category\/tribuna-roja\/ediciones-1985-1989\/tribuna-roja-no-51-bogota-febrero-de-1986\/"},"img":{"alt_text":"","src":"","width":0,"height":0},"classes":[]},{"id":8650,"url":"https:\/\/moir.com.co\/web\/concluye-exitosamente-pre-congreso-de-dignidad-agropecuaria-colombiana\/","url_meta":{"origin":1107,"position":5},"title":"Concluye exitosamente Pre-Congreso de Dignidad Agropecuaria Colombiana","author":"admin","date":"agosto 20, 2014","format":false,"excerpt":"Ayer, con la presencia de dirigentes de Nari\u00f1o, Cauca, Valle del Cauca, Quind\u00edo, Risaralda, Caldas, Antioqu\u00eda, Cesar, Santander, Boyac\u00e1, Meta, Cundinamarca, Tolima y Huila, productores de Caf\u00e9, Ca\u00f1a Panelera, Arroz, Papa, Leche, Ganado de Carne, Aguacate y otras frutas, cebolla y otras Hortalizas, se reuni\u00f3 en Bogot\u00e1 el Pre-Congreso de\u2026","rel":"","context":"En \u00abPronunciamientos de Organizaciones Sociales\u00bb","block_context":{"text":"Pronunciamientos de Organizaciones Sociales","link":"https:\/\/moir.com.co\/web\/category\/pronunciamientos-de-organizaciones-sociales\/"},"img":{"alt_text":"","src":"","width":0,"height":0},"classes":[]}],"jetpack_sharing_enabled":true,"_links":{"self":[{"href":"https:\/\/moir.com.co\/web\/wp-json\/wp\/v2\/posts\/1107","targetHints":{"allow":["GET"]}}],"collection":[{"href":"https:\/\/moir.com.co\/web\/wp-json\/wp\/v2\/posts"}],"about":[{"href":"https:\/\/moir.com.co\/web\/wp-json\/wp\/v2\/types\/post"}],"author":[{"embeddable":true,"href":"https:\/\/moir.com.co\/web\/wp-json\/wp\/v2\/users\/1"}],"replies":[{"embeddable":true,"href":"https:\/\/moir.com.co\/web\/wp-json\/wp\/v2\/comments?post=1107"}],"version-history":[{"count":0,"href":"https:\/\/moir.com.co\/web\/wp-json\/wp\/v2\/posts\/1107\/revisions"}],"wp:attachment":[{"href":"https:\/\/moir.com.co\/web\/wp-json\/wp\/v2\/media?parent=1107"}],"wp:term":[{"taxonomy":"category","embeddable":true,"href":"https:\/\/moir.com.co\/web\/wp-json\/wp\/v2\/categories?post=1107"},{"taxonomy":"post_tag","embeddable":true,"href":"https:\/\/moir.com.co\/web\/wp-json\/wp\/v2\/tags?post=1107"}],"curies":[{"name":"wp","href":"https:\/\/api.w.org\/{rel}","templated":true}]}}