{"id":1095,"date":"2005-01-11T07:00:00","date_gmt":"2005-01-11T07:00:00","guid":{"rendered":"https:\/\/moir.org.co\/web\/declaracion-del-comite-pro-coordinadora-nacional-de-usuarios-de-servicios-publicos\/"},"modified":"2005-01-11T07:00:00","modified_gmt":"2005-01-11T07:00:00","slug":"declaracion-del-comite-pro-coordinadora-nacional-de-usuarios-de-servicios-publicos","status":"publish","type":"post","link":"https:\/\/moir.com.co\/web\/declaracion-del-comite-pro-coordinadora-nacional-de-usuarios-de-servicios-publicos\/","title":{"rendered":"DECLARACI\u00d3N DEL COMIT\u00c9 PRO-COORDINADORA NACIONAL DE USUARIOS DE SERVICIOS P\u00daBLICOS"},"content":{"rendered":"<p>Comit\u00e9 Pro-Coordinadora Nacional de Usuarios de Servicios P\u00fablicos, Manizales, enero 15 de 2005<\/p>\n<p>El Comit\u00e9 Pro-Coordinadora Nacional de Usuarios de Servicios P\u00fablicos, reunido en el Hotel Escorial de la ciudad de Manizales, el 15 de enero de 2005, una vez evaluadas las tareas acordadas en la reuni\u00f3n realizada en Cali el 25 de noviembre del a\u00f1o anterior y analizados los conflictos que enfrentan los usuarios en este nuevo a\u00f1o, declara:<\/p>\n<p>1. Reafirmar la participaci\u00f3n masiva de los usuarios en las movilizaciones que se realizar\u00e1n el 10 de febrero en todo el pa\u00eds, contra el Tratado de Libre Comercio \u2013TLC- que negocia el gobierno de Uribe con los Estados Unidos y que significar\u00e1 la entrega total de los recursos naturales, las empresas de servicios y el mercado de nuestra naci\u00f3n a los intereses de las grandes multinacionales.<\/p>\n<p>2. Para continuar con el proceso de creaci\u00f3n de una organizaci\u00f3n unitaria de usuarios, convocar en la mayor cantidad de municipios del pa\u00eds, marchas, foros, reuniones y eventos, para protestar contra las alzas en las tarifas de los servicios p\u00fablicos, la estratificaci\u00f3n, la reducci\u00f3n en los consumos b\u00e1sicos, y por la derogatoria de la Ley 142 de 1994. Dichas movilizaciones se realizar\u00e1n el 23 de febrero y concluir\u00e1n con un apag\u00f3n que se llevar\u00e1 a cabo el mismo d\u00eda, entre las 8 y 8:30 de la noche.<\/p>\n<p>3. Organizar encuentros departamentales y regionales que discutan las diversas propuestas sobre el nombre, el programa, los m\u00e9todos de lucha y las normas de funcionamiento, que debe tener la organizaci\u00f3n nacional de usuarios que se constituya. Presentar al Comit\u00e9 Pro-Coordinadora, las conclusiones de dichos encuentros, para que este material sirva de insumo para la elaboraci\u00f3n de los documentos finales a aprobar en el Congreso Nacional de Usuarios.<\/p>\n<p>4. Ratificar la realizaci\u00f3n del Congreso Nacional de Usuarios de Servicios P\u00fablicos los d\u00edas 21 y 22 de julio de 2005, en la ciudad de Bogot\u00e1, y comprometernos a que a \u00e9ste asistan la mayor cantidad de delegados de la mayor cantidad de organizaciones y municipios de Colombia.<\/p>\n<p>5. Respaldar las luchas adelantadas por los usuarios de Cali contra el convenio de reestructuraci\u00f3n de Emcali, impuesto por el gobierno de Uribe, el Fondo de Capitalizaci\u00f3n Social y el cobro a los usuarios de la PTAR y el PPA de termoemcali; la de los usuarios de Bogot\u00e1 contra la privatizaci\u00f3n de la empresa de acueducto y alcantarillado y el incremento de la tarifa m\u00e1s costosa del pa\u00eds; la de los trabajadores y el pueblo de Quibd\u00f3 contra la privatizaci\u00f3n de la empresa de acueducto; la del pueblo de La Dorada, Caldas, contra el trasvase del R\u00edo Guarin\u00f3 y por la defensa del agua; la de los trabajadores y usuarios de EPM en contra del plan del alcalde Fajardo de dividir la empresa y privatizar los servicios de telefon\u00eda y energ\u00eda; la de los usuarios de la Costa Atl\u00e1ntica contra el plan de energ\u00eda social, el corte del servicio y la privatizaci\u00f3n de los acueductos en especial el de Valledupar; la de los usuarios del \u00e1rea metropolitana de Bucaramanga por la reconstituci\u00f3n de sus empresas p\u00fablicas municipales; la de los usuarios en contra de las privatizaciones de los acueductos de Pereira, Armenia y Neiva; la de los Quindianos en contra de la pol\u00edtica de liquidaci\u00f3n de la empresa de energ\u00eda y la de los Caucanos contra la privatizaci\u00f3n de cedelca y la prestaci\u00f3n del servicio a trav\u00e9s de terceros; y todas las dem\u00e1s luchas de trabajadores y usuarios contra las pol\u00edticas neoliberales implementadas por el gobierno de Uribe V\u00e9lez.<\/p>\n","protected":false},"excerpt":{"rendered":"<p>Comit\u00e9 Pro-Coordinadora Nacional de Usuarios de Servicios P\u00fablicos, Manizales, enero 15 de 2005 El Comit\u00e9 Pro-Coordinadora Nacional de Usuarios de Servicios P\u00fablicos, reunido en el Hotel Escorial de la ciudad de Manizales, el 15 de enero de 2005, una vez evaluadas las tareas acordadas en la reuni\u00f3n realizada en Cali el 25 de noviembre del [&hellip;]<\/p>\n","protected":false},"author":1,"featured_media":0,"comment_status":"open","ping_status":"open","sticky":false,"template":"","format":"standard","meta":{"advanced_seo_description":"","jetpack_seo_html_title":"","jetpack_seo_noindex":false,"_jetpack_memberships_contains_paid_content":false,"footnotes":""},"categories":[7],"tags":[],"class_list":["post-1095","post","type-post","status-publish","format-standard","hentry","category-pronunciamientos-de-organizaciones-sociales"],"jetpack_featured_media_url":"","jetpack-related-posts":[{"id":1071,"url":"https:\/\/moir.com.co\/web\/avanza-proceso-de-organizacion-de-los-usuarios-de-servicios-publicos\/","url_meta":{"origin":1095,"position":0},"title":"AVANZA PROCESO DE ORGANIZACI\u00d3N DE LOS USUARIOS DE SERVICIOS P\u00daBLICOS","author":"admin","date":"noviembre 22, 2004","format":false,"excerpt":"Cali, noviembre 25 de 2004 Convocado por la Internacional de Servicios P\u00fablicos -ISP-, el Sindicato de Trabajadores de Emcali \u2013Sintraemcali-, el Sindicato de Trabajadores de Emsirva -Sintraemsirva-, el Sindicato De Trabajadores Y Empleados De Servicios P\u00fablicos, Corporaciones Aut\u00f3nomas, Institutos Descentralizados Y Territoriales De Colombia \u2013Sintraemsdes-, el Movimiento de Usuarios Financieros\u2026","rel":"","context":"En \u00abPronunciamientos de Organizaciones Sociales\u00bb","block_context":{"text":"Pronunciamientos de Organizaciones Sociales","link":"https:\/\/moir.com.co\/web\/category\/pronunciamientos-de-organizaciones-sociales\/"},"img":{"alt_text":"","src":"","width":0,"height":0},"classes":[]},{"id":20453,"url":"https:\/\/moir.com.co\/web\/avanza-organizacion-de-los-usuarios-de-servicios-publicos\/","url_meta":{"origin":1095,"position":1},"title":"AVANZA ORGANIZACI\u00d3N DE LOS USUARIOS DE SERVICIOS P\u00daBLICOS","author":"admin","date":"noviembre 20, 2004","format":false,"excerpt":"Convocados por la Internacional de Servicios P\u00fablicos, ISP, el Movimiento de Usuarios Financieros y Consumidores Vital, el Sindicato de Trabajadores de Emcali, Sintraemcali, el Sindicato de Trabajadores de Emsirva, Sintraemsirva, el Sindicato de Trabajadores y Empleados de Municipios y Empresas Descentralizadas, Sintraemdes, y el Comit\u00e9 Pro Coordinadora Nacional de Usuarios,\u2026","rel":"","context":"En \u00abTribuna Roja N\u00ba 98, diciembre 4 de 2004\u00bb","block_context":{"text":"Tribuna Roja N\u00ba 98, diciembre 4 de 2004","link":"https:\/\/moir.com.co\/web\/category\/tribuna-roja\/ediciones-2000-2004\/tribuna-roja-no-98-diciembre-4-de-2004\/"},"img":{"alt_text":"","src":"","width":0,"height":0},"classes":[]},{"id":20750,"url":"https:\/\/moir.com.co\/web\/con-gran-animo-unitario-avanza-organizacion-de-los-usuarios-de-los-servicios-publicos\/","url_meta":{"origin":1095,"position":2},"title":"CON GRAN \u00c1NIMO UNITARIO AVANZA ORGANIZACI\u00d3N DE LOS USUARIOS DE LOS SERVICIOS P\u00daBLICOS","author":"admin","date":"marzo 2, 2005","format":false,"excerpt":"Por Oscar Guti\u00e9rrez Reyes Urgidas por la idea y la necesidad de construir una organizaci\u00f3n nacional de usuarios de servicios p\u00fablicos, diversas organizaciones del sector vienen trabajando desde hace varios meses para encontrar los lineamientos b\u00e1sicos de un acuerdo que permita aglutinar, en una coordinadora nacional, la mayor cantidad de\u2026","rel":"","context":"En \u00abTribuna Roja N\u00ba 99, marzo 10 de 2005\u00bb","block_context":{"text":"Tribuna Roja N\u00ba 99, marzo 10 de 2005","link":"https:\/\/moir.com.co\/web\/category\/tribuna-roja\/ediciones-2005-2009\/tribuna-roja-no-99-marzo-10-de-2005\/"},"img":{"alt_text":"","src":"","width":0,"height":0},"classes":[]},{"id":1039,"url":"https:\/\/moir.com.co\/web\/encuentro-nacional-lucha-popular-y-servicios-publicos-conclusiones-preliminares\/","url_meta":{"origin":1095,"position":3},"title":"ENCUENTRO NACIONAL: LUCHA POPULAR Y SERVICIOS P\u00daBLICOS. CONCLUSIONES PRELIMINARES","author":"admin","date":"octubre 9, 2004","format":false,"excerpt":"El 14 y 15 de 0ctubre de 2004 se realiz\u00f3 en Medell\u00edn el Encuentro Nacional Lucha Popular y Servicios P\u00fablicos. Los objetivos del encuentro fueron compartir experiencias de Lucha Popular en materia de servicios p\u00fablicos domiciliarios y favorecer la construcci\u00f3n de una agenda y programa nacional, sin desconocer las especificidades\u2026","rel":"","context":"En \u00abPronunciamientos de Organizaciones Sociales\u00bb","block_context":{"text":"Pronunciamientos de Organizaciones Sociales","link":"https:\/\/moir.com.co\/web\/category\/pronunciamientos-de-organizaciones-sociales\/"},"img":{"alt_text":"","src":"","width":0,"height":0},"classes":[]},{"id":1733,"url":"https:\/\/moir.com.co\/web\/creada-la-asociacion-de-ligas-de-caldas\/","url_meta":{"origin":1095,"position":4},"title":"CREADA LA ASOCIACI\u00d3N DE LIGAS DE CALDAS","author":"admin","date":"febrero 8, 2005","format":false,"excerpt":"\u201cEl Encuentro pidi\u00f3 la eliminaci\u00f3n de la estratificaci\u00f3n aprobada por Planeaci\u00f3n Nacional y solicit\u00f3 la derogatoria de la Ley 142 de 1994. Fue un\u00e1nime el rechazo a las imposiciones del Fondo Monetario Internacional. La pol\u00edtica estatal de servicios p\u00fablicos debe definirse de manera soberana y libre, se\u00f1ala finalmente el programa\u2026","rel":"","context":"En \u00abServicios p\u00fablicos\u00bb","block_context":{"text":"Servicios p\u00fablicos","link":"https:\/\/moir.com.co\/web\/category\/temas\/servicios-publicos-articulos-de-actualidad\/"},"img":{"alt_text":"","src":"","width":0,"height":0},"classes":[]},{"id":21025,"url":"https:\/\/moir.com.co\/web\/asociacion-de-ligas-de-usuarios-de-caldas-modelo-para-el-pais\/","url_meta":{"origin":1095,"position":5},"title":"ASOCIACI\u00d3N DE LIGAS DE USUARIOS DE CALDAS, MODELO PARA EL PA\u00cdS","author":"admin","date":"mayo 2, 2005","format":false,"excerpt":"En el auditorio de las Empresas P\u00fablicas de Manizales se cre\u00f3 el pasado 10 de mayo la Asociaci\u00f3n de Ligas, Comit\u00e9s y Usuarios de Servicios P\u00fablicos Domiciliarios de Caldas. Al evento asistieron setenta delegados de Manizales, La Dorada, Chinchin\u00e1, Riosucio, Anserma, Risaralda, Palestina, Aranzazu y Neira. Tambi\u00e9n tomaron parte los\u2026","rel":"","context":"En \u00abTribuna Roja N\u00b0 66, Bogot\u00e1; julio 9 de 1996\u00bb","block_context":{"text":"Tribuna Roja N\u00b0 66, Bogot\u00e1; julio 9 de 1996","link":"https:\/\/moir.com.co\/web\/category\/tribuna-roja\/ediciones-1995-1999\/tribuna-roja-n-66-bogota-julio-9-de-1996\/"},"img":{"alt_text":"","src":"","width":0,"height":0},"classes":[]}],"jetpack_sharing_enabled":true,"_links":{"self":[{"href":"https:\/\/moir.com.co\/web\/wp-json\/wp\/v2\/posts\/1095","targetHints":{"allow":["GET"]}}],"collection":[{"href":"https:\/\/moir.com.co\/web\/wp-json\/wp\/v2\/posts"}],"about":[{"href":"https:\/\/moir.com.co\/web\/wp-json\/wp\/v2\/types\/post"}],"author":[{"embeddable":true,"href":"https:\/\/moir.com.co\/web\/wp-json\/wp\/v2\/users\/1"}],"replies":[{"embeddable":true,"href":"https:\/\/moir.com.co\/web\/wp-json\/wp\/v2\/comments?post=1095"}],"version-history":[{"count":0,"href":"https:\/\/moir.com.co\/web\/wp-json\/wp\/v2\/posts\/1095\/revisions"}],"wp:attachment":[{"href":"https:\/\/moir.com.co\/web\/wp-json\/wp\/v2\/media?parent=1095"}],"wp:term":[{"taxonomy":"category","embeddable":true,"href":"https:\/\/moir.com.co\/web\/wp-json\/wp\/v2\/categories?post=1095"},{"taxonomy":"post_tag","embeddable":true,"href":"https:\/\/moir.com.co\/web\/wp-json\/wp\/v2\/tags?post=1095"}],"curies":[{"name":"wp","href":"https:\/\/api.w.org\/{rel}","templated":true}]}}