{"id":1080,"date":"2004-12-04T07:00:00","date_gmt":"2004-12-04T07:00:00","guid":{"rendered":"https:\/\/moir.org.co\/web\/fortalecer-la-organizacion-y-promover-la-precandidatura-unitaria-de-carlos-gaviria-diaz\/"},"modified":"2004-12-04T07:00:00","modified_gmt":"2004-12-04T07:00:00","slug":"fortalecer-la-organizacion-y-promover-la-precandidatura-unitaria-de-carlos-gaviria-diaz","status":"publish","type":"post","link":"https:\/\/moir.com.co\/web\/fortalecer-la-organizacion-y-promover-la-precandidatura-unitaria-de-carlos-gaviria-diaz\/","title":{"rendered":"FORTALECER LA ORGANIZACI\u00d3N Y PROMOVER LA PRECANDIDATURA UNITARIA DE CARLOS GAVIRIA D\u00cdAZ"},"content":{"rendered":"<p>Bogot\u00e1, 30 de octubre de 2004<\/p>\n<p>Ante la gravedad de la crisis pol\u00edtica, econ\u00f3mica y social que vive Colombia, las medidas cada vez m\u00e1s autoritarias y represivas del gobierno y el creciente intervencionismo de los Estados Unidos, permitido y propiciado por el gobierno nacional, Alternativa Democr\u00e1tica ratifica:<\/p>\n<p>1. Su decidida oposici\u00f3n al proyecto econ\u00f3mico, social y pol\u00edtico que representa el presidente \u00c1lvaro Uribe V\u00e9lez, a su agenda legislativa y a sus actividades reeleccionistas.<\/p>\n<p>2. Su empe\u00f1o en movilizar a los m\u00e1s amplios sectores en contra del Tratado de Libre Comercio, TLC, que Estados Unidos pretende imponerle a nuestro pa\u00eds y a otras naciones hermanas de Am\u00e9rica Latina.<\/p>\n<p>3. Su rechazo a la restricci\u00f3n de los derechos fundamentales y las libertades p\u00fablicas.<\/p>\n<p>4. Su decisi\u00f3n de buscar soluciones a las necesidades nacionales y poner freno a los deseos uribistas de continuar la destrucci\u00f3n de la red p\u00fablica hospitalaria, la educaci\u00f3n estatal y, en general, la entrega del patrimonio nacional al gran capital y a las multinacionales for\u00e1neas, a las que se les brindan toda clase de ventajas y garant\u00edas, mientras crece la exacci\u00f3n de trabajadores y productores con el aumento de los impuestos y la ampliaci\u00f3n de la base tributaria, las alzas en las tarifas de los servicios p\u00fablicos, los peajes y el precio de la gasolina.<\/p>\n<p>La reuni\u00f3n de parlamentarios aprueba hacer lo conducente para que Alternativa Democr\u00e1tica se convierta en una forma organizativa de m\u00e1s amplio espectro, con un programa y una plataforma de lucha claramente definidos, con normas democr\u00e1ticas de funcionamiento y planes de acci\u00f3n que la pongan al lado del pueblo y las capas medias en sus luchas leg\u00edtimas por sus reivindicaciones, sus libertades y sus derechos, y por la autodeterminaci\u00f3n de nuestra naci\u00f3n.<\/p>\n<p>Dentro de sus labores de promover la m\u00e1s amplia unidad de los colombianos, Alternativa Democr\u00e1tica continuar\u00e1 su activa participaci\u00f3n en la Gran Coalici\u00f3n Democr\u00e1tica, cuyas grandes posibilidades quedaron nuevamente confirmadas por la enorme movilizaci\u00f3n del pasado 12 de octubre.<\/p>\n<p>Alternativa Democr\u00e1tica realizar\u00e1 a partir de los primeros d\u00edas de noviembre del a\u00f1o en curso actos y reuniones para presentar ante los colombianos a Carlos Gaviria D\u00edaz como precandidato a la Presidencia de la Rep\u00fablica, propuesta que se hace con el mayor \u00e1nimo unitario, por lo que adelantar\u00e1 amplios contactos y consultas en torno a ella. As\u00ed mismo, anunciamos nuestro prop\u00f3sito de presentar listas \u00fanicas al Senado de la Rep\u00fablica y a la C\u00e1mara de Representantes en las pr\u00f3ximas elecciones.<\/p>\n<p>Senadores:<br \/>\nCarlos Gaviria D\u00edaz<br \/>\nJorge Enrique Robledo Castillo<br \/>\nLuis Carlos Avellaneda Tarazona<br \/>\nAntonio Javier Pe\u00f1alosa<br \/>\nEfr\u00e9n F\u00e9lix Tarapu\u00e9s Cuaical<\/p>\n<p>Representantes:<br \/>\nWilson Borja D\u00edaz<br \/>\nAlexander L\u00f3pez Maya<br \/>\nVenus Albeiro Silva G\u00f3mez<br \/>\nErm\u00ednsul Sinisterra Santana<\/p>\n","protected":false},"excerpt":{"rendered":"<p>Bogot\u00e1, 30 de octubre de 2004 Ante la gravedad de la crisis pol\u00edtica, econ\u00f3mica y social que vive Colombia, las medidas cada vez m\u00e1s autoritarias y represivas del gobierno y el creciente intervencionismo de los Estados Unidos, permitido y propiciado por el gobierno nacional, Alternativa Democr\u00e1tica ratifica: 1. Su decidida oposici\u00f3n al proyecto econ\u00f3mico, social [&hellip;]<\/p>\n","protected":false},"author":1,"featured_media":0,"comment_status":"open","ping_status":"open","sticky":false,"template":"","format":"standard","meta":{"advanced_seo_description":"","jetpack_seo_html_title":"","jetpack_seo_noindex":false,"_jetpack_memberships_contains_paid_content":false,"footnotes":""},"categories":[7],"tags":[],"class_list":["post-1080","post","type-post","status-publish","format-standard","hentry","category-pronunciamientos-de-organizaciones-sociales"],"jetpack_featured_media_url":"","jetpack-related-posts":[{"id":11284,"url":"https:\/\/moir.com.co\/web\/resolucion-no-01-de-la-junta-directiva-nacional-del-pda-ratificando-oposicion-a-gobierno-de-santos\/","url_meta":{"origin":1080,"position":0},"title":"RESOLUCION No. 01 de la Junta Directiva Nacional del PDA ratificando oposici\u00f3n a gobierno de Santos","author":"admin","date":"diciembre 12, 2016","format":false,"excerpt":"Junta Directiva Nacional PDA, Bogot\u00e1, diciembre 11 de 2016 La Junta Nacional del Polo Democr\u00e1tico Alternativo, reunida en la fecha, en uso de sus facultades legales, de conformidad con los estatutos y el Ideario de Unidad del partido y, CONSIDERANDO: PRIMERO: Que el IV Congreso Nacional del PDA dispuso en\u2026","rel":"","context":"En \u00abPol\u00edtica\u00bb","block_context":{"text":"Pol\u00edtica","link":"https:\/\/moir.com.co\/web\/category\/temas\/politica\/"},"img":{"alt_text":"","src":"https:\/\/i0.wp.com\/moir.com.co\/web\/wp-content\/uploads\/2016\/12\/PoloDemocraticologo.jpg?fit=630%2C366&ssl=1&resize=350%2C200","width":350,"height":200,"srcset":"https:\/\/i0.wp.com\/moir.com.co\/web\/wp-content\/uploads\/2016\/12\/PoloDemocraticologo.jpg?fit=630%2C366&ssl=1&resize=350%2C200 1x, https:\/\/i0.wp.com\/moir.com.co\/web\/wp-content\/uploads\/2016\/12\/PoloDemocraticologo.jpg?fit=630%2C366&ssl=1&resize=525%2C300 1.5x"},"classes":[]},{"id":1269,"url":"https:\/\/moir.com.co\/web\/forjemos-la-unidad-de-la-oposicion-patriotica-y-democratica-en-caldas\/","url_meta":{"origin":1080,"position":1},"title":"FORJEMOS LA UNIDAD DE LA OPOSICI\u00d3N PATRI\u00d3TICA Y DEMOCR\u00c1TICA EN CALDAS","author":"admin","date":"septiembre 19, 2005","format":false,"excerpt":"Manizales, 20 de Septiembre de 2005 Caldas, al igual que Colombia, atraviesa la peor crisis econ\u00f3mica y social de su historia. Cientos de miles de caldenses, as\u00ed como millones de colombianos, enfrentan las peores condiciones de vida, derivadas de la pol\u00edtica econ\u00f3mica que imponen el imperialismo norteamericano, los organismos internacionales\u2026","rel":"","context":"Entrada similar","block_context":{"text":"Entrada similar","link":""},"img":{"alt_text":"","src":"","width":0,"height":0},"classes":[]},{"id":8924,"url":"https:\/\/moir.com.co\/web\/declaracion-politica-del-comite-ejecutivo-nacional-del-polo-democratico-alternativo\/","url_meta":{"origin":1080,"position":2},"title":"Declaraci\u00f3n Pol\u00edtica del Comit\u00e9 Ejecutivo Nacional del Polo Democr\u00e1tico Alternativo","author":"admin","date":"diciembre 5, 2014","format":false,"excerpt":"El Polo Democr\u00e1tico Alternativo reafirma su apoyo a la soluci\u00f3n pol\u00edtica negociada del conflicto armado y exige a las partes persistir en los di\u00e1logos para superar las dificultades que se presenten. Respalda las conversaciones de paz que el Gobierno y las FARC construyen, as\u00ed como las aproximaciones con el ELN,\u2026","rel":"","context":"En \u00abPolo Democr\u00e1tico Alternativo\u00bb","block_context":{"text":"Polo Democr\u00e1tico Alternativo","link":"https:\/\/moir.com.co\/web\/category\/polo-democratico-alternativo\/"},"img":{"alt_text":"","src":"","width":0,"height":0},"classes":[]},{"id":675,"url":"https:\/\/moir.com.co\/web\/declaracion-de-la-cumbre-politica-y-social\/","url_meta":{"origin":1080,"position":3},"title":"DECLARACI\u00d3N DE LA CUMBRE POL\u00cdTICA Y SOCIAL","author":"admin","date":"agosto 11, 2004","format":false,"excerpt":"En esta amplia y representativa Cumbre Pol\u00edtica y Social que se ha realizado hoy, 22 de julio, en el auditorio del edificio Orqu\u00eddea Real de Bogot\u00e1, la Gran Coalici\u00f3n Democr\u00e1tica, los partidos pol\u00edticos democr\u00e1ticos, el movimiento sindical confederado, parlamentarios, diputados y concejales de diversas corrientes pol\u00edticas, los pensionados y las\u2026","rel":"","context":"En \u00abPronunciamientos de Organizaciones Sociales\u00bb","block_context":{"text":"Pronunciamientos de Organizaciones Sociales","link":"https:\/\/moir.com.co\/web\/category\/pronunciamientos-de-organizaciones-sociales\/"},"img":{"alt_text":"","src":"","width":0,"height":0},"classes":[]},{"id":19558,"url":"https:\/\/moir.com.co\/web\/declaracion-de-la-cumbre-politica-y-social-2\/","url_meta":{"origin":1080,"position":4},"title":"DECLARACI\u00d3N DE LA CUMBRE POL\u00cdTICA Y SOCIAL","author":"admin","date":"agosto 4, 2004","format":false,"excerpt":"Bogot\u00e1, julio 22 de 2004 En esta amplia y representativa Cumbre Pol\u00edtica y Social que se ha realizado hoy, 22 de julio, en el auditorio del edificio Orqu\u00eddea Real de Bogot\u00e1, la Gran Coalici\u00f3n Democr\u00e1tica, los partidos pol\u00edticos democr\u00e1ticos, el movimiento sindical confederado, parlamentarios, diputados y concejales de diversas corrientes\u2026","rel":"","context":"En \u00abTribuna Roja N\u00ba 96; Julio 23 de 2004\u00bb","block_context":{"text":"Tribuna Roja N\u00ba 96; Julio 23 de 2004","link":"https:\/\/moir.com.co\/web\/category\/tribuna-roja\/ediciones-2000-2004\/tribuna-roja-no-96-julio-23-de-2004\/"},"img":{"alt_text":"","src":"","width":0,"height":0},"classes":[]},{"id":2845,"url":"https:\/\/moir.com.co\/web\/apertura-plan-colombia-y-tlc\/","url_meta":{"origin":1080,"position":5},"title":"APERTURA, PLAN COLOMBIA Y TLC","author":"admin","date":"marzo 24, 2009","format":false,"excerpt":"Hace diez a\u00f1os el gobierno de Andr\u00e9s Pastrana acept\u00f3 el Plan Colombia con Estados Unidos y firm\u00f3 el Acuerdo Extensivo con el Fondo Monetario Internacional cuando el pa\u00eds se hab\u00eda precipitado a la peor crisis econ\u00f3mica del siglo pasado, como producto de una d\u00e9cada de aplicaci\u00f3n de la apertura econ\u00f3mica\u2026","rel":"","context":"En \u00abTemas\u00bb","block_context":{"text":"Temas","link":"https:\/\/moir.com.co\/web\/category\/temas\/"},"img":{"alt_text":"","src":"","width":0,"height":0},"classes":[]}],"jetpack_sharing_enabled":true,"_links":{"self":[{"href":"https:\/\/moir.com.co\/web\/wp-json\/wp\/v2\/posts\/1080","targetHints":{"allow":["GET"]}}],"collection":[{"href":"https:\/\/moir.com.co\/web\/wp-json\/wp\/v2\/posts"}],"about":[{"href":"https:\/\/moir.com.co\/web\/wp-json\/wp\/v2\/types\/post"}],"author":[{"embeddable":true,"href":"https:\/\/moir.com.co\/web\/wp-json\/wp\/v2\/users\/1"}],"replies":[{"embeddable":true,"href":"https:\/\/moir.com.co\/web\/wp-json\/wp\/v2\/comments?post=1080"}],"version-history":[{"count":0,"href":"https:\/\/moir.com.co\/web\/wp-json\/wp\/v2\/posts\/1080\/revisions"}],"wp:attachment":[{"href":"https:\/\/moir.com.co\/web\/wp-json\/wp\/v2\/media?parent=1080"}],"wp:term":[{"taxonomy":"category","embeddable":true,"href":"https:\/\/moir.com.co\/web\/wp-json\/wp\/v2\/categories?post=1080"},{"taxonomy":"post_tag","embeddable":true,"href":"https:\/\/moir.com.co\/web\/wp-json\/wp\/v2\/tags?post=1080"}],"curies":[{"name":"wp","href":"https:\/\/api.w.org\/{rel}","templated":true}]}}