{"id":1072,"date":"2004-11-22T07:00:00","date_gmt":"2004-11-22T07:00:00","guid":{"rendered":"https:\/\/moir.org.co\/web\/encuentro-latinoamericano-condena-negociaciones-del-tlc-andino-con-los-estados-unidos\/"},"modified":"2004-11-22T07:00:00","modified_gmt":"2004-11-22T07:00:00","slug":"encuentro-latinoamericano-condena-negociaciones-del-tlc-andino-con-los-estados-unidos","status":"publish","type":"post","link":"https:\/\/moir.com.co\/web\/encuentro-latinoamericano-condena-negociaciones-del-tlc-andino-con-los-estados-unidos\/","title":{"rendered":"ENCUENTRO LATINOAMERICANO CONDENA NEGOCIACIONES DEL TLC ANDINO CON LOS ESTADOS UNIDOS"},"content":{"rendered":"<p>Los abajo firmantes, participantes en el Primer Encuentro Latinoamericano sobre Concentraci\u00f3n y Poder Monopolista en las Cadenas Agroalimentarias, rechazamos las negociaciones del Tratado de Libre Comercio entre Estados Unidos y los pa\u00edses andinos que actualmente se adelantan en Tucson (Arizona) por ser un instrumento m\u00e1s para afirmar el control de las grandes corporaciones sobre el consumo, la producci\u00f3n y la distribuci\u00f3n de alimentos en dichos pa\u00edses y en el continente. <\/p>\n<p>La experiencia ya vivida por pa\u00edses mesoamericanos ha demostrado que estos tratados destruyen el mercado interno, arruinan a los productores nacionales, someten a los consumidores, debilitan la soberan\u00eda y adelantan pr\u00e1cticas ambientalmente inadecuadas. 9<\/p>\n<p>Igualmente ratificamos el derecho de las naciones a su soberan\u00eda alimentaria y a la seguridad alimentaria de sus pueblos y a los prop\u00f3sitos justos que emprendan para garantizarlos. <\/p>\n<p>Sao Paulo, 2 de diciembre de 2004 <\/p>\n<p>Firmas <\/p>\n<p>Mabel de Faria Melo<br \/>\nFASE<br \/>\nBrasil<\/p>\n<p>Marcel Achkar<br \/>\nATALC-Amigos de la Tierra<br \/>\nUruguay<\/p>\n<p>Ana Dom\u00ednguez<br \/>\nATALC-Amigos de la Tierra<br \/>\nUruguay<\/p>\n<p>Adilson Gumieiro<br \/>\nMST<br \/>\nBrasil<\/p>\n<p>Luz Elena Rozas<br \/>\nRAP-AL<br \/>\nChile<\/p>\n<p>Ariel Celiberti<br \/>\nUITA-AL<br \/>\nUruguay<\/p>\n<p>Jorge Carpio<br \/>\nFOCO<br \/>\nArgentina<\/p>\n<p>Wenner Ochoa<br \/>\nMesa Global<br \/>\nGuatemala<\/p>\n<p>C\u00e9sar D\u00edaz<br \/>\nAction Aid<br \/>\nGuatemala<\/p>\n<p>Arnaldo Mendoza<br \/>\nMCNOC<br \/>\nParaguay<\/p>\n<p>Wilson Rodr\u00edguez<br \/>\nContac<br \/>\nBrasil<\/p>\n<p>Julio Roquero<br \/>\nIPL<br \/>\nUruguay<\/p>\n<p>Flavia Londres<br \/>\nAction Aid<br \/>\nBrasil<\/p>\n<p>Leandro de Freites<br \/>\nMPA<br \/>\nBrasil<\/p>\n<p>Beatriz Garc\u00eda<br \/>\nConsumidores Argentinos<br \/>\nArgentina<\/p>\n<p>Areli Cawe\u00f3n<br \/>\nGreenpeace<br \/>\nM\u00e9xico<\/p>\n<p>Luis Eduardo Montenegro<br \/>\nCebrac<br \/>\nBrasil<\/p>\n<p>Edgar de Le\u00f3n<br \/>\nAction Aid<br \/>\nBrasil<\/p>\n<p>V\u00edctor Quintana<br \/>\nFrente Democr\u00e1tico Campesino<br \/>\nM\u00e9xico<\/p>\n<p>Mario B. Monroy<br \/>\nAgromercados<br \/>\nM\u00e9xico<\/p>\n<p>Jorge E. Rulli<br \/>\nGRR<br \/>\nArgentina<\/p>\n<p>Clovis Scherer<br \/>\nObservatorio Social<br \/>\nBrasil<\/p>\n<p>Raquel Pereira de Souza<br \/>\nRebrip-Deser<br \/>\nBrasil<\/p>\n<p>Jos\u00e9 Fernando L\u00f3pez<br \/>\nCoaech-Chiapas<br \/>\nM\u00e9xico<\/p>\n<p>Alejandro Villamar<br \/>\nRmalc<br \/>\nM\u00e9xico<\/p>\n<p>Pablo Leites<br \/>\nAsociaci\u00f3n de Colonos<br \/>\nUruguay<\/p>\n<p>Ennio Gut\u00e9rrez<br \/>\nV\u00eda Campesina<br \/>\nBrasil<\/p>\n<p>Miguel Ferreira dos Santos<br \/>\nContac<br \/>\nBrasil<\/p>\n<p>\u00c1ngel Arce<br \/>\nProvincia de Corrientes<br \/>\nArgentina<\/p>\n<p>Alicia Mu\u00f1oz<br \/>\nAnamuri-Cloc<br \/>\nChile<\/p>\n<p>Marcelo Montenegro<br \/>\nAction Aid<br \/>\nBrasil<\/p>\n<p>Claudio Lara<br \/>\nConsumers International<br \/>\nAm\u00e9rica Latina<\/p>\n<p>Aurelio Su\u00e1rez<br \/>\nAsociaci\u00f3n Nacional por la Salvaci\u00f3n Agropecuaria<br \/>\nColombia<\/p>\n","protected":false},"excerpt":{"rendered":"<p>Los abajo firmantes, participantes en el Primer Encuentro Latinoamericano sobre Concentraci\u00f3n y Poder Monopolista en las Cadenas Agroalimentarias, rechazamos las negociaciones del Tratado de Libre Comercio entre Estados Unidos y los pa\u00edses andinos que actualmente se adelantan en Tucson (Arizona) por ser un instrumento m\u00e1s para afirmar el control de las grandes corporaciones sobre el [&hellip;]<\/p>\n","protected":false},"author":1,"featured_media":0,"comment_status":"open","ping_status":"open","sticky":false,"template":"","format":"standard","meta":{"advanced_seo_description":"","jetpack_seo_html_title":"","jetpack_seo_noindex":false,"_jetpack_memberships_contains_paid_content":false,"footnotes":""},"categories":[7],"tags":[],"class_list":["post-1072","post","type-post","status-publish","format-standard","hentry","category-pronunciamientos-de-organizaciones-sociales"],"jetpack_featured_media_url":"","jetpack-related-posts":[{"id":2315,"url":"https:\/\/moir.com.co\/web\/declaracion-encuentro-de-las-campanas-andinas-contra-los-tlc-acuerdo-de-asociacion-can-ue-perspectiva-de-los-pueblos-andinos\/","url_meta":{"origin":1072,"position":0},"title":"DECLARACI\u00d3N  ENCUENTRO DE LAS CAMPA\u00d1AS ANDINAS CONTRA LOS TLC: ACUERDO DE ASOCIACI\u00d3N CAN-UE, PERSPECTIVA DE LOS PUEBLOS ANDINOS","author":"admin","date":"abril 25, 2008","format":false,"excerpt":"Quito, Ecuador, 23 de abril de 2008 Nosotros y nosotras, ciudadanos y ciudadanas del campo y la ciudad, de los pa\u00edses de la Comunidad Andina de Naciones (CAN), reunidos en Quito durante el \u201cEncuentro de las campa\u00f1as andinas contra los TLC\u201d, nuestro rechazo a cualquier acuerdo que implique otro Tratado\u2026","rel":"","context":"En \u00ab\u00a1No a los TLC y al ALCA!\u00bb","block_context":{"text":"\u00a1No a los TLC y al ALCA!","link":"https:\/\/moir.com.co\/web\/category\/temas\/no-a-los-tlc-y-al-alca\/"},"img":{"alt_text":"","src":"","width":0,"height":0},"classes":[]},{"id":2549,"url":"https:\/\/moir.com.co\/web\/los-tratados-de-libre-comercio-destruyen-la-comunidad-andina\/","url_meta":{"origin":1072,"position":1},"title":"Los tratados de Libre Comercio destruyen la Comunidad Andina","author":"admin","date":"octubre 16, 2008","format":false,"excerpt":"RECALCA, Bogot\u00e1, 14 de Octubre de 2008 Se inici\u00f3 hoy la cumbre extraordinaria de la Comunidad Andina de Naciones en Guayaquil, que busca analizar la situaci\u00f3n de este bloque frente a las negociaciones del Acuerdo de Asociaci\u00f3n con la Uni\u00f3n Europea. El 9 de septiembre los gobiernos de Colombia y\u2026","rel":"","context":"En \u00ab\u00a1No a los TLC y al ALCA!\u00bb","block_context":{"text":"\u00a1No a los TLC y al ALCA!","link":"https:\/\/moir.com.co\/web\/category\/temas\/no-a-los-tlc-y-al-alca\/"},"img":{"alt_text":"","src":"","width":0,"height":0},"classes":[]},{"id":113,"url":"https:\/\/moir.com.co\/web\/declaracion-de-las-organizaciones-sociales-andinas-dentro-del-marco-del-foro-social-de-las-americas-realizado-en-quito-entre-e\/","url_meta":{"origin":1072,"position":2},"title":"DECLARACI\u00d3N DE LAS ORGANIZACIONES SOCIALES ANDINAS DENTRO DEL MARCO DEL FORO SOCIAL DE LAS AM\u00c9RICAS REALIZADO EN QUITO ENTRE E","author":"admin","date":"agosto 6, 2004","format":false,"excerpt":"El 18 de mayo Ecuador, Per\u00fa, Colombia y Bolivia como observadora, comenzaron la negociaci\u00f3n de un Tratado de Libre Comercio con Estados Unidos, que ya se encuentra en su tercera ronda de las ocho programadas. Este TLC tendr\u00e1 una parte com\u00fan normativa y textos diferentes por productos y sectores para\u2026","rel":"","context":"En \u00ab\u00a1No a los TLC y al ALCA!\u00bb","block_context":{"text":"\u00a1No a los TLC y al ALCA!","link":"https:\/\/moir.com.co\/web\/category\/temas\/no-a-los-tlc-y-al-alca\/"},"img":{"alt_text":"","src":"","width":0,"height":0},"classes":[]},{"id":117,"url":"https:\/\/moir.com.co\/web\/organizaciones-andinas-se-pronuncian-contra-tlc\/","url_meta":{"origin":1072,"position":3},"title":"ORGANIZACIONES ANDINAS SE PRONUNCIAN CONTRA TLC","author":"admin","date":"agosto 6, 2004","format":false,"excerpt":"Julio 30 de 2004 El 26 de julio, dentro del marco del Foro Social de las Am\u00e9ricas, que se realiza en Quito, varias decenas de organizaciones populares de la regi\u00f3n andina se reunieron y analizaron los efectos que tendr\u00e1 el Tratado de Libre Comercio con Estados Unidos. En el encuentro,\u2026","rel":"","context":"En \u00ab\u00a1No a los TLC y al ALCA!\u00bb","block_context":{"text":"\u00a1No a los TLC y al ALCA!","link":"https:\/\/moir.com.co\/web\/category\/temas\/no-a-los-tlc-y-al-alca\/"},"img":{"alt_text":"","src":"","width":0,"height":0},"classes":[]},{"id":94,"url":"https:\/\/moir.com.co\/web\/unidad-andina-contra-el-tlc-con-estados-unidos\/","url_meta":{"origin":1072,"position":4},"title":"UNIDAD ANDINA CONTRA EL TLC CON ESTADOS UNIDOS","author":"admin","date":"agosto 6, 2004","format":false,"excerpt":"Como antesala al inicio de las negociaciones de los TLC andinos, organizaciones sociales y pol\u00edticas de Ecuador, Per\u00fa, Bolivia, Venezuela y Colombia, reunidas en Bogot\u00e1, declaramos nuestra decisi\u00f3n de articular nuestras luchas y esfuerzos para impedir que las negociaciones culminen en la firma del Tratado de Libre Comercio con Estados\u2026","rel":"","context":"En \u00ab\u00a1No a los TLC y al ALCA!\u00bb","block_context":{"text":"\u00a1No a los TLC y al ALCA!","link":"https:\/\/moir.com.co\/web\/category\/temas\/no-a-los-tlc-y-al-alca\/"},"img":{"alt_text":"","src":"","width":0,"height":0},"classes":[]},{"id":636,"url":"https:\/\/moir.com.co\/web\/los-trabajadores-y-trabajadoras-andinos-frente-al-alca-tlc\/","url_meta":{"origin":1072,"position":5},"title":"LOS TRABAJADORES Y TRABAJADORAS ANDINOS FRENTE AL ALCA-TLC","author":"admin","date":"agosto 11, 2004","format":false,"excerpt":"Campa\u00f1a Continental contra el ALCA, abril 8 de 2004 Consejo Consultivo Laboral Andino, abril 8 de 2004 El Consejo Consultivo Laboral Andino reunido en la ciudad de Cali, Colombia en el marco de su X Reuni\u00f3n Ordinaria, las 16 Centrales Sindicales que lo integran, luego de una profunda discusi\u00f3n sobre\u2026","rel":"","context":"En \u00abPronunciamientos de Organizaciones Sociales\u00bb","block_context":{"text":"Pronunciamientos de Organizaciones Sociales","link":"https:\/\/moir.com.co\/web\/category\/pronunciamientos-de-organizaciones-sociales\/"},"img":{"alt_text":"","src":"","width":0,"height":0},"classes":[]}],"jetpack_sharing_enabled":true,"_links":{"self":[{"href":"https:\/\/moir.com.co\/web\/wp-json\/wp\/v2\/posts\/1072","targetHints":{"allow":["GET"]}}],"collection":[{"href":"https:\/\/moir.com.co\/web\/wp-json\/wp\/v2\/posts"}],"about":[{"href":"https:\/\/moir.com.co\/web\/wp-json\/wp\/v2\/types\/post"}],"author":[{"embeddable":true,"href":"https:\/\/moir.com.co\/web\/wp-json\/wp\/v2\/users\/1"}],"replies":[{"embeddable":true,"href":"https:\/\/moir.com.co\/web\/wp-json\/wp\/v2\/comments?post=1072"}],"version-history":[{"count":0,"href":"https:\/\/moir.com.co\/web\/wp-json\/wp\/v2\/posts\/1072\/revisions"}],"wp:attachment":[{"href":"https:\/\/moir.com.co\/web\/wp-json\/wp\/v2\/media?parent=1072"}],"wp:term":[{"taxonomy":"category","embeddable":true,"href":"https:\/\/moir.com.co\/web\/wp-json\/wp\/v2\/categories?post=1072"},{"taxonomy":"post_tag","embeddable":true,"href":"https:\/\/moir.com.co\/web\/wp-json\/wp\/v2\/tags?post=1072"}],"curies":[{"name":"wp","href":"https:\/\/api.w.org\/{rel}","templated":true}]}}