{"id":1071,"date":"2004-11-22T07:00:00","date_gmt":"2004-11-22T07:00:00","guid":{"rendered":"https:\/\/moir.org.co\/web\/avanza-proceso-de-organizacion-de-los-usuarios-de-servicios-publicos\/"},"modified":"2004-11-22T07:00:00","modified_gmt":"2004-11-22T07:00:00","slug":"avanza-proceso-de-organizacion-de-los-usuarios-de-servicios-publicos","status":"publish","type":"post","link":"https:\/\/moir.com.co\/web\/avanza-proceso-de-organizacion-de-los-usuarios-de-servicios-publicos\/","title":{"rendered":"AVANZA PROCESO DE ORGANIZACI\u00d3N DE LOS USUARIOS DE SERVICIOS P\u00daBLICOS"},"content":{"rendered":"<p>Cali, noviembre 25 de 2004<\/p>\n<p>Convocado por la Internacional de Servicios P\u00fablicos -ISP-, el Sindicato de Trabajadores de Emcali \u2013Sintraemcali-, el Sindicato de Trabajadores de Emsirva -Sintraemsirva-, el Sindicato De Trabajadores Y Empleados De Servicios P\u00fablicos, Corporaciones Aut\u00f3nomas, Institutos Descentralizados Y Territoriales De Colombia \u2013Sintraemsdes-, el Movimiento de Usuarios Financieros y Consumidores -Vital-, y el Comit\u00e9 Pro Coordinadora Nacional de Usuarios, constituido en el encuentro Lucha Popular y Servicios P\u00fablicos realizado en Medell\u00edn y del cual son part\u00edcipes la Asociaci\u00f3n de Pensionados y Jubilados de la Empresa Distrital de Tel\u00e9fonos de Barranquilla, las ligas de usuarios de Bogot\u00e1, Antioquia y Caldas, la Alianza por Servicios Esenciales Dignos de Medell\u00edn, el Comit\u00e9 Popular de Usuarios de Manizales y Villamar\u00eda, el Sindicato de Trabajadores de Interconexi\u00f3n El\u00e9ctrica S.A. \u2013Sintraisa- y el Sindicato de Trabajadores de ISAGEN -Sintraisagen-, se reuni\u00f3 el 25 de noviembre en Cali, el Foro Nacional: Servicios P\u00fablicos Domiciliarios, Una D\u00e9cada de Miseria y Exclusi\u00f3n.<\/p>\n<p>Con la asistencia de m\u00e1s de cien delegados, provenientes de casi toda la geograf\u00eda nacional y teniendo como derrotero las conclusiones acordadas en Medell\u00edn, el 14 y 15 de octubre, el Encuentro se constituy\u00f3, sin lugar a dudas, en un importante avance en el proceso de construcci\u00f3n de la organizaci\u00f3n nacional de usuarios. De igual manera, el evento acord\u00f3 fortalecer las relaciones entre los Usuarios y las organizaciones sindicales de los trabajadores de las empresas de servicios p\u00fablicos, para adelantar acciones de lucha en defensa del patrimonio p\u00fablico.<\/p>\n<p>Considerando que el modelo neoliberal trajo consecuencias supremamente lesivas para el pueblo colombiano al expedir las leyes 142 y 143 de 1994, que permiten la privatizaci\u00f3n de las empresas de servicios p\u00fablicos, facilitan el alza continua en las tarifas, crean nuevas contribuciones para los sectores industriales y comerciales no monopolistas, eliminan los subsidios para los sectores m\u00e1s pobres de la poblaci\u00f3n; y con ello niegan el acceso de millones de colombianos a los servicios p\u00fablicos y benefician los negocios privados de las grandes multinacionales. Al acoger los dictados del Fondo Monetario Internacional -FMI-, Banco Mundial BM y del capital financiero internacional, los neoliberales entregan la Soberan\u00eda, el Patrimonio y los recursos naturales del pa\u00eds. Ante esta realidad, el Encuentro ratifica la oposici\u00f3n a las pol\u00edticas que, aceptadas por los gobiernos desde Gaviria hasta Uribe V\u00e9lez, impone a nuestra naci\u00f3n, Estados Unidos.<\/p>\n<p>Reafirma igualmente el Encuentro, la necesidad de promover una discusi\u00f3n amplia para, entre todas las organizaciones, definir el Nombre, Programa, Normas de Funcionamiento y M\u00e9todos de Lucha, que habr\u00e1n de orientar la organizaci\u00f3n que se constituya. Para tal fin se convoca un Congreso Nacional para los d\u00edas 21 y 22 de julio de 2005 en Bogot\u00e1.<\/p>\n<p>Como parte de la preparaci\u00f3n del congreso y de la necesidad de avanzar en el proceso de organizaci\u00f3n, educaci\u00f3n y lucha de los usuarios, se acuerda adelantar un plan de acci\u00f3n que tiene como punto esencial la denuncia, oposici\u00f3n y rechazo al Tratado de Libre Comercio -TLC- que \u201cnegocia\u201d el gobierno de Uribe con los Estados Unidos.<\/p>\n<p>Las organizaciones comprometidas con la constituci\u00f3n de la organizaci\u00f3n nacional de usuarios de los servicios p\u00fablicos ratificamos el Comit\u00e9 creado en Medell\u00edn y lo ampliamos con nuevos sectores, y declaramos que aportaremos nuestros mejores esfuerzos para adelantar las tareas acordadas y cumplir con el plan de acci\u00f3n que hemos acogido. Con entusiasmo y dedicaci\u00f3n trabajaremos para la vinculaci\u00f3n de nuevos actores sociales y grupos de usuarios que se acojan al plan de acci\u00f3n aprobado en este Encuentro y que est\u00e9n dispuestos a aportar para la realizaci\u00f3n exitosa del Congreso Nacional de Julio 21 y 22 de 2005.<\/p>\n<p>PLAN DE ACCI\u00d3N<\/p>\n<p>Las organizaciones asistentes al Foro Servicios P\u00fablicos: Una d\u00e9cada de Miseria y Exclusi\u00f3n, realizado en Cali el 25 Noviembre, nos comprometemos con el siguiente plan de acci\u00f3n:<br \/>\n1. Participaci\u00f3n en el Foro Social Colombia 2 a realizarse en Bogot\u00e1 el pr\u00f3ximo 4 y 5 de diciembre.<br \/>\n2. Participaci\u00f3n en la Atarraya Nacional, evento a realizarse en Cartagena el pr\u00f3ximo 10 de Diciembre.<br \/>\n3. Realizaci\u00f3n del encuentro de la Coordinadora de Usuarios de Servicios P\u00fablicos de la Costa Atl\u00e1ntica el 15 de diciembre en Valledupar, Cesar.<br \/>\n4. Participaci\u00f3n en el Foro Social Mundial a realizarse en Sao Paulo Brasil en enero de 2005.<br \/>\n5. Realizaci\u00f3n de Marchas, desfiles y foros de Usuarios de Servicios P\u00fablicos en todo el Pa\u00eds el 24 de Febrero de 2005. Declarar el 24 de Febrero como d\u00eda Nacional del Usuario.<br \/>\n6. Realizaci\u00f3n de Foros sobre la Nueva Estratificaci\u00f3n promovida por el gobierno nacional.<br \/>\n7. Promoci\u00f3n, como se\u00f1al de protesta por las elevadas tarifas de la electricidad, de un apag\u00f3n de media hora el 24 de febrero de 2005 en todo el pa\u00eds.<br \/>\n8. Realizaci\u00f3n, durante los meses de febrero, marzo y abril de 2005, de foros en todas las capitales sobre el Tratado de Libre Comercio -TLC- y Servicios P\u00fablicos.<br \/>\n9. Realizaci\u00f3n durante los meses de abril, mayo junio y julio de 2005, de encuentros departamentales y regionales para elaborar y acordar el nombre, programa, normas de funcionamiento y m\u00e9todos de lucha de la organizaci\u00f3n nacional de Usuarios.<br \/>\n10. Realizaci\u00f3n del Congreso Nacional de Usuarios de Servicios P\u00fablicos, el 21 y 22 de Julio de 2005, para crear la Organizaci\u00f3n Nacional de Usuarios.<br \/>\n11. Creaci\u00f3n de una comisi\u00f3n encargada de discutir y proponer una Ley Marco sobre los servicios p\u00fablicos domiciliarios.<br \/>\n12. Creaci\u00f3n de una p\u00e1gina web del Comit\u00e9 Pro-Coordinadora Nacional de Usuarios.<\/p>\n<p>Cali, Noviembre 25 de 2004<\/p>\n<p>Organizaciones que suscriben la presente declaraci\u00f3n:<\/p>\n<p>Comit\u00e9 Pro Coordinadora Nacional de Usuarios<\/p>\n<p>Internacional de Servicios P\u00fablicos, ISP.<\/p>\n<p>Sindicato de Trabajadores de Emsirva, Sintraemsirva.<\/p>\n<p>Asociaci\u00f3n de Pensionados y Jubilados de la Empresa Distrital de Tel\u00e9fonos de Barranquilla.<\/p>\n<p>Ligas de Usuarios de Bogot\u00e1, Antioquia, Caldas, Risaralda, Quind\u00edo, Atl\u00e1ntico, Cesar, La Dorada y el Magdalena Medio, Cauca y Valle del Cauca.<\/p>\n<p>Comit\u00e9 Ciudadano de Usuarios de Servicios P\u00fablicos de Cali.<\/p>\n<p>Liga Municipal de Asociaciones de Padres de Familia de Cali.<\/p>\n<p>Movimiento de Usuarios Financieros y Consumidores, Vital.<\/p>\n<p>Sindicato de Trabajadores de Emcali, Sintraemcali.<\/p>\n<p>Sindicato Nacional de Trabajadores y Empleados de Municipios y Empresas Descentralizadas, Sintraemdes. Junta Directiva Nacional.<\/p>\n<p>Atarraya Nacional por la Defensa del Agua y la Energ\u00eda.- Bogot\u00e1<\/p>\n<p>Censat -Agua Viva- Bogot\u00e1.<\/p>\n<p>Comit\u00e9 por la Unidad, Defensa y Salvaci\u00f3n de Buenaventura.<\/p>\n<p>Alianza por Servicios Esenciales Dignos de Medell\u00edn- Alianza SED-<\/p>\n<p>Consumidores Colombia -COCO- Medell\u00edn.<\/p>\n<p>Compromiso Comunitario de Medell\u00edn.<\/p>\n<p>Red de Mujeres Populares de Medell\u00edn.<\/p>\n<p>Instituto Popular de Capacitaci\u00f3n -IPC- Medell\u00edn<\/p>\n<p>Escuela Nacional Sindical -ENS-<\/p>\n<p>Comit\u00e9 Popular de Usuarios de Manizales y Villamar\u00eda.<\/p>\n<p>Asociaci\u00f3n de Usuarios de Servicios P\u00fablicos del Huila.<\/p>\n<p>Sindicato de Trabajadores de la Electricidad de Colombia Sintraelecol \u2013Subdirectivas- Caldas y Valle del Cauca.<\/p>\n<p>Sindicato de Trabajadores de la Empresa de Tel\u00e9fonos de Bogot\u00e1 Sintratel\u00e9fonos- Bogot\u00e1.<br \/>\nUni\u00f3n de Usuarios de Servicios P\u00fablicos de Caquet\u00e1, USEPCA.<\/p>\n<p>Usuarios de Servicios P\u00fablicos Agropenca- Cauca -.<\/p>\n<p>Comit\u00e9 Municipal de Servicios P\u00fablicos de Caloto &#8211; Cauca &#8211;<\/p>\n<p>Comit\u00e9 de Usuarios de Popay\u00e1n -Barrio Las Am\u00e9ricas -.<\/p>\n<p>Coordinadora de Usuarios de SPD, Distrito Capital<\/p>\n","protected":false},"excerpt":{"rendered":"<p>Cali, noviembre 25 de 2004 Convocado por la Internacional de Servicios P\u00fablicos -ISP-, el Sindicato de Trabajadores de Emcali \u2013Sintraemcali-, el Sindicato de Trabajadores de Emsirva -Sintraemsirva-, el Sindicato De Trabajadores Y Empleados De Servicios P\u00fablicos, Corporaciones Aut\u00f3nomas, Institutos Descentralizados Y Territoriales De Colombia \u2013Sintraemsdes-, el Movimiento de Usuarios Financieros y Consumidores -Vital-, y el [&hellip;]<\/p>\n","protected":false},"author":1,"featured_media":0,"comment_status":"open","ping_status":"open","sticky":false,"template":"","format":"standard","meta":{"advanced_seo_description":"","jetpack_seo_html_title":"","jetpack_seo_noindex":false,"_jetpack_memberships_contains_paid_content":false,"footnotes":""},"categories":[7],"tags":[],"class_list":["post-1071","post","type-post","status-publish","format-standard","hentry","category-pronunciamientos-de-organizaciones-sociales"],"jetpack_featured_media_url":"","jetpack-related-posts":[{"id":20453,"url":"https:\/\/moir.com.co\/web\/avanza-organizacion-de-los-usuarios-de-servicios-publicos\/","url_meta":{"origin":1071,"position":0},"title":"AVANZA ORGANIZACI\u00d3N DE LOS USUARIOS DE SERVICIOS P\u00daBLICOS","author":"admin","date":"noviembre 20, 2004","format":false,"excerpt":"Convocados por la Internacional de Servicios P\u00fablicos, ISP, el Movimiento de Usuarios Financieros y Consumidores Vital, el Sindicato de Trabajadores de Emcali, Sintraemcali, el Sindicato de Trabajadores de Emsirva, Sintraemsirva, el Sindicato de Trabajadores y Empleados de Municipios y Empresas Descentralizadas, Sintraemdes, y el Comit\u00e9 Pro Coordinadora Nacional de Usuarios,\u2026","rel":"","context":"En \u00abTribuna Roja N\u00ba 98, diciembre 4 de 2004\u00bb","block_context":{"text":"Tribuna Roja N\u00ba 98, diciembre 4 de 2004","link":"https:\/\/moir.com.co\/web\/category\/tribuna-roja\/ediciones-2000-2004\/tribuna-roja-no-98-diciembre-4-de-2004\/"},"img":{"alt_text":"","src":"","width":0,"height":0},"classes":[]},{"id":21025,"url":"https:\/\/moir.com.co\/web\/asociacion-de-ligas-de-usuarios-de-caldas-modelo-para-el-pais\/","url_meta":{"origin":1071,"position":1},"title":"ASOCIACI\u00d3N DE LIGAS DE USUARIOS DE CALDAS, MODELO PARA EL PA\u00cdS","author":"admin","date":"mayo 2, 2005","format":false,"excerpt":"En el auditorio de las Empresas P\u00fablicas de Manizales se cre\u00f3 el pasado 10 de mayo la Asociaci\u00f3n de Ligas, Comit\u00e9s y Usuarios de Servicios P\u00fablicos Domiciliarios de Caldas. Al evento asistieron setenta delegados de Manizales, La Dorada, Chinchin\u00e1, Riosucio, Anserma, Risaralda, Palestina, Aranzazu y Neira. Tambi\u00e9n tomaron parte los\u2026","rel":"","context":"En \u00abTribuna Roja N\u00b0 66, Bogot\u00e1; julio 9 de 1996\u00bb","block_context":{"text":"Tribuna Roja N\u00b0 66, Bogot\u00e1; julio 9 de 1996","link":"https:\/\/moir.com.co\/web\/category\/tribuna-roja\/ediciones-1995-1999\/tribuna-roja-n-66-bogota-julio-9-de-1996\/"},"img":{"alt_text":"","src":"","width":0,"height":0},"classes":[]},{"id":20750,"url":"https:\/\/moir.com.co\/web\/con-gran-animo-unitario-avanza-organizacion-de-los-usuarios-de-los-servicios-publicos\/","url_meta":{"origin":1071,"position":2},"title":"CON GRAN \u00c1NIMO UNITARIO AVANZA ORGANIZACI\u00d3N DE LOS USUARIOS DE LOS SERVICIOS P\u00daBLICOS","author":"admin","date":"marzo 2, 2005","format":false,"excerpt":"Por Oscar Guti\u00e9rrez Reyes Urgidas por la idea y la necesidad de construir una organizaci\u00f3n nacional de usuarios de servicios p\u00fablicos, diversas organizaciones del sector vienen trabajando desde hace varios meses para encontrar los lineamientos b\u00e1sicos de un acuerdo que permita aglutinar, en una coordinadora nacional, la mayor cantidad de\u2026","rel":"","context":"En \u00abTribuna Roja N\u00ba 99, marzo 10 de 2005\u00bb","block_context":{"text":"Tribuna Roja N\u00ba 99, marzo 10 de 2005","link":"https:\/\/moir.com.co\/web\/category\/tribuna-roja\/ediciones-2005-2009\/tribuna-roja-no-99-marzo-10-de-2005\/"},"img":{"alt_text":"","src":"","width":0,"height":0},"classes":[]},{"id":1733,"url":"https:\/\/moir.com.co\/web\/creada-la-asociacion-de-ligas-de-caldas\/","url_meta":{"origin":1071,"position":3},"title":"CREADA LA ASOCIACI\u00d3N DE LIGAS DE CALDAS","author":"admin","date":"febrero 8, 2005","format":false,"excerpt":"\u201cEl Encuentro pidi\u00f3 la eliminaci\u00f3n de la estratificaci\u00f3n aprobada por Planeaci\u00f3n Nacional y solicit\u00f3 la derogatoria de la Ley 142 de 1994. Fue un\u00e1nime el rechazo a las imposiciones del Fondo Monetario Internacional. La pol\u00edtica estatal de servicios p\u00fablicos debe definirse de manera soberana y libre, se\u00f1ala finalmente el programa\u2026","rel":"","context":"En \u00abServicios p\u00fablicos\u00bb","block_context":{"text":"Servicios p\u00fablicos","link":"https:\/\/moir.com.co\/web\/category\/temas\/servicios-publicos-articulos-de-actualidad\/"},"img":{"alt_text":"","src":"","width":0,"height":0},"classes":[]},{"id":1185,"url":"https:\/\/moir.com.co\/web\/convocatoria-del-congreso-nacional-de-usuarios-y-defensores-de-los-servicios-publicos-domiciliarios\/","url_meta":{"origin":1071,"position":4},"title":"CONVOCATORIA DEL CONGRESO NACIONAL DE USUARIOS Y DEFENSORES DE LOS SERVICIOS PUBLICOS DOMICILIARIOS","author":"admin","date":"mayo 26, 2005","format":false,"excerpt":"Bogot\u00e1, junio 4 de 2005 CONGRESO NACIONAL DE USUARIOS Y DEFENSORES DE LOS SERVICIOS PUBLICOS DOMICILIARIOS CORREOS: congresosp@yahoo.com, ligausuarios@telecom.com.co, presidencia@cut.org.co BOGOTA, 21 \u2013 22 JULIO DE 2005 1. JUSTIFICACI\u00d3N: Durante los d\u00edas 21 y 22 de julio de 2005, se llevar\u00e1 a cabo en Bogot\u00e1 D.C., el Primer Congreso Nacional\u2026","rel":"","context":"En \u00abPronunciamientos de Organizaciones Sociales\u00bb","block_context":{"text":"Pronunciamientos de Organizaciones Sociales","link":"https:\/\/moir.com.co\/web\/category\/pronunciamientos-de-organizaciones-sociales\/"},"img":{"alt_text":"","src":"","width":0,"height":0},"classes":[]},{"id":1727,"url":"https:\/\/moir.com.co\/web\/avanzan-las-ligas-de-usuarios-de-servicios-publicos\/","url_meta":{"origin":1071,"position":5},"title":"AVANZAN, LAS LIGAS DE USUARIOS DE SERVICIOS P\u00daBLICOS","author":"admin","date":"agosto 25, 2004","format":false,"excerpt":"En los primeros d\u00edas del mes de junio de 2004 se realizaron una serie de foros y reuniones en la Costa Atl\u00e1ntica sobre la problem\u00e1tica de los servicios p\u00fablicos domiciliarios, que contaron con la presencia de \u00d3scar Guti\u00e9rrez Reyes, Diputado de Caldas y dirigente nacional de las ligas de usuarios\u2026","rel":"","context":"En \u00abEL USUARIO N\u00ba9 JULIO-AGOSTO 2004\u00bb","block_context":{"text":"EL USUARIO N\u00ba9 JULIO-AGOSTO 2004","link":"https:\/\/moir.com.co\/web\/category\/temas\/servicios-publicos-articulos-de-actualidad\/el-usuario\/el-usuario-no9-julio-agosto-2004\/"},"img":{"alt_text":"","src":"","width":0,"height":0},"classes":[]}],"jetpack_sharing_enabled":true,"_links":{"self":[{"href":"https:\/\/moir.com.co\/web\/wp-json\/wp\/v2\/posts\/1071","targetHints":{"allow":["GET"]}}],"collection":[{"href":"https:\/\/moir.com.co\/web\/wp-json\/wp\/v2\/posts"}],"about":[{"href":"https:\/\/moir.com.co\/web\/wp-json\/wp\/v2\/types\/post"}],"author":[{"embeddable":true,"href":"https:\/\/moir.com.co\/web\/wp-json\/wp\/v2\/users\/1"}],"replies":[{"embeddable":true,"href":"https:\/\/moir.com.co\/web\/wp-json\/wp\/v2\/comments?post=1071"}],"version-history":[{"count":0,"href":"https:\/\/moir.com.co\/web\/wp-json\/wp\/v2\/posts\/1071\/revisions"}],"wp:attachment":[{"href":"https:\/\/moir.com.co\/web\/wp-json\/wp\/v2\/media?parent=1071"}],"wp:term":[{"taxonomy":"category","embeddable":true,"href":"https:\/\/moir.com.co\/web\/wp-json\/wp\/v2\/categories?post=1071"},{"taxonomy":"post_tag","embeddable":true,"href":"https:\/\/moir.com.co\/web\/wp-json\/wp\/v2\/tags?post=1071"}],"curies":[{"name":"wp","href":"https:\/\/api.w.org\/{rel}","templated":true}]}}