{"id":1058,"date":"2004-11-10T07:00:00","date_gmt":"2004-11-10T07:00:00","guid":{"rendered":"https:\/\/moir.org.co\/web\/29-de-noviembre-gran-demostracion-por-la-seguridad-alimentaria-y-la-soberania-nacional\/"},"modified":"2004-11-10T07:00:00","modified_gmt":"2004-11-10T07:00:00","slug":"29-de-noviembre-gran-demostracion-por-la-seguridad-alimentaria-y-la-soberania-nacional","status":"publish","type":"post","link":"https:\/\/moir.com.co\/web\/29-de-noviembre-gran-demostracion-por-la-seguridad-alimentaria-y-la-soberania-nacional\/","title":{"rendered":"29 DE NOVIEMBRE: GRAN DEMOSTRACI\u00d3N POR LA SEGURIDAD ALIMENTARIA Y LA SOBERAN\u00cdA NACIONAL"},"content":{"rendered":"<p>Asociaci\u00f3n Nacional por la Salvaci\u00f3n Agropecuaria, noviembre 22 de 2004<\/p>\n<p>En tanto las negociaciones del Tratado de Libre Comercio de Colombia con Estados Unidos avanzan hacia la pen\u00faltima ronda a celebrarse en la ciudad de Tucson, se va confirmando que las posiciones imperiales dominan los textos definitivos del acuerdo. Esto implica enormes da\u00f1os para el pa\u00eds en muchos \u00f3rdenes, principalmente la ruina de millones de familias que viven de la producci\u00f3n de los g\u00e9neros alimenticios cuyos cultivos desaparecer\u00e1n de nuestros campos.<\/p>\n<p>Estados Unidos pugna por imponer una competencia desigual a su favor, tanto al exigir que Colombia acabe con la poca protecci\u00f3n efectiva que hoy mantiene para defender de las importaciones a algunos productos agropecuarios nacionales, como al no aceptar la eliminaci\u00f3n de los apoyos que por decenas de miles de millones de d\u00f3lares al a\u00f1o otorga a los suyos. Demanda la supresi\u00f3n de los impuestos que tiene que pagar por traer a nuestro territorio arroz, leche, trigo, cebada, ma\u00edz, az\u00facar, algod\u00f3n, pollo, carne, sorgo, soja, avena y aceite vegetal y tambi\u00e9n la abolici\u00f3n de los requisitos que a\u00fan debe cumplir para vender ac\u00e1 sus bienes o que puedan favorecer a los colombianos. Pero, a la vez, se niega a desmontar el sistema de subsidios que le permite vender sus productos en el exterior por debajo del costo de elaborarlos y transportarlos.<\/p>\n<p>Es la \u201cley del embudo\u201d: a su superioridad econ\u00f3mica -como naci\u00f3n m\u00e1s fuerte del planeta- pretende a\u00f1adir ventajas il\u00edcitas que le garanticen ir a la fija. De firmarse el Tratado de Libre Comercio en los nefastos t\u00e9rminos en que est\u00e1 siendo impuesto, los campesinos, trabajadores y empresarios del sector agropecuario nacional tendr\u00e1n que soportar, como nunca antes, hambre, carencias y estrechez para enfrentar en esas injustas condiciones la mayor avalancha de mercanc\u00edas agr\u00edcolas y pecuarias estadounidenses.<\/p>\n<p>El ministro de Comercio Exterior, Jorge H. Botero, alaba este tipo de acuerdo destacando supuestos beneficios para los consumidores al adquirir as\u00ed \u201ccomida barata\u201d. La historia de la \u00faltima d\u00e9cada lo contradice: \u00bfDisminuy\u00f3 acaso el precio del pan, las pastas o la cerveza debido al recorte de los impuestos de aduana en ese lapso? \u00bfSe traslad\u00f3 a los consumidores la rebaja que por esa v\u00eda recibieron f\u00e1bricas extranjeras o monopolios comercializadores o importadores? \u00bfPrivan los consorcios gringos a sus ciudadanos de las calidades superiores para enviarlas a Colombia en forma de \u201cexcedentes\u201d?<\/p>\n<p>Del mismo modo enga\u00f1oso, y como remedio al desastre anunciado, se difunde que frutas y hortalizas, caf\u00e9, flores, banano y cacao, entre otros productos tropicales, ingresar\u00e1n al gran mercado del Norte para compensar las p\u00e9rdidas en cereales, l\u00e1cteos, oleaginosas y c\u00e1rnicos. Se enga\u00f1a a la poblaci\u00f3n al ocultar que dicho \u201cacceso\u201d se procura a muchos otros pa\u00edses que producen lo mismo, gener\u00e1ndose entre ellos una feroz competencia de la que s\u00f3lo salen gananciosos los norteamericanos al encontrar por la sobreoferta precios bajos para tales bienes. Los agricultores deber\u00e1n entregarlos a los comerciantes a muy baja remuneraci\u00f3n para subsistir en medio de esa estratagema. As\u00ed est\u00e1 sucediendo, por ejemplo, con las actuales exportaciones de derivados l\u00e1cteos. En las ramas en las cuales no le mueve tal inter\u00e9s, Estados Unidos se las ingenia para colocar barreras t\u00e9cnicas y sanitarias que se convierten en murallas inexpugnables para las mercanc\u00edas extranjeras.<\/p>\n<p>Colombia, quedar\u00e1 por esa v\u00eda \u201ccon el pecado y sin el g\u00e9nero\u201d. Impulsar\u00e1 el campo a la quiebra definitiva y perder\u00e1 lo que le resta de producci\u00f3n de alimentos, dar\u00e1 al traste con la seguridad alimentaria y colocar\u00e1 en grave riesgo la soberan\u00eda al tornarse en naci\u00f3n muy vulnerable que no provee de manera aut\u00f3noma a su poblaci\u00f3n. En resumen, ser\u00e1 un pa\u00eds con una inmensa dependencia en un \u00e1rea estrat\u00e9gica para su indispensable autodeterminaci\u00f3n nacional.<\/p>\n<p>El pr\u00f3ximo 29 de noviembre por la carrera s\u00e9ptima de Bogot\u00e1, desde la Plaza de Toros hasta la Plaza de Bol\u00edvar, agricultores y ganaderos de Huila, Tolima, Boyac\u00e1, y Cundinamarca har\u00e1n una demostraci\u00f3n p\u00fablica y pac\u00edfica de sus productos, de los instrumentos y equipos del campo y de semovientes para que la ciudadan\u00eda recuerde lo que estamos a punto de perder y se asocie al sector rural colombiano en el rechazo al Tratado de Libre Comercio La Asociaci\u00f3n Nacional por la Salvaci\u00f3n Agropecuaria con entusiasmo y esp\u00edritu unitario se har\u00e1 presente en ese evento con delegaciones que desfilar\u00e1n junto con otras de distintas organizaciones alentadas en igual prop\u00f3sito.<\/p>\n<p>\u00c1ngel Mar\u00eda Cabalero Lian<br \/>\nPresidente<\/p>\n<p>Aurelio Su\u00e1rez Montoya<br \/>\nDirector Ejecutivo<\/p>\n<p>Ibagu\u00e9, noviembre 22 de 2004<\/p>\n","protected":false},"excerpt":{"rendered":"<p>Asociaci\u00f3n Nacional por la Salvaci\u00f3n Agropecuaria, noviembre 22 de 2004 En tanto las negociaciones del Tratado de Libre Comercio de Colombia con Estados Unidos avanzan hacia la pen\u00faltima ronda a celebrarse en la ciudad de Tucson, se va confirmando que las posiciones imperiales dominan los textos definitivos del acuerdo. Esto implica enormes da\u00f1os para el [&hellip;]<\/p>\n","protected":false},"author":1,"featured_media":0,"comment_status":"open","ping_status":"open","sticky":false,"template":"","format":"standard","meta":{"advanced_seo_description":"","jetpack_seo_html_title":"","jetpack_seo_noindex":false,"_jetpack_memberships_contains_paid_content":false,"footnotes":""},"categories":[7],"tags":[],"class_list":["post-1058","post","type-post","status-publish","format-standard","hentry","category-pronunciamientos-de-organizaciones-sociales"],"jetpack_featured_media_url":"","jetpack-related-posts":[{"id":403,"url":"https:\/\/moir.com.co\/web\/congreso-nacional-agropecuario\/","url_meta":{"origin":1058,"position":0},"title":"CONGRESO NACIONAL AGROPECUARIO","author":"admin","date":"agosto 8, 2004","format":false,"excerpt":"Declaraci\u00f3n final Asociaci\u00f3n Nacional por la Salvaci\u00f3n Agropecuaria, Bogot\u00e1, 18 de octubre de 2001. Ning\u00fan pa\u00eds de las caracter\u00edsticas de Colombia puede progresar a plenitud si no desarrolla su sector agropecuario. De la suerte del agro dependen, obviamente, sus productores directos, bien sean campesinos, ind\u00edgenas, empresarios o jornaleros. Pero el\u2026","rel":"","context":"En \u00abPronunciamientos de Organizaciones Sociales\u00bb","block_context":{"text":"Pronunciamientos de Organizaciones Sociales","link":"https:\/\/moir.com.co\/web\/category\/pronunciamientos-de-organizaciones-sociales\/"},"img":{"alt_text":"","src":"","width":0,"height":0},"classes":[]},{"id":19795,"url":"https:\/\/moir.com.co\/web\/de-salvacion-agropecuaria-la-resistencia-civil-dio-el-triunfo-a-los-paneleros-frente-a-las-pretensiones-de-los-monopolios\/","url_meta":{"origin":1058,"position":1},"title":"De Salvaci\u00f3n Agropecuaria: LA RESISTENCIA CIVIL DIO EL TRIUNFO A LOS PANELEROS FRENTE A LAS PRETENSIONES DE LOS MONOPOLIOS","author":"admin","date":"agosto 10, 2004","format":false,"excerpt":"El Ministerio del Medio Ambiente, mediante resoluci\u00f3n n\u00famero 0960 del 18 de octubre de 2002, revoc\u00f3 la resoluci\u00f3n de la Corporaci\u00f3n Regional del Cauca del 3 de mayo de este a\u00f1o que otorgaba la licencia ambiental al ingenio panelero de Padilla, Cauca. Dicha revocatoria se bas\u00f3 en \u00ablos impactos que\u2026","rel":"","context":"En \u00abJos\u00e9 Fernando Ocampo\u00bb","block_context":{"text":"Jos\u00e9 Fernando Ocampo","link":"https:\/\/moir.com.co\/web\/category\/bitacoras\/jose-fernando-ocampo\/"},"img":{"alt_text":"","src":"","width":0,"height":0},"classes":[]},{"id":453,"url":"https:\/\/moir.com.co\/web\/la-resistencia-civil-dio-el-triunfo-a-los-paneleros-frente-a-las-pretensiones-de-los-monopolios\/","url_meta":{"origin":1058,"position":2},"title":"\u00a1LA RESISTENCIA CIVIL DIO EL TRIUNFO A LOS PANELEROS FRENTE A LAS PRETENSIONES DE LOS MONOPOLIOS!","author":"admin","date":"agosto 9, 2004","format":false,"excerpt":"Asociaci\u00f3n Nacional por la Salvaci\u00f3n Agropecuaria, Noviembre 9 de 2002 El Ministerio del Medio Ambiente, mediante resoluci\u00f3n n\u00famero 0960 del 18 de octubre de 2002, revoc\u00f3 la resoluci\u00f3n de la Corporaci\u00f3n Regional del Cauca del 3 de mayo de este a\u00f1o que otorgaba la licencia ambiental al ingenio panelero de\u2026","rel":"","context":"En \u00abPronunciamientos de Organizaciones Sociales\u00bb","block_context":{"text":"Pronunciamientos de Organizaciones Sociales","link":"https:\/\/moir.com.co\/web\/category\/pronunciamientos-de-organizaciones-sociales\/"},"img":{"alt_text":"","src":"","width":0,"height":0},"classes":[]},{"id":230,"url":"https:\/\/moir.com.co\/web\/ingenieros-agronomos\/","url_meta":{"origin":1058,"position":3},"title":"INGENIEROS AGR\u00d3NOMOS","author":"admin","date":"agosto 7, 2004","format":false,"excerpt":"Por estos d\u00edas se conmemora en todo el pa\u00eds, el d\u00eda nacional del Ingeniero Agr\u00f3nomo colombiano instituido desde el 24 de noviembre de 1958 en el Primer Congreso Nacional de la profesi\u00f3n en la Facultad de Agronom\u00eda en la Universidad Nacional, sede Medell\u00edn . Hace unos 10.000 a\u00f1os surgi\u00f3 la\u2026","rel":"","context":"En \u00abTemas\u00bb","block_context":{"text":"Temas","link":"https:\/\/moir.com.co\/web\/category\/temas\/"},"img":{"alt_text":"","src":"","width":0,"height":0},"classes":[]},{"id":598,"url":"https:\/\/moir.com.co\/web\/homenaje-a-la-agronomia\/","url_meta":{"origin":1058,"position":4},"title":"HOMENAJE A LA AGRONOMIA","author":"admin","date":"agosto 11, 2004","format":false,"excerpt":"La Asamblea de la Asociaci\u00f3n de Ingenieros Agr\u00f3nomos del Magdalena, ASIAMAG, realizada el 31 de octubre pasado, al designar nuevos cuadros directivos, decidi\u00f3 realizar un homenaje a la AGRONOMIA, haciendo un reconocimiento al m\u00e9rito de los profesores reci\u00e9n pensionados de la U. del Magdalena que han contribuido con su trabajo\u2026","rel":"","context":"En \u00abPronunciamientos de Organizaciones Sociales\u00bb","block_context":{"text":"Pronunciamientos de Organizaciones Sociales","link":"https:\/\/moir.com.co\/web\/category\/pronunciamientos-de-organizaciones-sociales\/"},"img":{"alt_text":"","src":"","width":0,"height":0},"classes":[]},{"id":3741,"url":"https:\/\/moir.com.co\/web\/conferencia-del-senador-jorge-enrique-robledo-sobre-la-importancia-insustituible-de-la-educacion-publica-en-la-universidad-nacional-sede-medellin-auditorio-de-ciencias-agropecuarias-noviembre-9-d\/","url_meta":{"origin":1058,"position":5},"title":"Conferencia del senador Jorge Enrique Robledo sobre &#8220;La importancia insustituible de la educaci\u00f3n p\u00fablica&#8221;, en la Universidad Nacional Sede Medell\u00edn, Auditorio de Ciencias Agropecuarias, noviembre 9 de 2009","author":"admin","date":"noviembre 9, 2009","format":false,"excerpt":"","rel":"","context":"En \u00abGaler\u00edas\u00bb","block_context":{"text":"Galer\u00edas","link":"https:\/\/moir.com.co\/web\/category\/multimedia\/galerias\/"},"img":{"alt_text":"","src":"","width":0,"height":0},"classes":[]}],"jetpack_sharing_enabled":true,"_links":{"self":[{"href":"https:\/\/moir.com.co\/web\/wp-json\/wp\/v2\/posts\/1058","targetHints":{"allow":["GET"]}}],"collection":[{"href":"https:\/\/moir.com.co\/web\/wp-json\/wp\/v2\/posts"}],"about":[{"href":"https:\/\/moir.com.co\/web\/wp-json\/wp\/v2\/types\/post"}],"author":[{"embeddable":true,"href":"https:\/\/moir.com.co\/web\/wp-json\/wp\/v2\/users\/1"}],"replies":[{"embeddable":true,"href":"https:\/\/moir.com.co\/web\/wp-json\/wp\/v2\/comments?post=1058"}],"version-history":[{"count":0,"href":"https:\/\/moir.com.co\/web\/wp-json\/wp\/v2\/posts\/1058\/revisions"}],"wp:attachment":[{"href":"https:\/\/moir.com.co\/web\/wp-json\/wp\/v2\/media?parent=1058"}],"wp:term":[{"taxonomy":"category","embeddable":true,"href":"https:\/\/moir.com.co\/web\/wp-json\/wp\/v2\/categories?post=1058"},{"taxonomy":"post_tag","embeddable":true,"href":"https:\/\/moir.com.co\/web\/wp-json\/wp\/v2\/tags?post=1058"}],"curies":[{"name":"wp","href":"https:\/\/api.w.org\/{rel}","templated":true}]}}