{"id":1045,"date":"2004-10-15T07:00:00","date_gmt":"2004-10-15T07:00:00","guid":{"rendered":"https:\/\/moir.org.co\/web\/marcha-arrocera-19-de-octubre-de-2004\/"},"modified":"2004-10-15T07:00:00","modified_gmt":"2004-10-15T07:00:00","slug":"marcha-arrocera-19-de-octubre-de-2004","status":"publish","type":"post","link":"https:\/\/moir.com.co\/web\/marcha-arrocera-19-de-octubre-de-2004\/","title":{"rendered":"MARCHA ARROCERA 19 DE OCTUBRE DE 2004"},"content":{"rendered":"<p>Bolet\u00edn de prensa, Ibagu\u00e9, 22 de Octubre de 2004<\/p>\n<p>Centenares de productores de arroz y trabajadores del Tolima, Huila y Meta, de los municipios y Distritos de Riego de Prado, Purificaci\u00f3n, Natagaima, Ortega, Salda\u00f1a, L\u00e9rida, Guamo, Venadillo, Ambalema, Meseta de Ibagu\u00e9, Juncal, Campo Alegre, Yaguar\u00e1, Paicol, Villavieja, Tesalia, Granada, Fuente de Oro se movilizaron el 19 de Octubre, paralizando las capitales de los tres departamentos en una protesta democr\u00e1tica y regando cascarilla de arroz como s\u00edmbolo de lo que est\u00e1 quedando de los productores, resultado de la falta de pol\u00edticas para el sector con masivas importaciones de arroz de Tailandia y Venezuela que arruinaron a los cultivadores del grano.<\/p>\n<p>Despu\u00e9s de 6 horas de permanencia en el Parque Manuel Murillo Toro, el Gobernador del departamento Dr. Jorge Garc\u00eda, recibi\u00f3 una comisi\u00f3n de l\u00edderes del paro y se comprometi\u00f3 con los dirigentes, mediante un acta de compromiso, a conseguir una cita en el transcurso de la semana y acompa\u00f1ar a los dignatarios arroceros de los distritos de riego de los tres departamentos, a una reuni\u00f3n con el primer Mandatario de la Naci\u00f3n &#8211; Dr. \u00c1lvaro Uribe V\u00e9lez con el prop\u00f3sito de analizar y resolver los 11 puntos del pliego planteados en el acta y por todos conocido. Destacamos y agradecemos la participaci\u00f3n en la marcha del Director Ejecutivo de nuestra organizaci\u00f3n, Dr. Aurelio Su\u00e1rez Montoya, Libardo Gomez en el Huila y Eudoro Alvarez en el Meta, del Representante a la C\u00e1mara Hugo Ernesto Zarrate, los Diputados Nofal Aldana y Wilmer Calder\u00f3n, las Centrales Obreras (CUT), Concejales, los l\u00edderes de la regi\u00f3n comandados por nuestro incansable dirigente Fidel Rond\u00f3n, lo mismo que la colaboraci\u00f3n y la participaci\u00f3n de nuestro gerente, Dr. Jos\u00e9 Joaqu\u00edn Cabezas, de los miembros de la Junta Directiva que nos acompa\u00f1aron y de los medios de comunicaci\u00f3n nacionales y departamentales (El Tiempo, Caracol TV, RCN TV, CMI, Portafolio, El Nuevo D\u00eda, Tolima 7 D\u00edas, Diario del Huila, La Naci\u00f3n de Neiva y las emisoras locales), igualmente los mayores y menores usuarios que se hicieron presentes hasta que se firm\u00f3 el acta de compromiso, en un acto de solidaridad sin precedentes como presagio de grandes movilizaciones que nos esperan en defensa de la producci\u00f3n nacional.<\/p>\n<p>ULTIMA HORA.- El 21 de Octubre en las horas de la noche, el Ministro de Agricultura envi\u00f3 un comunicado a los medios, informando que en el a\u00f1o 2005 no habr\u00eda importaciones de arroz, fue transmitido por Caracol Noticias, Nuevo D\u00eda y otros medios de comunicaci\u00f3n; este es el primero de los 11 puntos de nuestro pliego.<\/p>\n<p>Ibagu\u00e9, 22 de Octubre de 2004<\/p>\n<p>ANGEL MARIA CABALLERO LIAN<br \/>\nPresidente<\/p>\n<p>AURELIO SUAREZ MONTOYA<br \/>\nDirector Ejecutivo<\/p>\n","protected":false},"excerpt":{"rendered":"<p>Bolet\u00edn de prensa, Ibagu\u00e9, 22 de Octubre de 2004 Centenares de productores de arroz y trabajadores del Tolima, Huila y Meta, de los municipios y Distritos de Riego de Prado, Purificaci\u00f3n, Natagaima, Ortega, Salda\u00f1a, L\u00e9rida, Guamo, Venadillo, Ambalema, Meseta de Ibagu\u00e9, Juncal, Campo Alegre, Yaguar\u00e1, Paicol, Villavieja, Tesalia, Granada, Fuente de Oro se movilizaron el [&hellip;]<\/p>\n","protected":false},"author":1,"featured_media":0,"comment_status":"open","ping_status":"open","sticky":false,"template":"","format":"standard","meta":{"advanced_seo_description":"","jetpack_seo_html_title":"","jetpack_seo_noindex":false,"_jetpack_memberships_contains_paid_content":false,"footnotes":""},"categories":[7],"tags":[],"class_list":["post-1045","post","type-post","status-publish","format-standard","hentry","category-pronunciamientos-de-organizaciones-sociales"],"jetpack_featured_media_url":"","jetpack-related-posts":[{"id":678,"url":"https:\/\/moir.com.co\/web\/20-de-agosto-gran-jornada-por-la-defensa-del-arroz-del-tolima-y-del-huila\/","url_meta":{"origin":1045,"position":0},"title":"20 DE AGOSTO: GRAN JORNADA POR LA DEFENSA DEL ARROZ DEL TOLIMA Y DEL HUILA","author":"admin","date":"agosto 11, 2004","format":false,"excerpt":"Como consecuencia de las importaciones de cerca de 200.000 toneladas de arroz, provenientes de Tailandia y Venezuela, autorizadas por el gobierno al amparo de la implantaci\u00f3n del Mecanismo P\u00fablico de Administraci\u00f3n de Contingentes Agropecuarios, los precios de compra de la cosecha de este cereal para los productores de los departamentos\u2026","rel":"","context":"En \u00abPronunciamientos de Organizaciones Sociales\u00bb","block_context":{"text":"Pronunciamientos de Organizaciones Sociales","link":"https:\/\/moir.com.co\/web\/category\/pronunciamientos-de-organizaciones-sociales\/"},"img":{"alt_text":"","src":"","width":0,"height":0},"classes":[]},{"id":1034,"url":"https:\/\/moir.com.co\/web\/marcharemos-por-la-dignidad-de-los-arroceros-y-el-empleo-de-la-region\/","url_meta":{"origin":1045,"position":1},"title":"MARCHAREMOS POR LA DIGNIDAD DE LOS ARROCEROS Y EL EMPLEO DE LA REGI\u00d3N","author":"admin","date":"octubre 7, 2004","format":false,"excerpt":"Centenares de agricultores y trabajadores participaremos masivamente en la marcha por la dignidad arrocera programada para el 19 de Octubre de 2004 hacia las capitales del Tolima, Huila y Meta. Las razones m\u00e1s que suficientes son las 7 bajas consecutivas en el precio del cereal, decretados por la gran industria\u2026","rel":"","context":"En \u00abPronunciamientos de Organizaciones Sociales\u00bb","block_context":{"text":"Pronunciamientos de Organizaciones Sociales","link":"https:\/\/moir.com.co\/web\/category\/pronunciamientos-de-organizaciones-sociales\/"},"img":{"alt_text":"","src":"","width":0,"height":0},"classes":[]},{"id":999,"url":"https:\/\/moir.com.co\/web\/se-cocina-paro-nacional-arrocero\/","url_meta":{"origin":1045,"position":2},"title":"SE COCINA PARO NACIONAL ARROCERO","author":"admin","date":"septiembre 7, 2004","format":false,"excerpt":"Oscar Var\u00f3n, El NUevo D\u00eda, Ibagu\u00e9, septiembre 13 de 2004 La semana arranc\u00f3 con una nueva reducci\u00f3n de los precios de arroz en el pa\u00eds. Esto desencadenar\u00e1 un paro nacional de los productores del cereal, del cual se definir\u00e1 su hora cero el pr\u00f3ximo jueves 16 de septiembre cuando diferentes\u2026","rel":"","context":"En \u00abPronunciamientos de Organizaciones Sociales\u00bb","block_context":{"text":"Pronunciamientos de Organizaciones Sociales","link":"https:\/\/moir.com.co\/web\/category\/pronunciamientos-de-organizaciones-sociales\/"},"img":{"alt_text":"","src":"","width":0,"height":0},"classes":[]},{"id":630,"url":"https:\/\/moir.com.co\/web\/la-viii-junta-nacional-aprueba-participar-el-15-de-abril-en-la-movilizacion-andina-contra-el-alca-y-el-tlc-con-estados-unidos\/","url_meta":{"origin":1045,"position":3},"title":"LA VIII JUNTA NACIONAL APRUEBA  PARTICIPAR EL 15 DE ABRIL EN LA MOVILIZACI\u00d3N ANDINA CONTRA EL ALCA Y EL TLC CON ESTADOS UNIDOS","author":"admin","date":"agosto 11, 2004","format":false,"excerpt":"Salvaci\u00f3n Agropecuaria, Ibagu\u00e9, marzo 13 de 2004 La VIII Junta Nacional de la Asociaci\u00f3n Nacional por la Salvaci\u00f3n Agropecuaria, reunida en Ibagu\u00e9 el pasado s\u00e1bado 13 de marzo con la presencia de 225 delegados de 16 departamentos, aprob\u00f3 su participaci\u00f3n masiva en la movilizaci\u00f3n que organizaciones sociales, de productores, campesinas,\u2026","rel":"","context":"En \u00abPronunciamientos de Organizaciones Sociales\u00bb","block_context":{"text":"Pronunciamientos de Organizaciones Sociales","link":"https:\/\/moir.com.co\/web\/category\/pronunciamientos-de-organizaciones-sociales\/"},"img":{"alt_text":"","src":"","width":0,"height":0},"classes":[]},{"id":1016,"url":"https:\/\/moir.com.co\/web\/12-de-octubre-resistencia-civil-continental-de-agricultores-campesinos-e-indigenas-contra-el-libre-comercio\/","url_meta":{"origin":1045,"position":4},"title":"12 DE OCTUBRE: RESISTENCIA CIVIL CONTINENTAL DE AGRICULTORES, CAMPESINOS E IND\u00cdGENAS CONTRA EL LIBRE COMERCIO","author":"admin","date":"septiembre 27, 2004","format":false,"excerpt":"Tal como fue acordado por centenares de organizaciones andinas, de Centroam\u00e9rica y grupos de todo el continente americano compuestos por centrales obreras, asociaciones campesinas, de ind\u00edgenas y de agricultores, productores y empresarios locales, estudiantes e intelectuales, el pr\u00f3ximo martes 12 de octubre millones de personas en el continente americano se\u2026","rel":"","context":"En \u00abPronunciamientos de Organizaciones Sociales\u00bb","block_context":{"text":"Pronunciamientos de Organizaciones Sociales","link":"https:\/\/moir.com.co\/web\/category\/pronunciamientos-de-organizaciones-sociales\/"},"img":{"alt_text":"","src":"","width":0,"height":0},"classes":[]},{"id":1160,"url":"https:\/\/moir.com.co\/web\/la-batalla-del-arroz-el-5-de-junio-arroceros-a-consulta-popular\/","url_meta":{"origin":1045,"position":5},"title":"LA BATALLA DEL ARROZ, EL 5 DE JUNIO: \u00a1ARROCEROS A CONSULTA POPULAR!","author":"admin","date":"mayo 4, 2005","format":false,"excerpt":"Asociaci\u00f3n Nacional por la Salvaci\u00f3n Agropecuaria, Ibagu\u00e9, mayo 12 de 2005 Coincidiendo con las asambleas anuales de los principales distritos de riego del Tolima, donde se concentra la mayor porci\u00f3n de la producci\u00f3n arrocera de Colombia junto con el Huila, Meta y Casanare, se ha intensificado el debate sobre la\u2026","rel":"","context":"En \u00abPronunciamientos de Organizaciones Sociales\u00bb","block_context":{"text":"Pronunciamientos de Organizaciones Sociales","link":"https:\/\/moir.com.co\/web\/category\/pronunciamientos-de-organizaciones-sociales\/"},"img":{"alt_text":"","src":"","width":0,"height":0},"classes":[]}],"jetpack_sharing_enabled":true,"_links":{"self":[{"href":"https:\/\/moir.com.co\/web\/wp-json\/wp\/v2\/posts\/1045","targetHints":{"allow":["GET"]}}],"collection":[{"href":"https:\/\/moir.com.co\/web\/wp-json\/wp\/v2\/posts"}],"about":[{"href":"https:\/\/moir.com.co\/web\/wp-json\/wp\/v2\/types\/post"}],"author":[{"embeddable":true,"href":"https:\/\/moir.com.co\/web\/wp-json\/wp\/v2\/users\/1"}],"replies":[{"embeddable":true,"href":"https:\/\/moir.com.co\/web\/wp-json\/wp\/v2\/comments?post=1045"}],"version-history":[{"count":0,"href":"https:\/\/moir.com.co\/web\/wp-json\/wp\/v2\/posts\/1045\/revisions"}],"wp:attachment":[{"href":"https:\/\/moir.com.co\/web\/wp-json\/wp\/v2\/media?parent=1045"}],"wp:term":[{"taxonomy":"category","embeddable":true,"href":"https:\/\/moir.com.co\/web\/wp-json\/wp\/v2\/categories?post=1045"},{"taxonomy":"post_tag","embeddable":true,"href":"https:\/\/moir.com.co\/web\/wp-json\/wp\/v2\/tags?post=1045"}],"curies":[{"name":"wp","href":"https:\/\/api.w.org\/{rel}","templated":true}]}}