{"id":1044,"date":"2004-10-15T07:00:00","date_gmt":"2004-10-15T07:00:00","guid":{"rendered":"https:\/\/moir.org.co\/web\/carta-al-ministro-de-transporte-sobre-el-paro-civico-en-el-magdalena-medio\/"},"modified":"2004-10-15T07:00:00","modified_gmt":"2004-10-15T07:00:00","slug":"carta-al-ministro-de-transporte-sobre-el-paro-civico-en-el-magdalena-medio","status":"publish","type":"post","link":"https:\/\/moir.com.co\/web\/carta-al-ministro-de-transporte-sobre-el-paro-civico-en-el-magdalena-medio\/","title":{"rendered":"CARTA AL MINISTRO DE TRANSPORTE SOBRE EL PARO C\u00cdVICO EN EL MAGDALENA MEDIO"},"content":{"rendered":"<p>Puerto Boyac\u00e1, 15 de octubre de 2004<\/p>\n<p>Doctor<br \/>\nANDRES URIEL GALLEGO HENAO<br \/>\nMinistro de Transporte<br \/>\nBogot\u00e1. D.C<\/p>\n<p>Se\u00f1or Ministro<\/p>\n<p>La comunidad del Magdalena Medio Central: Concejales, Gremios, Transportadores, Ganaderos, Empresas de Transporte de Servicio P\u00fablico y Ciudadan\u00eda en General, habitantes de los Municipios de la Dorada, Puerto Salgar, Puerto Triunfo, Puerto Boyac\u00e1, Puerto Nare, Puerto Berrio y otros, ante el p\u00e9simo estado de la Autopista Bogot\u00e1 \u2013 La Costa; Bogot\u00e1 \u2013 Medell\u00edn en el tramo la Dorada \u2013 Puerto Berrio y la Dorada \u2013 Doradal \u2013 Cocorn\u00e1, hemos decidido por unanimidad adelantar un movimiento c\u00edvico con toma de la autopista y par\u00e1lisis total de la misma.<\/p>\n<p>En reiteradas ocasiones desde el mes de abril del a\u00f1o 2003 hemos venido manifestando nuestro clamor tanto colectiva como individualmente a trav\u00e9s de oficios, reuniones, visitas y dem\u00e1s, sin resultados positivos. Las estad\u00edsticas muestran el mayor \u00edndice de accidentalidad en este tramo con p\u00e9rdidas cuantiosas econ\u00f3micas, deterioro de los veh\u00edculos y lo m\u00e1s grave, p\u00e9rdida de vidas humanas; cuatro peajes a cargo de la Naci\u00f3n circundan esta Zona recaudando diariamente cuantiosas sumas de dinero que no son reinvertidas en el mejoramiento de las v\u00edas, adem\u00e1s de impuestos y sobretasas al combustible que pagamos.<\/p>\n<p>Por otro lado los hospitales p\u00fablicos de primer y segundo nivel existentes, se encuentran en dif\u00edciles condiciones de infraestructura, carecen de insumos, equipos y personal cient\u00edfico para atender permanentemente no solamente a la comunidad sino tambi\u00e9n los siniestros que se presentan cada 24 horas en estas v\u00edas.<\/p>\n<p>Cuando alguna vez repavimentaron y reparcharon un peque\u00f1o tramo con contratos onerosos, la calidad del trabajo no dur\u00f3 m\u00e1s de tres o cuatro meses convirti\u00e9ndose en otro desfalco; m\u00e1s de cinco mil millones de pesos.<\/p>\n<p>\u201cLa autopista de la muerte\u201d como ya ha sido bautizada esta v\u00eda requiere de una acci\u00f3n de inversi\u00f3n inmediata, o en la temporada alta va a ser \u201cLa autopista del terror\u201d.<\/p>\n<p>El viernes 15 de octubre en reuni\u00f3n conjunta, los estamentos representativos de esta regi\u00f3n hemos decido generar acci\u00f3n de reclamo.<\/p>\n<p>No aguantamos m\u00e1s promesas y excusas permanentes. En cualquier pa\u00eds del mundo por Subdesarrollado que sea, las v\u00edas p\u00fablicas son objetivo primordial del gobernante por la econom\u00eda, el progreso, desarrollo y bienestar de la comunidad; necesitamos realidades.<\/p>\n<p>Atentamente,<\/p>\n<p>FERNANDO RUBIO LOPEZ<br \/>\nPresidente Concejo Municipal Puerto Boyac\u00e1<\/p>\n<p>ANTONIO JOSE GRISMALDO GRISMALDO<br \/>\nVicepresidente C\u00e1mara de Comercio de la Dorada<\/p>\n<p>OSCAR FERNANDO BOTERO ALZATE<br \/>\nPresidente Comit\u00e9 de Ganaderos Puerto Boyac\u00e1<\/p>\n<p>ENNY MARIA BELE\u00d1O JIMENEZ<br \/>\nGerente Compa\u00f1\u00eda de Transportes Puerto Boyac\u00e1 S.A<\/p>\n<p>OSWALDO ZAPATA<br \/>\nCootransmedio Ltda. Puerto Boyac\u00e1<\/p>\n<p>HERMILDA ZULUAGA HOYOS<br \/>\nRiotax \u2013 La Dorada<\/p>\n<p>RODRIGO MARIN SANTA MARIA<br \/>\nCooperativa los Puertos \u2013 La Dorada<\/p>\n<p>JULIAN CHACON<br \/>\nTransportes Omega Puerto Boyac\u00e1<\/p>\n<p>ARMELGON POSADA MORENO<br \/>\nExpreso Brasilia Puerto Boyac\u00e1<\/p>\n<p>JUNIOR NESSMAN M.<br \/>\nCopetran Ltda.<\/p>\n<p>HERNANDO MU\u00d1ETON B.<br \/>\nLiga de Usuarios D.S.P<\/p>\n<p>JOSE ANGEL CASTRO<br \/>\nHospital Jos\u00e9 Cayetano Vasquez<\/p>\n<p>COMISION POLITICA PUERTO BOYACA<\/p>\n<p>CONCEJO MUNICIPAL DE LA DORADA<\/p>\n<p>CONCEJO MUNICIPAL PUERTO TRIUNFO<\/p>\n<p>PABLO LONDO\u00d1O<br \/>\nPresidente Comit\u00e9 de Ganaderos La Dorada<\/p>\n<p>JUAN RUEDA<br \/>\nPresidente Comit\u00e9 de Ganaderos Puerto Parra \u2013 Puerto Salgar<\/p>\n<p>EDUARDO MU\u00d1ETON B.<br \/>\nComit\u00e9 C\u00edvico la Dorada<\/p>\n<p>COMIT\u00c9 INTERGREMIAL LA DORADA<\/p>\n<p>Con Copia: DR. ALVARO URIBE VELEZ<br \/>\nDirector de INVIAS<br \/>\nCongreso de la Republica<br \/>\nGobernadores: Boyac\u00e1, Antioquia, Caldas, Santander, Cundinamarca<br \/>\nAlcaldes: La Dorada, Puerto Boyac\u00e1, Puerto Salgar, Puerto Triunfo, Puerto Nare, Puerto Berrio, Cimitarra<br \/>\nMedios de Comunicaci\u00f3n Nacional, Regional y Local<br \/>\nMinisterio Protecci\u00f3n Social<\/p>\n","protected":false},"excerpt":{"rendered":"<p>Puerto Boyac\u00e1, 15 de octubre de 2004 Doctor ANDRES URIEL GALLEGO HENAO Ministro de Transporte Bogot\u00e1. D.C Se\u00f1or Ministro La comunidad del Magdalena Medio Central: Concejales, Gremios, Transportadores, Ganaderos, Empresas de Transporte de Servicio P\u00fablico y Ciudadan\u00eda en General, habitantes de los Municipios de la Dorada, Puerto Salgar, Puerto Triunfo, Puerto Boyac\u00e1, Puerto Nare, Puerto [&hellip;]<\/p>\n","protected":false},"author":1,"featured_media":0,"comment_status":"open","ping_status":"open","sticky":false,"template":"","format":"standard","meta":{"advanced_seo_description":"","jetpack_seo_html_title":"","jetpack_seo_noindex":false,"_jetpack_memberships_contains_paid_content":false,"footnotes":""},"categories":[7],"tags":[],"class_list":["post-1044","post","type-post","status-publish","format-standard","hentry","category-pronunciamientos-de-organizaciones-sociales"],"jetpack_featured_media_url":"","jetpack-related-posts":[{"id":20581,"url":"https:\/\/moir.com.co\/web\/empieza-la-campana\/","url_meta":{"origin":1044,"position":0},"title":"EMPIEZA LA CAMPA\u00d1A","author":"admin","date":"enero 27, 2005","format":false,"excerpt":"Con una serie de masivos actos p\u00fablicos en los principales municipios de la regi\u00f3n del Magdalena Medio, el Frente por la Unidad del Pueblo dio comienzo a la contienda electoral, la que se llevar\u00e1 a todos los rincones de la patria y agitar\u00e1 el programa revolucionario con el que se\u2026","rel":"","context":"En \u00abTribuna Roja N\u00b0 39, Bogot\u00e1; agosto de 1981\u00bb","block_context":{"text":"Tribuna Roja N\u00b0 39, Bogot\u00e1; agosto de 1981","link":"https:\/\/moir.com.co\/web\/category\/tribuna-roja\/ediciones-1980-1984\/tribuna-roja-n-39-bogota-agosto-de-1981\/"},"img":{"alt_text":"","src":"","width":0,"height":0},"classes":[]},{"id":20797,"url":"https:\/\/moir.com.co\/web\/si-no-hay-acuerdo-sobre-estratificacion-y-tarifas-desobediencia-civil-en-el-magdalena-medio\/","url_meta":{"origin":1044,"position":1},"title":"Si no hay acuerdo sobre estratificaci\u00f3n y tarifas: DESOBEDIENCIA CIVIL EN EL MAGDALENA MEDIO","author":"admin","date":"abril 11, 2005","format":false,"excerpt":"Por Norman Alarc\u00f3n Rodas El 6 de noviembre, en el auditorio de la C\u00e1mara de Comercio de La Dorada, se realiz\u00f3 el Foro sobre Estratificaci\u00f3n, Tarifas y Desmonte de Subsidios, convocado por el Comit\u00e9 Intergremial del Magdalena Medio. Asistieron delegados de trece municipios: La Dorada, Marquetalia, Saman\u00e1, Victoria y Manzanares,\u2026","rel":"","context":"En \u00abTribuna Roja N\u00b0 68, Bogot\u00e1; noviembre 13 de 1996\u00bb","block_context":{"text":"Tribuna Roja N\u00b0 68, Bogot\u00e1; noviembre 13 de 1996","link":"https:\/\/moir.com.co\/web\/category\/tribuna-roja\/ediciones-1995-1999\/tribuna-roja-n-68-bogota-noviembre-13-de-1996\/"},"img":{"alt_text":"","src":"","width":0,"height":0},"classes":[]},{"id":20552,"url":"https:\/\/moir.com.co\/web\/torturado-y-asesinado-oscar-restrepo-concejal-del-moir-en-puerto-triunfo\/","url_meta":{"origin":1044,"position":2},"title":"TORTURADO Y ASESINADO OSCAR RESTREPO,  CONCEJAL DEL MOIR EN PUERTO TRIUNFO","author":"admin","date":"enero 27, 2005","format":false,"excerpt":"El 18 de mayo, en la localidad de Santiago Berr\u00edo, jurisdicci\u00f3n del municipio de Puerto Triunfo se encontr\u00f3, tirado en una zanja, el cuerpo sin vida del camarada Oscar Restrepo Hurtado; el cad\u00e1ver ense\u00f1aba elocuentes signos de tortura. Su rostro hab\u00eda sido desfigurado, sus u\u00f1as extra\u00eddas y su lengua cercenada.\u2026","rel":"","context":"En \u00abTribuna Roja N\u00b0 38, Bogot\u00e1; mayo de 1981\u00bb","block_context":{"text":"Tribuna Roja N\u00b0 38, Bogot\u00e1; mayo de 1981","link":"https:\/\/moir.com.co\/web\/category\/tribuna-roja\/ediciones-1980-1984\/tribuna-roja-n-38-bogota-mayo-de-1981\/"},"img":{"alt_text":"","src":"","width":0,"height":0},"classes":[]},{"id":472,"url":"https:\/\/moir.com.co\/web\/viernes-7-de-febrero-lanzamiento-de-campana-contra-el-referendo-en-el-magdalena-medio\/","url_meta":{"origin":1044,"position":3},"title":"VIERNES 7 DE FEBRERO: LANZAMIENTO DE CAMPA\u00d1A CONTRA EL REFERENDO EN EL MAGDALENA MEDIO","author":"admin","date":"agosto 9, 2004","format":false,"excerpt":"Organizaciones sindicales, gremiales, asociaciones de padres de familia, partidos pol\u00edticos, concejales, diputados, movimientos sociales, personalidades democr\u00e1ticas y progresistas y gentes del com\u00fan de La Dorada y oriente de Caldas; Puerto Salgar, Cundinamarca; Puerto Boyac\u00e1, Boyac\u00e1 y Norte del Tolima har\u00e1n el lanzamiento oficial de la campa\u00f1a contra el referendo en\u2026","rel":"","context":"En \u00abPronunciamientos de Organizaciones Sociales\u00bb","block_context":{"text":"Pronunciamientos de Organizaciones Sociales","link":"https:\/\/moir.com.co\/web\/category\/pronunciamientos-de-organizaciones-sociales\/"},"img":{"alt_text":"","src":"","width":0,"height":0},"classes":[]},{"id":20595,"url":"https:\/\/moir.com.co\/web\/oscar-restrepo-vive-en-el-corazon-del-pueblo\/","url_meta":{"origin":1044,"position":4},"title":"OSCAR RESTREPO VIVE EN EL CORAZ\u00d3N DEL PUEBLO","author":"admin","date":"enero 27, 2005","format":false,"excerpt":"En 1970 apareci\u00f3 en la cartelera de un colegio de secundario de La Dorada un peri\u00f3dico mural que se llamaba \u201cEl credo revolucionario\u201d. Algunos de los elementos, azuzados por las directivas del establecimiento, trataron de arrancarlo y lo hubieran logrado de no interpon\u00e9rseles espont\u00e1neamente un muchacho que nada ten\u00eda que\u2026","rel":"","context":"En \u00abTribuna Roja N\u00b0 39, Bogot\u00e1; agosto de 1981\u00bb","block_context":{"text":"Tribuna Roja N\u00b0 39, Bogot\u00e1; agosto de 1981","link":"https:\/\/moir.com.co\/web\/category\/tribuna-roja\/ediciones-1980-1984\/tribuna-roja-n-39-bogota-agosto-de-1981\/"},"img":{"alt_text":"","src":"","width":0,"height":0},"classes":[]},{"id":474,"url":"https:\/\/moir.com.co\/web\/comite-intersindical-dorada-puerto-salgar-respalda-el-frente-patriotico-en-defensa-de-ecopetrol\/","url_meta":{"origin":1044,"position":5},"title":"COMIT\u00c9 INTERSINDICAL DORADA -PUERTO SALGAR RESPALDA EL FRENTE PATRI\u00d3TICO EN DEFENSA DE ECOPETROL","author":"admin","date":"agosto 9, 2004","format":false,"excerpt":"Norman Alarc\u00f3n Rodas, Actualidad Econ\u00f3mica, La Dorada, febrero 10 de 2003 Hace m\u00e1s de cincuenta a\u00f1os que los trabajadores petroleros, dando un ejemplo de abnegaci\u00f3n y consecuencia en defensa de la soberan\u00eda, el trabajo y la producci\u00f3n nacional de hidrocarburos, conquistaron para toda la Naci\u00f3n la creaci\u00f3n de la Empresa\u2026","rel":"","context":"En \u00abPronunciamientos de Organizaciones Sociales\u00bb","block_context":{"text":"Pronunciamientos de Organizaciones Sociales","link":"https:\/\/moir.com.co\/web\/category\/pronunciamientos-de-organizaciones-sociales\/"},"img":{"alt_text":"","src":"","width":0,"height":0},"classes":[]}],"jetpack_sharing_enabled":true,"_links":{"self":[{"href":"https:\/\/moir.com.co\/web\/wp-json\/wp\/v2\/posts\/1044","targetHints":{"allow":["GET"]}}],"collection":[{"href":"https:\/\/moir.com.co\/web\/wp-json\/wp\/v2\/posts"}],"about":[{"href":"https:\/\/moir.com.co\/web\/wp-json\/wp\/v2\/types\/post"}],"author":[{"embeddable":true,"href":"https:\/\/moir.com.co\/web\/wp-json\/wp\/v2\/users\/1"}],"replies":[{"embeddable":true,"href":"https:\/\/moir.com.co\/web\/wp-json\/wp\/v2\/comments?post=1044"}],"version-history":[{"count":0,"href":"https:\/\/moir.com.co\/web\/wp-json\/wp\/v2\/posts\/1044\/revisions"}],"wp:attachment":[{"href":"https:\/\/moir.com.co\/web\/wp-json\/wp\/v2\/media?parent=1044"}],"wp:term":[{"taxonomy":"category","embeddable":true,"href":"https:\/\/moir.com.co\/web\/wp-json\/wp\/v2\/categories?post=1044"},{"taxonomy":"post_tag","embeddable":true,"href":"https:\/\/moir.com.co\/web\/wp-json\/wp\/v2\/tags?post=1044"}],"curies":[{"name":"wp","href":"https:\/\/api.w.org\/{rel}","templated":true}]}}