{"id":1041,"date":"2004-10-11T07:00:00","date_gmt":"2004-10-11T07:00:00","guid":{"rendered":"https:\/\/moir.org.co\/web\/avanza-gran-coalicion-democratica-del-magdalena\/"},"modified":"2004-10-11T07:00:00","modified_gmt":"2004-10-11T07:00:00","slug":"avanza-gran-coalicion-democratica-del-magdalena","status":"publish","type":"post","link":"https:\/\/moir.com.co\/web\/avanza-gran-coalicion-democratica-del-magdalena\/","title":{"rendered":"AVANZA GRAN COALICI\u00d3N DEMOCR\u00c1TICA DEL MAGDALENA"},"content":{"rendered":"<p>Las actividades desarrolladas en el departamento del Magdalena y en el distrito de Santa Marta, encaminadas a defender la soberan\u00eda nacional y los derechos de los trabajadores y el pueblo; a rechazar el TLC, el ALCA, la reelecci\u00f3n de Uribe y su paquetazo de reformas neoliberales, como la tributaria y la pensional; a defender las libertades democr\u00e1ticas, el Estado Social de Derecho y la soluci\u00f3n negociada del conflicto interno, han contado con el respaldo entusiasta de los m\u00e1s amplios sectores sindicales, sociales, pensionados, pol\u00edticos y comunitarios.<\/p>\n<p>La jornada del 16 de Septiembre represent\u00f3 un avance en la movilizaci\u00f3n de masas; luego el foro en defensa de la salud y la red p\u00fablica hospitalaria, realizado en Santa Marta el 25 de Septiembre, puso sobre el tapete la naturaleza de esta problem\u00e1tica, quedando suficientemente claro que la causa fundamental de esta crisis es la ley 100 de 1993 que privatiz\u00f3 la salud p\u00fablica, cuyo ponente y principal promotor fue el hoy presidente Uribe V\u00e9lez. Pero la respuesta m\u00e1s contundente fue el extraordinario paro del 12 de octubre cuando cerca de un millar de docentes del Magdalena participaron en la toma de Barranquilla que cont\u00f3 con alrededor de diez mil asistentes, mientras en Santa Marta m\u00e1s de dos mil manifestantes se concentraron en el Hospital Central y marcharon por las principales v\u00edas de la ciudad, uni\u00e9ndose al clamor nacional y continental contra la dominaci\u00f3n norteamericana, el TLC y el ALCA.<\/p>\n<p>En esta forma contin\u00faa avanzando el proceso de acumulaci\u00f3n de fuerzas de los sectores avanzados de la sociedad colombiana, jalonados por la Gran Coalici\u00f3n Democr\u00e1tica, que es una expresi\u00f3n de la unidad de acci\u00f3n de los m\u00e1s amplios segmentos democr\u00e1ticos y progresistas del pa\u00eds que se basa en unos objetivos de lucha acordados por todas las fuerzas participantes. Se destaca tambi\u00e9n en el panorama nacional la descolgada de la imagen de \u00c1lvaro Uribe V\u00e9lez, demostrando que los medios de comunicaci\u00f3n  ya no alcanzan a manipular a la opini\u00f3n p\u00fablica para darle aires de popularidad. Su pol\u00edtica entreguista al servicio del Imperio del Norte y su sa\u00f1a contra el pueblo Colombiano lo desnudan cada d\u00eda que pasa.<\/p>\n<p>La unidad y la lucha de los trabajadores y el pueblo avanzan en la direcci\u00f3n correcta para propinarle nuevas derrotas al gobierno neoliberal de Uribe V\u00e9lez.<\/p>\n<p>GRAN COALICI\u00d3N DEMOCR\u00c1TICA DEL MAGDALENA.<\/p>\n<p>\u00c1NGEL R. MANJARRES CORREA<br \/>\nPresidente CUT Magdalena y de la Gran Coalici\u00f3n Democr\u00e1tica del Magdalena<\/p>\n<p>LAUREANO C\u00c1EZ  TURIZO<br \/>\nSecretario General Gran Coalici\u00f3n Democr\u00e1tica del Magdalena                       <\/p>\n<p>URBANO SAN JU\u00c1N PERDOMO<br \/>\nPresidente Federaci\u00f3n Departamental. de Pensionados                                                  del Magdalena, y Tesorero Gran Coalici\u00f3n                                                  Democr\u00e1tica del Magdalena<\/p>\n","protected":false},"excerpt":{"rendered":"<p>Las actividades desarrolladas en el departamento del Magdalena y en el distrito de Santa Marta, encaminadas a defender la soberan\u00eda nacional y los derechos de los trabajadores y el pueblo; a rechazar el TLC, el ALCA, la reelecci\u00f3n de Uribe y su paquetazo de reformas neoliberales, como la tributaria y la pensional; a defender las [&hellip;]<\/p>\n","protected":false},"author":1,"featured_media":0,"comment_status":"open","ping_status":"open","sticky":false,"template":"","format":"standard","meta":{"advanced_seo_description":"","jetpack_seo_html_title":"","jetpack_seo_noindex":false,"_jetpack_memberships_contains_paid_content":false,"footnotes":""},"categories":[7],"tags":[],"class_list":["post-1041","post","type-post","status-publish","format-standard","hentry","category-pronunciamientos-de-organizaciones-sociales"],"jetpack_featured_media_url":"","jetpack-related-posts":[{"id":679,"url":"https:\/\/moir.com.co\/web\/a-defender-la-red-publica-hospitalaria\/","url_meta":{"origin":1041,"position":0},"title":"\u00a1A DEFENDER LA RED P\u00daBLICA HOSPITALARIA!","author":"admin","date":"agosto 11, 2004","format":false,"excerpt":"Gran Coalici\u00f3n Democr\u00e1tica del Magdalena, San Marta, agosto 12 de 2004 La Gran Coalici\u00f3n Democr\u00e1tica del Magdalena alerta a todas las fuerzas vivas de la sociedad samaria y magdalenense sobre el posible cierre de varios hospitales del departamento y del Hospital Central Julio M\u00e9ndez Barreneche de Santa Marta, seg\u00fan se\u2026","rel":"","context":"En \u00abPronunciamientos de Organizaciones Sociales\u00bb","block_context":{"text":"Pronunciamientos de Organizaciones Sociales","link":"https:\/\/moir.com.co\/web\/category\/pronunciamientos-de-organizaciones-sociales\/"},"img":{"alt_text":"","src":"","width":0,"height":0},"classes":[]},{"id":980,"url":"https:\/\/moir.com.co\/web\/foro-sobre-la-crisis-de-la-salud-la-red-p__blica-hospitalaria-y-por-la-salvaci__n-del-hospital-central-de-santa-marta\/","url_meta":{"origin":1041,"position":1},"title":"FORO SOBRE LA CRISIS DE LA SALUD, LA RED P__BLICA HOSPITALARIA Y POR LA SALVACI__N DEL HOSPITAL CENTRAL DE SANTA MARTA","author":"admin","date":"agosto 25, 2004","format":false,"excerpt":"Uno de los problemas m\u00e1s delicados de la poblaci\u00f3n colombiana es el de la salud y la red p\u00fablica hospitalaria ya que lesiona la existencia de millones de ni\u00f1os, j\u00f3venes, adultos y ancianos. El grave deterioro en la atenci\u00f3n de la salud y la prevenci\u00f3n de enfermedades atenta contra el\u2026","rel":"","context":"En \u00abPronunciamientos de Organizaciones Sociales\u00bb","block_context":{"text":"Pronunciamientos de Organizaciones Sociales","link":"https:\/\/moir.com.co\/web\/category\/pronunciamientos-de-organizaciones-sociales\/"},"img":{"alt_text":"","src":"","width":0,"height":0},"classes":[]},{"id":674,"url":"https:\/\/moir.com.co\/web\/lanzamiento-de-la-gran-coalicion-democratica-del-magdalena\/","url_meta":{"origin":1041,"position":2},"title":"LANZAMIENTO DE LA GRAN COALICI\u00d3N DEMOCR\u00c1TICA DEL MAGDALENA","author":"admin","date":"agosto 11, 2004","format":false,"excerpt":"El Mi\u00e9rcoles 4 de agosto de 2004 se constituy\u00f3 la Gran Coalici\u00f3n Democr\u00e1tica del Magdalena con la participaci\u00f3n de las organizaciones pol\u00edticas, gremiales, sindicales y comunitarias abajo firmantes, las cuales est\u00e1n de acuerdo con los siguientes objetivos de lucha de car\u00e1cter nacional, regional y distrital. OBJETIVOS NACIONALES 1. Rechazo al\u2026","rel":"","context":"En \u00abPronunciamientos de Organizaciones Sociales\u00bb","block_context":{"text":"Pronunciamientos de Organizaciones Sociales","link":"https:\/\/moir.com.co\/web\/category\/pronunciamientos-de-organizaciones-sociales\/"},"img":{"alt_text":"","src":"","width":0,"height":0},"classes":[]},{"id":7941,"url":"https:\/\/moir.com.co\/web\/clara-lopez-obregon-en-santa-marta\/","url_meta":{"origin":1041,"position":3},"title":"Clara L\u00f3pez Obreg\u00f3n en Santa Marta","author":"admin","date":"septiembre 26, 2013","format":false,"excerpt":"La candidata presidencial del Polo Democr\u00e1tico Alternativo, Clara L\u00f3pez Obreg\u00f3n, visitar\u00e1 la ciudad de Santa Marta durante los d\u00edas domingo 29 y lunes 30 de septiembre para reunirse con dirigentes y militantes de su partido, entrevistarse con los medios de comunicaci\u00f3n locales y regionales y dictar una conferencia acerca de\u2026","rel":"","context":"En \u00abPolo Democr\u00e1tico Alternativo\u00bb","block_context":{"text":"Polo Democr\u00e1tico Alternativo","link":"https:\/\/moir.com.co\/web\/category\/polo-democratico-alternativo\/"},"img":{"alt_text":"","src":"","width":0,"height":0},"classes":[]},{"id":1010,"url":"https:\/\/moir.com.co\/web\/gran-coalicion-democratica-del-magdalena-respalda-el-paro-de-los-camioneros\/","url_meta":{"origin":1041,"position":4},"title":"GRAN COALICI\u00d3N DEMOCR\u00c1TICA DEL MAGDALENA RESPALDA EL PARO DE LOS CAMIONEROS","author":"admin","date":"septiembre 16, 2004","format":false,"excerpt":"Desde el pasado martes 14 de septiembre miles de camioneros de todo el pa\u00eds se lanzaron a un paro nacional indefinido, guardaron sus veh\u00edculos y dieron a conocer su determinaci\u00f3n, las razones de la misma y los objetivos del movimiento. Es claro que las pol\u00edticas neoliberales aplicadas por los \u00faltimos\u2026","rel":"","context":"En \u00abPronunciamientos de Organizaciones Sociales\u00bb","block_context":{"text":"Pronunciamientos de Organizaciones Sociales","link":"https:\/\/moir.com.co\/web\/category\/pronunciamientos-de-organizaciones-sociales\/"},"img":{"alt_text":"","src":"","width":0,"height":0},"classes":[]},{"id":591,"url":"https:\/\/moir.com.co\/web\/acuerdo-democratico-y-patriotico-para-corporaciones-publicas-de-santa-marta-y-el-magdalena\/","url_meta":{"origin":1041,"position":5},"title":"ACUERDO DEMOCR\u00c1TICO Y PATRI\u00d3TICO PARA CORPORACIONES P\u00daBLICAS DE SANTA MARTA Y EL MAGDALENA","author":"admin","date":"agosto 11, 2004","format":false,"excerpt":"Los integrantes de las listas de la Anapo, abajo firmantes, y la direcci\u00f3n del Movimiento Obrero Independiente y Revolucionario (MOIR) del departamento del Magdalena hemos logrado un acuerdo program\u00e1tico de principios para la participaci\u00f3n en la actual contienda electoral , bajo los siguientes criterios. 1. El rechazo al modelo de\u2026","rel":"","context":"En \u00abPronunciamientos de Organizaciones Sociales\u00bb","block_context":{"text":"Pronunciamientos de Organizaciones Sociales","link":"https:\/\/moir.com.co\/web\/category\/pronunciamientos-de-organizaciones-sociales\/"},"img":{"alt_text":"","src":"","width":0,"height":0},"classes":[]}],"jetpack_sharing_enabled":true,"_links":{"self":[{"href":"https:\/\/moir.com.co\/web\/wp-json\/wp\/v2\/posts\/1041","targetHints":{"allow":["GET"]}}],"collection":[{"href":"https:\/\/moir.com.co\/web\/wp-json\/wp\/v2\/posts"}],"about":[{"href":"https:\/\/moir.com.co\/web\/wp-json\/wp\/v2\/types\/post"}],"author":[{"embeddable":true,"href":"https:\/\/moir.com.co\/web\/wp-json\/wp\/v2\/users\/1"}],"replies":[{"embeddable":true,"href":"https:\/\/moir.com.co\/web\/wp-json\/wp\/v2\/comments?post=1041"}],"version-history":[{"count":0,"href":"https:\/\/moir.com.co\/web\/wp-json\/wp\/v2\/posts\/1041\/revisions"}],"wp:attachment":[{"href":"https:\/\/moir.com.co\/web\/wp-json\/wp\/v2\/media?parent=1041"}],"wp:term":[{"taxonomy":"category","embeddable":true,"href":"https:\/\/moir.com.co\/web\/wp-json\/wp\/v2\/categories?post=1041"},{"taxonomy":"post_tag","embeddable":true,"href":"https:\/\/moir.com.co\/web\/wp-json\/wp\/v2\/tags?post=1041"}],"curies":[{"name":"wp","href":"https:\/\/api.w.org\/{rel}","templated":true}]}}