{"id":1039,"date":"2004-10-09T07:00:00","date_gmt":"2004-10-09T07:00:00","guid":{"rendered":"https:\/\/moir.org.co\/web\/encuentro-nacional-lucha-popular-y-servicios-publicos-conclusiones-preliminares\/"},"modified":"2004-10-09T07:00:00","modified_gmt":"2004-10-09T07:00:00","slug":"encuentro-nacional-lucha-popular-y-servicios-publicos-conclusiones-preliminares","status":"publish","type":"post","link":"https:\/\/moir.com.co\/web\/encuentro-nacional-lucha-popular-y-servicios-publicos-conclusiones-preliminares\/","title":{"rendered":"ENCUENTRO NACIONAL: LUCHA POPULAR Y SERVICIOS P\u00daBLICOS. CONCLUSIONES PRELIMINARES"},"content":{"rendered":"<p>El 14 y 15 de 0ctubre de 2004 se realiz\u00f3 en Medell\u00edn el Encuentro Nacional Lucha Popular y Servicios P\u00fablicos. Los objetivos del encuentro fueron compartir experiencias de Lucha Popular en materia de servicios p\u00fablicos domiciliarios y favorecer la construcci\u00f3n de una agenda y programa nacional, sin desconocer las especificidades regionales.<\/p>\n<p>All\u00ed se adoptaron las siguientes conclusiones preliminares: <\/p>\n<p>A. Considerando:<\/p>\n<p>1. Que la implementaci\u00f3n del modelo neoliberal ha tra\u00eddo consecuencias lesivas para el Pueblo colombiano como el empobrecimiento, la miseria y el desempleo.<br \/>\n2. Que consecuente con \u00e9ste modelo, la ley 142 de 1994 transform\u00f3 el r\u00e9gimen de prestaci\u00f3n de servicios p\u00fablicos domiciliarios, modific\u00f3 el papel del Estado, inici\u00f3 la privatizaci\u00f3n de las empresas p\u00fablicas con graves consecuencias sobre las tarifas y la garant\u00eda del derecho a estos servicios.<br \/>\n3. Que pese a lo anterior, la privatizaci\u00f3n representa la tendencia en la definici\u00f3n de las pol\u00edticas p\u00fablicas especialmente en el marco del Tratado de Libre Comercio y del Plan Nacional de Desarrollo del Presidente Uribe, representante de los monopolios nacionales e internacionales, con consecuencias sobre la soberan\u00eda nacional frente a los recursos naturales y la propiedad colectiva de los colombianos y colombianas.<br \/>\n4. Que en \u00e9ste marco se hace indispensable e inaplazable continuar con la promoci\u00f3n de la organizaci\u00f3n nacional de usuarios y usuarias de los servicios p\u00fablicos domiciliarios.<\/p>\n<p>B. Decidimos:  <\/p>\n<p>1. Crear el Comit\u00e9 Procoordinadora Nacional de Usuarios de Servicios P\u00fablicos Domiciliarios, el cual debe promover entre otras acciones, la construcci\u00f3n colectiva del Programa de la organizaci\u00f3n de los Usuarios. Lo hacemos sobre la base de reconocer que en Colombia existen diferentes procesos regionales y que en ese sentido el Comit\u00e9 a\u00fan es poco representativo. <\/p>\n<p>2. Dicho Comit\u00e9 queda integrado por Sintraemcali, Asociaci\u00f3n de Pensionados y Jubilados de la Empresa de Telecomuniaciones de Barranquilla, Ligas de Usuarios de Antioquia, Bogot\u00e1, Caldas, Alianza por los Servicios Esenciales Dignos (Medell\u00edn), Comit\u00e9 Popular de Usuarios de Manizales y Villa Maria, Sintraisa, Sintraemdes (Medell\u00edn).   <\/p>\n<p>3. Emprender acciones inmediatas de Lucha Popular teniendo en cuenta las siguientes motivaciones tem\u00e1ticas: la privatizaci\u00f3n de las empresas p\u00fablicas y la reversi\u00f3n de las que ya fueron privatizadas para que regresen a ser propiedad del Estado, el TLC, la estratificaci\u00f3n, el cargo fijo, creaci\u00f3n de los Fondos de Solidaridad, rechazo a la reducci\u00f3n de los consumos b\u00e1sicos, la participaci\u00f3n de los usuarios en las decisiones de las empresas y el papel de la SSP, promover la declaratoria de Emergencia Social. De manera particular el encuentro rechaza la privatizaci\u00f3n de EPM y la liquidaci\u00f3n de Emcali. <\/p>\n<p>C. Acordamos la siguiente agenda: <\/p>\n<p>1. El 20 de noviembre se reunir\u00e1 el Comit\u00e9 Procoordinadora Nacional de Usuarios en la ciudad de Cali, en el marco del Seminario Nacional sobre regulaci\u00f3n, tarifas, opciones de representaci\u00f3n y lucha popular convocado por Sintraemcali.<br \/>\nAntes de dicha reuni\u00f3n, se multiplicar\u00e1 \u00e9ste documento y se le enviar\u00e1 a las diferentes organizaciones sindicales, sociales y populares, se validar\u00e1 en las regiones y se har\u00e1 promoci\u00f3n del Comit\u00e9 para que gane en representaci\u00f3n local, regional y nacional. <\/p>\n<p>2, En dicha reuni\u00f3n se dar\u00e1 fecha a un encuentro Nacional m\u00e1s amplio en la convocatoria y en el tiempo de trabajo, y se unificar\u00e1 la propaganda a nivel nacional. Antes del encuentro se realizar\u00e1n regionales. <\/p>\n<p>3. Entre el 20 y 30 de noviembre se realizar\u00e1n en las regiones foros sobre la estratificaci\u00f3n.<\/p>\n<p>4. El 24 de febrero de 2005 se realizar\u00e1n movilizaciones en las diferentes regiones. Y se propone que \u00e9ste d\u00eda sea declarado el d\u00eda de los usuarios y las usuarias de SPD<\/p>\n<p>Finalmente, invitamos al Pueblo colombiano a la organizaci\u00f3n, educaci\u00f3n y movilizaci\u00f3n continua de cara a la defensa de lo que consideramos un derecho fundamental, a saber el derecho a los servicios p\u00fablicos domiciliarios.<\/p>\n<p>Medell\u00edn 15 de octubre de 2004<\/p>\n","protected":false},"excerpt":{"rendered":"<p>El 14 y 15 de 0ctubre de 2004 se realiz\u00f3 en Medell\u00edn el Encuentro Nacional Lucha Popular y Servicios P\u00fablicos. Los objetivos del encuentro fueron compartir experiencias de Lucha Popular en materia de servicios p\u00fablicos domiciliarios y favorecer la construcci\u00f3n de una agenda y programa nacional, sin desconocer las especificidades regionales. All\u00ed se adoptaron las [&hellip;]<\/p>\n","protected":false},"author":1,"featured_media":0,"comment_status":"open","ping_status":"open","sticky":false,"template":"","format":"standard","meta":{"advanced_seo_description":"","jetpack_seo_html_title":"","jetpack_seo_noindex":false,"_jetpack_memberships_contains_paid_content":false,"footnotes":""},"categories":[7],"tags":[],"class_list":["post-1039","post","type-post","status-publish","format-standard","hentry","category-pronunciamientos-de-organizaciones-sociales"],"jetpack_featured_media_url":"","jetpack-related-posts":[{"id":1071,"url":"https:\/\/moir.com.co\/web\/avanza-proceso-de-organizacion-de-los-usuarios-de-servicios-publicos\/","url_meta":{"origin":1039,"position":0},"title":"AVANZA PROCESO DE ORGANIZACI\u00d3N DE LOS USUARIOS DE SERVICIOS P\u00daBLICOS","author":"admin","date":"noviembre 22, 2004","format":false,"excerpt":"Cali, noviembre 25 de 2004 Convocado por la Internacional de Servicios P\u00fablicos -ISP-, el Sindicato de Trabajadores de Emcali \u2013Sintraemcali-, el Sindicato de Trabajadores de Emsirva -Sintraemsirva-, el Sindicato De Trabajadores Y Empleados De Servicios P\u00fablicos, Corporaciones Aut\u00f3nomas, Institutos Descentralizados Y Territoriales De Colombia \u2013Sintraemsdes-, el Movimiento de Usuarios Financieros\u2026","rel":"","context":"En \u00abPronunciamientos de Organizaciones Sociales\u00bb","block_context":{"text":"Pronunciamientos de Organizaciones Sociales","link":"https:\/\/moir.com.co\/web\/category\/pronunciamientos-de-organizaciones-sociales\/"},"img":{"alt_text":"","src":"","width":0,"height":0},"classes":[]},{"id":20453,"url":"https:\/\/moir.com.co\/web\/avanza-organizacion-de-los-usuarios-de-servicios-publicos\/","url_meta":{"origin":1039,"position":1},"title":"AVANZA ORGANIZACI\u00d3N DE LOS USUARIOS DE SERVICIOS P\u00daBLICOS","author":"admin","date":"noviembre 20, 2004","format":false,"excerpt":"Convocados por la Internacional de Servicios P\u00fablicos, ISP, el Movimiento de Usuarios Financieros y Consumidores Vital, el Sindicato de Trabajadores de Emcali, Sintraemcali, el Sindicato de Trabajadores de Emsirva, Sintraemsirva, el Sindicato de Trabajadores y Empleados de Municipios y Empresas Descentralizadas, Sintraemdes, y el Comit\u00e9 Pro Coordinadora Nacional de Usuarios,\u2026","rel":"","context":"En \u00abTribuna Roja N\u00ba 98, diciembre 4 de 2004\u00bb","block_context":{"text":"Tribuna Roja N\u00ba 98, diciembre 4 de 2004","link":"https:\/\/moir.com.co\/web\/category\/tribuna-roja\/ediciones-2000-2004\/tribuna-roja-no-98-diciembre-4-de-2004\/"},"img":{"alt_text":"","src":"","width":0,"height":0},"classes":[]},{"id":1185,"url":"https:\/\/moir.com.co\/web\/convocatoria-del-congreso-nacional-de-usuarios-y-defensores-de-los-servicios-publicos-domiciliarios\/","url_meta":{"origin":1039,"position":2},"title":"CONVOCATORIA DEL CONGRESO NACIONAL DE USUARIOS Y DEFENSORES DE LOS SERVICIOS PUBLICOS DOMICILIARIOS","author":"admin","date":"mayo 26, 2005","format":false,"excerpt":"Bogot\u00e1, junio 4 de 2005 CONGRESO NACIONAL DE USUARIOS Y DEFENSORES DE LOS SERVICIOS PUBLICOS DOMICILIARIOS CORREOS: congresosp@yahoo.com, ligausuarios@telecom.com.co, presidencia@cut.org.co BOGOTA, 21 \u2013 22 JULIO DE 2005 1. JUSTIFICACI\u00d3N: Durante los d\u00edas 21 y 22 de julio de 2005, se llevar\u00e1 a cabo en Bogot\u00e1 D.C., el Primer Congreso Nacional\u2026","rel":"","context":"En \u00abPronunciamientos de Organizaciones Sociales\u00bb","block_context":{"text":"Pronunciamientos de Organizaciones Sociales","link":"https:\/\/moir.com.co\/web\/category\/pronunciamientos-de-organizaciones-sociales\/"},"img":{"alt_text":"","src":"","width":0,"height":0},"classes":[]},{"id":21150,"url":"https:\/\/moir.com.co\/web\/servicios-publicos-domiciliarios-deben-ser-derechos-fundamentales\/","url_meta":{"origin":1039,"position":3},"title":"SERVICIOS P\u00daBLICOS DOMICILIARIOS DEBEN SER DERECHOS FUNDAMENTALES","author":"admin","date":"agosto 21, 2005","format":false,"excerpt":"Tribuna Roja En Bogot\u00e1, el 21 y 22 de julio, se reuni\u00f3 el Primer Congreso Nacional de Usuarios y Defensores de los Servicios P\u00fablicos Domiciliarios. M\u00e1s de 1.400 delegados, de varios centenares de organizaciones de usuarios, sindicales, comunales, ambientales, ONG y centros de investigaci\u00f3n, dedicaron estos dos d\u00edas al estudio,\u2026","rel":"","context":"En \u00abTribuna Roja N\u00ba 100, septiembre 1 de 2005\u00bb","block_context":{"text":"Tribuna Roja N\u00ba 100, septiembre 1 de 2005","link":"https:\/\/moir.com.co\/web\/category\/tribuna-roja\/ediciones-2005-2009\/tribuna-roja-no-100-septiembre-1-de-2005\/"},"img":{"alt_text":"","src":"","width":0,"height":0},"classes":[]},{"id":20750,"url":"https:\/\/moir.com.co\/web\/con-gran-animo-unitario-avanza-organizacion-de-los-usuarios-de-los-servicios-publicos\/","url_meta":{"origin":1039,"position":4},"title":"CON GRAN \u00c1NIMO UNITARIO AVANZA ORGANIZACI\u00d3N DE LOS USUARIOS DE LOS SERVICIOS P\u00daBLICOS","author":"admin","date":"marzo 2, 2005","format":false,"excerpt":"Por Oscar Guti\u00e9rrez Reyes Urgidas por la idea y la necesidad de construir una organizaci\u00f3n nacional de usuarios de servicios p\u00fablicos, diversas organizaciones del sector vienen trabajando desde hace varios meses para encontrar los lineamientos b\u00e1sicos de un acuerdo que permita aglutinar, en una coordinadora nacional, la mayor cantidad de\u2026","rel":"","context":"En \u00abTribuna Roja N\u00ba 99, marzo 10 de 2005\u00bb","block_context":{"text":"Tribuna Roja N\u00ba 99, marzo 10 de 2005","link":"https:\/\/moir.com.co\/web\/category\/tribuna-roja\/ediciones-2005-2009\/tribuna-roja-no-99-marzo-10-de-2005\/"},"img":{"alt_text":"","src":"","width":0,"height":0},"classes":[]},{"id":20930,"url":"https:\/\/moir.com.co\/web\/en-barranquilla-foro-contra-el-alza-en-los-servicios-publicos\/","url_meta":{"origin":1039,"position":5},"title":"En Barranquilla: FORO CONTRA EL ALZA EN LOS SERVICIOS P\u00daBLICOS","author":"admin","date":"mayo 2, 2005","format":false,"excerpt":"El Frente Amplio C\u00edvico y Popular del Atl\u00e1ntico informa a la naci\u00f3n del \u00e9xito del primer foro contra el alto costo y la mala calidad de los servicios p\u00fablicos domiciliarios y su privatizaci\u00f3n, realizado el 10 de junio en las instalaciones de Comfamiliar, contando con la presencia de doscientos delegados,\u2026","rel":"","context":"En \u00abTribuna Roja N\u00b0 60, Bogot\u00e1; julio 14 de 1995\u00bb","block_context":{"text":"Tribuna Roja N\u00b0 60, Bogot\u00e1; julio 14 de 1995","link":"https:\/\/moir.com.co\/web\/category\/tribuna-roja\/ediciones-1995-1999\/tribuna-roja-n-60-bogota-julio-14-de-1995\/"},"img":{"alt_text":"","src":"","width":0,"height":0},"classes":[]}],"jetpack_sharing_enabled":true,"_links":{"self":[{"href":"https:\/\/moir.com.co\/web\/wp-json\/wp\/v2\/posts\/1039","targetHints":{"allow":["GET"]}}],"collection":[{"href":"https:\/\/moir.com.co\/web\/wp-json\/wp\/v2\/posts"}],"about":[{"href":"https:\/\/moir.com.co\/web\/wp-json\/wp\/v2\/types\/post"}],"author":[{"embeddable":true,"href":"https:\/\/moir.com.co\/web\/wp-json\/wp\/v2\/users\/1"}],"replies":[{"embeddable":true,"href":"https:\/\/moir.com.co\/web\/wp-json\/wp\/v2\/comments?post=1039"}],"version-history":[{"count":0,"href":"https:\/\/moir.com.co\/web\/wp-json\/wp\/v2\/posts\/1039\/revisions"}],"wp:attachment":[{"href":"https:\/\/moir.com.co\/web\/wp-json\/wp\/v2\/media?parent=1039"}],"wp:term":[{"taxonomy":"category","embeddable":true,"href":"https:\/\/moir.com.co\/web\/wp-json\/wp\/v2\/categories?post=1039"},{"taxonomy":"post_tag","embeddable":true,"href":"https:\/\/moir.com.co\/web\/wp-json\/wp\/v2\/tags?post=1039"}],"curies":[{"name":"wp","href":"https:\/\/api.w.org\/{rel}","templated":true}]}}