{"id":1034,"date":"2004-10-07T07:00:00","date_gmt":"2004-10-07T07:00:00","guid":{"rendered":"https:\/\/moir.org.co\/web\/marcharemos-por-la-dignidad-de-los-arroceros-y-el-empleo-de-la-region\/"},"modified":"2004-10-07T07:00:00","modified_gmt":"2004-10-07T07:00:00","slug":"marcharemos-por-la-dignidad-de-los-arroceros-y-el-empleo-de-la-region","status":"publish","type":"post","link":"https:\/\/moir.com.co\/web\/marcharemos-por-la-dignidad-de-los-arroceros-y-el-empleo-de-la-region\/","title":{"rendered":"MARCHAREMOS POR LA DIGNIDAD DE LOS ARROCEROS Y EL EMPLEO DE LA REGI\u00d3N"},"content":{"rendered":"<p>Centenares de agricultores y trabajadores participaremos masivamente  en la marcha por la dignidad arrocera programada para el 19 de Octubre de 2004 hacia las  capitales del Tolima, Huila y Meta. Las razones m\u00e1s que suficientes son las 7 bajas consecutivas en el precio del cereal, decretados por la gran industria molinera, llevando los precios del paddy hasta la quiebra de los productores ante la impotencia del gobierno como resultado de las importaciones y el contrabando. La inclusi\u00f3n del arroz en el TLC, adem\u00e1s de la solicitud de los industriales al Gobierno en el Congreso de Induarroz, que a  la gran industria molinera en el TLC, se les permita importar arroz Paddy de Estados Unidos y que a nosotros nos incluyan en una larga agon\u00eda hasta desaparecer, es otra causal de nuestro inconformismo.<\/p>\n<p>La complacencia del Gobierno con los monopolios de agroqu\u00edmicos y la gran industria molinera es evidente, al omitir determinaciones serias que conjuren la ruina del sector y aceptar sin reparo alguno lo expresado por la moliner\u00eda en el Ep\u00edlogo del Congreso de Induarroz la semana pasada, &#8220;A simple vista pareciera que no se requieren importaciones para el 2005, pero es importante que se tenga en cuenta que muchos productores disminuir\u00e1n su capacidad de oferta (interpr\u00e9tese arruinar\u00e1n) en el mercado, debido a la crisis de este a\u00f1o&#8221;. Palabras del l\u00edder de los grandes molineros, publicadas en el Nuevo D\u00eda, quien estima que los excedentes estar\u00e1n as\u00ed: Octubre 656 mil, Noviembre 682 mil y Diciembre 539 mil toneladas de arroz, con posibilidades de un menor precio que el actual.<\/p>\n<p>Desde Febrero, Salvaci\u00f3n Agropecuaria  lo hab\u00eda pronosticado: no era una equivocaci\u00f3n de nadie, lo que se configur\u00f3 fue una conspiraci\u00f3n contra el sector arrocero que deja en la lona de la quiebra a centenares de agricultores, desempleados a miles de trabajadores incrementando la ruina de nuestros municipios; por estos motivos grav\u00edsimos para el bienestar de nuestras comunidades, es que debemos movilizarnos todos, resistiendo con valor este otro intento de barrer con la producci\u00f3n arrocera del mapa agr\u00edcola y eso que no se ha firmado el TLC. Si desaparece el cultivo de arroz en Colombia  por el TLC, igualmente debe desaparecer la industria molinera, pues no se justifica importar cascarilla, ya que los hipermercados lo pueden importar empaquetado y en Ingl\u00e9s. Los agricultores somos la justificaci\u00f3n social de los molineros, &#8220;O todos en la cama, o todos en el suelo&#8221;.<\/p>\n<p>Marchemos con los usuarios de los Distritos por la defensa del arroz y el empleo.<\/p>\n<p>COMIT\u00c9 DEPARTAMENTAL POR LA DEFENSA DEL ARROZ DEL TOLIMA<br \/>\nASOCIACION NACIONAL POR LA SALVACION AGROPECUARIA<\/p>\n","protected":false},"excerpt":{"rendered":"<p>Centenares de agricultores y trabajadores participaremos masivamente en la marcha por la dignidad arrocera programada para el 19 de Octubre de 2004 hacia las capitales del Tolima, Huila y Meta. Las razones m\u00e1s que suficientes son las 7 bajas consecutivas en el precio del cereal, decretados por la gran industria molinera, llevando los precios del [&hellip;]<\/p>\n","protected":false},"author":1,"featured_media":0,"comment_status":"open","ping_status":"open","sticky":false,"template":"","format":"standard","meta":{"advanced_seo_description":"","jetpack_seo_html_title":"","jetpack_seo_noindex":false,"_jetpack_memberships_contains_paid_content":false,"footnotes":""},"categories":[7],"tags":[],"class_list":["post-1034","post","type-post","status-publish","format-standard","hentry","category-pronunciamientos-de-organizaciones-sociales"],"jetpack_featured_media_url":"","jetpack-related-posts":[{"id":13240,"url":"https:\/\/moir.com.co\/web\/arroz-contienda-con-el-oligopolio-los-tlc-y-el-gobierno-santos\/","url_meta":{"origin":1034,"position":0},"title":"Arroz, contienda con el oligopolio, los TLC y el Gobierno Santos","author":"admin","date":"septiembre 3, 2017","format":false,"excerpt":"Oscar Guti\u00e9rrez Reyes,\u00a0Director Ejecutivo Nacional\u00a0Dignidad Agropecuaria Colombiana, septiembre 3 de 2017 Ayer, 29 de agosto, tal y como estaba previsto y acordado, se realiz\u00f3 el Paro Nacional Arrocero. En las carreteras de Arauca, Casanare, Meta, Cesar, Norte de Santander, Tolima y Huila caminaron o se instalaron m\u00e1s de 8.000 productores\u2026","rel":"","context":"En \u00abAgro\u00bb","block_context":{"text":"Agro","link":"https:\/\/moir.com.co\/web\/category\/temas\/agro\/"},"img":{"alt_text":"","src":"https:\/\/i0.wp.com\/moir.com.co\/web\/wp-content\/uploads\/2017\/09\/tlccampasinado.jpeg?fit=729%2C536&ssl=1&resize=350%2C200","width":350,"height":200,"srcset":"https:\/\/i0.wp.com\/moir.com.co\/web\/wp-content\/uploads\/2017\/09\/tlccampasinado.jpeg?fit=729%2C536&ssl=1&resize=350%2C200 1x, https:\/\/i0.wp.com\/moir.com.co\/web\/wp-content\/uploads\/2017\/09\/tlccampasinado.jpeg?fit=729%2C536&ssl=1&resize=525%2C300 1.5x, https:\/\/i0.wp.com\/moir.com.co\/web\/wp-content\/uploads\/2017\/09\/tlccampasinado.jpeg?fit=729%2C536&ssl=1&resize=700%2C400 2x"},"classes":[]},{"id":12595,"url":"https:\/\/moir.com.co\/web\/el-gobierno-santos-debe-atender-las-peticiones-de-los-arroceros-colombianos-senador-robledo\/","url_meta":{"origin":1034,"position":1},"title":"El gobierno Santos debe atender las peticiones de los arroceros colombianos: senador Robledo","author":"admin","date":"junio 3, 2017","format":"video","excerpt":"Oficina de prensa del senador Jorge Enrique Robledo, Bogot\u00e1, junio 2 de 2017 \u00a0 Soluciones para los arroceros; las importaciones en 2016 sumaron 332 mil toneladas; es necesario renegociar los TLC \u201cEl libre comercio est\u00e1 causando una grave crisis entre los arroceros colombianos,\u201d explic\u00f3 el senador Jorge Enrique Robledo, quien\u2026","rel":"","context":"En \u00abAgro\u00bb","block_context":{"text":"Agro","link":"https:\/\/moir.com.co\/web\/category\/temas\/agro\/"},"img":{"alt_text":"","src":"","width":0,"height":0},"classes":[]},{"id":664,"url":"https:\/\/moir.com.co\/web\/polemica-por-importacion-de-arroz-que-derrumba-precios-a-cultivadores-y-crecen-los-del-consumidor\/","url_meta":{"origin":1034,"position":2},"title":"POL\u00c9MICA POR IMPORTACI\u00d3N DE ARROZ QUE DERRUMBA PRECIOS A CULTIVADORES Y CRECEN LOS DEL CONSUMIDOR","author":"admin","date":"agosto 11, 2004","format":false,"excerpt":"En el debate est\u00e1n enfrascados La industria molinera, los productores de arroz y el Ministerio de Agricultura. El debate se abri\u00f3 luego de que la carga de 125 kilos que se les compra a los cultivadores cay\u00f3, en solo tres meses, de 85.000 a 77.000 pesos (9%). Mientras tanto, los\u2026","rel":"","context":"En \u00abPronunciamientos de Organizaciones Sociales\u00bb","block_context":{"text":"Pronunciamientos de Organizaciones Sociales","link":"https:\/\/moir.com.co\/web\/category\/pronunciamientos-de-organizaciones-sociales\/"},"img":{"alt_text":"","src":"","width":0,"height":0},"classes":[]},{"id":668,"url":"https:\/\/moir.com.co\/web\/precio-del-arroz-es-un-fiasco\/","url_meta":{"origin":1034,"position":3},"title":"&#8220;PRECIO DEL ARROZ ES UN FIASCO&#8221;","author":"admin","date":"agosto 11, 2004","format":false,"excerpt":"Redacci\u00f3n local, El Nuevo D\u00eda, Ibagu\u00e9, julio 4 de 2004 El precio de la carga de paddy verde, de 70 mil pesos, fijado por el Gobierno nacional el primero de julio para los Llanos Orientales, caus\u00f3 una gran frustraci\u00f3n en los productores de arroz de los distritos de riego en\u2026","rel":"","context":"En \u00abPronunciamientos de Organizaciones Sociales\u00bb","block_context":{"text":"Pronunciamientos de Organizaciones Sociales","link":"https:\/\/moir.com.co\/web\/category\/pronunciamientos-de-organizaciones-sociales\/"},"img":{"alt_text":"","src":"","width":0,"height":0},"classes":[]},{"id":13179,"url":"https:\/\/moir.com.co\/web\/respaldemos-a-los-productores-de-arroz\/","url_meta":{"origin":1034,"position":4},"title":"Respaldemos a los productores de Arroz","author":"admin","date":"agosto 24, 2017","format":false,"excerpt":"Pronunciamiento de Dignidad Arrocera y Agropecuaria,\u00a0Bogot\u00e1, 23 de Agosto de 2017 Realizada la Audiencia P\u00fablica solicitada por arroceros de Casanare y concedida por la Comisi\u00f3n V de la C\u00e1mara de Representantes y que cont\u00f3 con la presencia de 3 Senadores de la Rep\u00fablica, los arroceros pertenecientes a Dignidad Arrocera y\u2026","rel":"","context":"En \u00abAgro\u00bb","block_context":{"text":"Agro","link":"https:\/\/moir.com.co\/web\/category\/temas\/agro\/"},"img":{"alt_text":"","src":"","width":0,"height":0},"classes":[]},{"id":999,"url":"https:\/\/moir.com.co\/web\/se-cocina-paro-nacional-arrocero\/","url_meta":{"origin":1034,"position":5},"title":"SE COCINA PARO NACIONAL ARROCERO","author":"admin","date":"septiembre 7, 2004","format":false,"excerpt":"Oscar Var\u00f3n, El NUevo D\u00eda, Ibagu\u00e9, septiembre 13 de 2004 La semana arranc\u00f3 con una nueva reducci\u00f3n de los precios de arroz en el pa\u00eds. Esto desencadenar\u00e1 un paro nacional de los productores del cereal, del cual se definir\u00e1 su hora cero el pr\u00f3ximo jueves 16 de septiembre cuando diferentes\u2026","rel":"","context":"En \u00abPronunciamientos de Organizaciones Sociales\u00bb","block_context":{"text":"Pronunciamientos de Organizaciones Sociales","link":"https:\/\/moir.com.co\/web\/category\/pronunciamientos-de-organizaciones-sociales\/"},"img":{"alt_text":"","src":"","width":0,"height":0},"classes":[]}],"jetpack_sharing_enabled":true,"_links":{"self":[{"href":"https:\/\/moir.com.co\/web\/wp-json\/wp\/v2\/posts\/1034","targetHints":{"allow":["GET"]}}],"collection":[{"href":"https:\/\/moir.com.co\/web\/wp-json\/wp\/v2\/posts"}],"about":[{"href":"https:\/\/moir.com.co\/web\/wp-json\/wp\/v2\/types\/post"}],"author":[{"embeddable":true,"href":"https:\/\/moir.com.co\/web\/wp-json\/wp\/v2\/users\/1"}],"replies":[{"embeddable":true,"href":"https:\/\/moir.com.co\/web\/wp-json\/wp\/v2\/comments?post=1034"}],"version-history":[{"count":0,"href":"https:\/\/moir.com.co\/web\/wp-json\/wp\/v2\/posts\/1034\/revisions"}],"wp:attachment":[{"href":"https:\/\/moir.com.co\/web\/wp-json\/wp\/v2\/media?parent=1034"}],"wp:term":[{"taxonomy":"category","embeddable":true,"href":"https:\/\/moir.com.co\/web\/wp-json\/wp\/v2\/categories?post=1034"},{"taxonomy":"post_tag","embeddable":true,"href":"https:\/\/moir.com.co\/web\/wp-json\/wp\/v2\/tags?post=1034"}],"curies":[{"name":"wp","href":"https:\/\/api.w.org\/{rel}","templated":true}]}}