{"id":1033,"date":"2004-10-04T07:00:00","date_gmt":"2004-10-04T07:00:00","guid":{"rendered":"https:\/\/moir.org.co\/web\/21-de-octubre-nuevo-paro-civico-del-choco-por-la-terminacion-de-la-via-al-mar\/"},"modified":"2004-10-04T07:00:00","modified_gmt":"2004-10-04T07:00:00","slug":"21-de-octubre-nuevo-paro-civico-del-choco-por-la-terminacion-de-la-via-al-mar","status":"publish","type":"post","link":"https:\/\/moir.com.co\/web\/21-de-octubre-nuevo-paro-civico-del-choco-por-la-terminacion-de-la-via-al-mar\/","title":{"rendered":"21 DE OCTUBRE: NUEVO PARO C\u00cdVICO DEL CHOC\u00d3 POR LA TERMINACI\u00d3N DE LA V\u00cdA AL MAR"},"content":{"rendered":"<p>El pr\u00f3ximo jueves 21 de octubre el pueblo chocoano se levanta de nuevo exigiendo al gobierno nacional la inclusi\u00f3n de 25.000 millones de pesos en el presupuesto del a\u00f1o 2005 para la terminaci\u00f3n de la v\u00eda al mar \u00c1nimas-Nuqu\u00ed y la agilizaci\u00f3n de los tr\u00e1mites de la licencia ambiental.<\/p>\n<p>A ra\u00edz del incumplimiento del gobierno nacional en reanudar la obra, compromiso adquirido en el paro c\u00edvico de junio de 2000, se cre\u00f3 en enero de 2004 el Comit\u00e9 Pro V\u00eda al Mar, integrado por la Universidad Tecnol\u00f3gica del Choc\u00f3, el Comit\u00e9 C\u00edvico por la Salvaci\u00f3n del Choc\u00f3, la C\u00e1mara de Comercio de Quibd\u00f3, las colonias de Alto Baud\u00f3 y Nuqu\u00ed residentes en Quibd\u00f3, el gobierno y la asamblea del Choc\u00f3, el concejo de Quibd\u00f3 y otras organizaciones. En un concurrido foro realizado en la UTCH el 29 de marzo de 2004, el Ministro de Transporte, Andr\u00e9s Uriel Gallego, se comprometi\u00f3 con el pueblo chocoano a ejecutar un cronograma de acciones conducentes a la reanudaci\u00f3n de la v\u00eda al mar.<\/p>\n<p>En el consejo comunal de Quibd\u00f3 del 24 de abril el Presidente Uribe afirm\u00f3: &#8220;No se le puede seguir demorando la v\u00eda al mar al Choc\u00f3. Tiene que haber plata para esta obra. Para esta carretera ser\u00e1 la primera partida de 25.000 millones de pesos en el presupuesto de 2005&#8221;.<\/p>\n<p>Sin embargo, el 28 de julio el gobierno nacional present\u00f3 a consideraci\u00f3n del congreso el proyecto de presupuesto para el a\u00f1o 2005 sin incluir la partida prometida.<\/p>\n<p>Ante los reclamos escritos del Comit\u00e9 Pro V\u00eda al Mar, funcionarios del gobierno expresaron que el error ser\u00eda subsanado en la carta de modificaciones que se presentar\u00eda luego al congreso. Pero ello tampoco ocurri\u00f3. El 23 de septiembre el Ministro de Hacienda<br \/>\npresent\u00f3 a las comisiones econ\u00f3micas del congreso una abultada carta de modificaciones al presupuesto de 2005 donde de nuevo no apareci\u00f3 la partida.<\/p>\n<p>Adicional a este segundo incumplimiento, el Ministerio del Ambiente recibi\u00f3 desde el 26 de agosto el informe del equipo t\u00e9cnico del Instituto de Investigaciones del Pac\u00edfico (IIAP) y de la UTCH que recomend\u00f3 a Membrillo como la mejor alternativa para la v\u00eda y hasta el momento no ha expedido el auto respectivo, paralizando el estudio final acordado por Inv\u00edas con la UTCH y dilatando el cronograma para la licencia ambiental.<\/p>\n<p>El Comit\u00e9 Pro V\u00eda al Mar inform\u00f3 sobre estos obst\u00e1culos a una asamblea popular el pasado s\u00e1bado, donde se aprob\u00f3 realizar el pr\u00f3ximo jueves 21 de octubre un paro c\u00edvico en todo el Choc\u00f3 exigiendo al gobierno nacional la inclusi\u00f3n de los 25.000 millones de pesos en los debates finales de Senado y C\u00e1mara y la agilizaci\u00f3n de los tr\u00e1mites, acogiendo la ruta de Membrillo y los t\u00e9rminos de referencia para facilitar el licenciamiento ambiental.<br \/>\nEl Comit\u00e9 Pro V\u00eda al Mar llama a todo el pueblo chocoano a participar masivamente en el paro c\u00edvico del jueves 21 de octubre, d\u00eda en que suspenderemos labores, se paralizar\u00e1 el transporte, se cerrar\u00e1n los negocios comerciales y saldremos a las calles en una masiva y pac\u00edfica protesta ciudadana.<\/p>\n<p>Llamamos a las colonias de chocoanos residentes en el interior del pa\u00eds a manifestarse en el mismo sentido.<\/p>\n<p>Quibd\u00f3, octubre 13 de 2004.<\/p>\n<p>COMIT\u00c9 PRO V\u00cdA AL MAR<\/p>\n","protected":false},"excerpt":{"rendered":"<p>El pr\u00f3ximo jueves 21 de octubre el pueblo chocoano se levanta de nuevo exigiendo al gobierno nacional la inclusi\u00f3n de 25.000 millones de pesos en el presupuesto del a\u00f1o 2005 para la terminaci\u00f3n de la v\u00eda al mar \u00c1nimas-Nuqu\u00ed y la agilizaci\u00f3n de los tr\u00e1mites de la licencia ambiental. A ra\u00edz del incumplimiento del gobierno [&hellip;]<\/p>\n","protected":false},"author":1,"featured_media":0,"comment_status":"open","ping_status":"open","sticky":false,"template":"","format":"standard","meta":{"advanced_seo_description":"","jetpack_seo_html_title":"","jetpack_seo_noindex":false,"_jetpack_memberships_contains_paid_content":false,"footnotes":""},"categories":[7],"tags":[],"class_list":["post-1033","post","type-post","status-publish","format-standard","hentry","category-pronunciamientos-de-organizaciones-sociales"],"jetpack_featured_media_url":"","jetpack-related-posts":[{"id":2724,"url":"https:\/\/moir.com.co\/web\/mi-total-respaldo-al-paro-civico-de-los-chocoanos\/","url_meta":{"origin":1033,"position":0},"title":"MI TOTAL RESPALDO AL PARO C\u00cdVICO DE LOS CHOCOANOS","author":"admin","date":"febrero 18, 2009","format":false,"excerpt":"El tr\u00e1gico accidente ocurrido hace unos d\u00edas en la carretera Medell\u00edn-Quibd\u00f3, la llamada \u201cTrocha de la Muerte\u201d, en el que perecieron m\u00e1s de cuarenta personas, colm\u00f3 la paciencia del medio mill\u00f3n de chocoanos, que se aprestan a lanzar hoy un paro c\u00edvico departamental por la dignidad pisoteada y por el\u2026","rel":"","context":"En \u00abJorge Enrique Robledo\u00bb","block_context":{"text":"Jorge Enrique Robledo","link":"https:\/\/moir.com.co\/web\/category\/jorge-enrique-robledo\/"},"img":{"alt_text":"","src":"","width":0,"height":0},"classes":[]},{"id":11054,"url":"https:\/\/moir.com.co\/web\/carta-del-senador-robledo-al-minhacienda-sobre-compromisos-incumplidos-con-choco\/","url_meta":{"origin":1033,"position":1},"title":"Carta del senador Robledo al minHacienda sobre compromisos incumplidos con Choc\u00f3","author":"admin","date":"noviembre 15, 2016","format":false,"excerpt":"Oficina de prensa del senador Jorge Enrique Robledo, Bogot\u00e1, noviembre 15 de 2016 En una carta dirigida al Ministro de Hacienda Mauricio C\u00e1rdenas el senador Jorge Enrique Robledo expresa la necesidad de que el gobierno nacional cumpla los compromisos que firm\u00f3 con el Comit\u00e9 C\u00edvico por la Salvaci\u00f3n y la\u2026","rel":"","context":"En \u00abEconom\u00eda\u00bb","block_context":{"text":"Econom\u00eda","link":"https:\/\/moir.com.co\/web\/category\/temas\/economia\/"},"img":{"alt_text":"","src":"https:\/\/i0.wp.com\/moir.com.co\/web\/wp-content\/uploads\/2016\/11\/chocoparocivico2016_4.jpg?fit=770%2C437&ssl=1&resize=350%2C200","width":350,"height":200,"srcset":"https:\/\/i0.wp.com\/moir.com.co\/web\/wp-content\/uploads\/2016\/11\/chocoparocivico2016_4.jpg?fit=770%2C437&ssl=1&resize=350%2C200 1x, https:\/\/i0.wp.com\/moir.com.co\/web\/wp-content\/uploads\/2016\/11\/chocoparocivico2016_4.jpg?fit=770%2C437&ssl=1&resize=525%2C300 1.5x, https:\/\/i0.wp.com\/moir.com.co\/web\/wp-content\/uploads\/2016\/11\/chocoparocivico2016_4.jpg?fit=770%2C437&ssl=1&resize=700%2C400 2x"},"classes":[]},{"id":19895,"url":"https:\/\/moir.com.co\/web\/en-choco-cinco-dias-en-paro-civico-por-la-dignidad\/","url_meta":{"origin":1033,"position":2},"title":"En Choc\u00f3: CINCO D\u00cdAS EN PARO C\u00cdVICO POR LA DIGNIDAD","author":"admin","date":"agosto 10, 2004","format":false,"excerpt":"Miles y miles de chocoanos iniciaron un paro indefinido el 20 de junio, despu\u00e9s que el Comit\u00e9 C\u00edvico por la Salvaci\u00f3n y Dignidad del Choc\u00f3 lanzara una urgente proclama en la cual denunci\u00f3 la desidia del gobierno frente a las grav\u00edsimas carencias que aquejan al departamento. Al Comit\u00e9 se sumaron\u2026","rel":"","context":"En \u00abTribuna Roja N\u00ba 81, agosto 19 de 2000\u00bb","block_context":{"text":"Tribuna Roja N\u00ba 81, agosto 19 de 2000","link":"https:\/\/moir.com.co\/web\/category\/tribuna-roja\/ediciones-2000-2004\/tribuna-roja-no-81-agosto-19-de-2000\/"},"img":{"alt_text":"","src":"","width":0,"height":0},"classes":[]},{"id":3558,"url":"https:\/\/moir.com.co\/web\/polo-democratico-alternativo-del-choco-lamenta-la-muerte-de-luis-angel-lemos-mosquera\/","url_meta":{"origin":1033,"position":3},"title":"Polo Democr\u00e1tico Alternativo del Choc\u00f3 lamenta la  muerte de Luis \u00c1ngel Lemos Mosquera","author":"admin","date":"septiembre 21, 2009","format":false,"excerpt":"Con profundo dolor registramos el inesperado fallecimiento de nuestro querido compa\u00f1ero Luis \u00c1ngel Lemos Mosquera, miembro de la direcci\u00f3n regional del Polo Democr\u00e1tico en el Choc\u00f3. Lucho, como cari\u00f1osamente lo llam\u00e1bamos, se encontraba dirigiendo una investigaci\u00f3n sobre manglares en la zona de Cupica, Bah\u00eda Solano, cuando muri\u00f3 en un accidente\u2026","rel":"","context":"En \u00abPolo Democr\u00e1tico Alternativo\u00bb","block_context":{"text":"Polo Democr\u00e1tico Alternativo","link":"https:\/\/moir.com.co\/web\/category\/polo-democratico-alternativo\/"},"img":{"alt_text":"","src":"","width":0,"height":0},"classes":[]},{"id":12332,"url":"https:\/\/moir.com.co\/web\/robledo-a-santos-el-gobierno-no-debe-llevar-al-choco-a-otro-paro\/","url_meta":{"origin":1033,"position":4},"title":"Robledo a Santos: \u201cel gobierno no debe llevar al Choc\u00f3 a otro paro\u201d","author":"admin","date":"mayo 9, 2017","format":false,"excerpt":"Oficina de prensa del senador Jorge Enrique Robledo, Bogot\u00e1, mayo 9 de 2017 En una carta dirigida al Presidente de la Rep\u00fablica Juan Manuel Santos, el senador Jorge Enrique Robledo le recuerda al gobierno nacional los compromisos adquiridos con los chocoanos tras el paro c\u00edvico llevado a cabo entre el\u2026","rel":"","context":"En \u00abEconom\u00eda\u00bb","block_context":{"text":"Econom\u00eda","link":"https:\/\/moir.com.co\/web\/category\/temas\/economia\/"},"img":{"alt_text":"","src":"https:\/\/i0.wp.com\/moir.com.co\/web\/wp-content\/uploads\/2017\/04\/robledoruedadeprensa.png?fit=578%2C325&ssl=1&resize=350%2C200","width":350,"height":200,"srcset":"https:\/\/i0.wp.com\/moir.com.co\/web\/wp-content\/uploads\/2017\/04\/robledoruedadeprensa.png?fit=578%2C325&ssl=1&resize=350%2C200 1x, https:\/\/i0.wp.com\/moir.com.co\/web\/wp-content\/uploads\/2017\/04\/robledoruedadeprensa.png?fit=578%2C325&ssl=1&resize=525%2C300 1.5x"},"classes":[]},{"id":12483,"url":"https:\/\/moir.com.co\/web\/por-que-esta-en-paro-choco\/","url_meta":{"origin":1033,"position":5},"title":"\u00bfPor qu\u00e9 est\u00e1 en paro Choc\u00f3?","author":"admin","date":"mayo 24, 2017","format":false,"excerpt":"Ximena Canal Laiton, Quibd\u00f3, mayo 23 de 2017 Lo que pasa en Choc\u00f3 es indignante. Hace 9 meses [1] se levant\u00f3 el tercer paro c\u00edvico que se ha hecho en el departamento desde el a\u00f1o 2000. Termin\u00f3 porque el gobierno nacional se comprometi\u00f3 a entregar a los chocoanos 720.000 millones\u2026","rel":"","context":"En \u00abEconom\u00eda\u00bb","block_context":{"text":"Econom\u00eda","link":"https:\/\/moir.com.co\/web\/category\/temas\/economia\/"},"img":{"alt_text":"","src":"https:\/\/i0.wp.com\/moir.com.co\/web\/wp-content\/uploads\/2017\/05\/parocivicochoco%CC%81.jpg?fit=780%2C500&ssl=1&resize=350%2C200","width":350,"height":200,"srcset":"https:\/\/i0.wp.com\/moir.com.co\/web\/wp-content\/uploads\/2017\/05\/parocivicochoco%CC%81.jpg?fit=780%2C500&ssl=1&resize=350%2C200 1x, https:\/\/i0.wp.com\/moir.com.co\/web\/wp-content\/uploads\/2017\/05\/parocivicochoco%CC%81.jpg?fit=780%2C500&ssl=1&resize=525%2C300 1.5x, https:\/\/i0.wp.com\/moir.com.co\/web\/wp-content\/uploads\/2017\/05\/parocivicochoco%CC%81.jpg?fit=780%2C500&ssl=1&resize=700%2C400 2x"},"classes":[]}],"jetpack_sharing_enabled":true,"_links":{"self":[{"href":"https:\/\/moir.com.co\/web\/wp-json\/wp\/v2\/posts\/1033","targetHints":{"allow":["GET"]}}],"collection":[{"href":"https:\/\/moir.com.co\/web\/wp-json\/wp\/v2\/posts"}],"about":[{"href":"https:\/\/moir.com.co\/web\/wp-json\/wp\/v2\/types\/post"}],"author":[{"embeddable":true,"href":"https:\/\/moir.com.co\/web\/wp-json\/wp\/v2\/users\/1"}],"replies":[{"embeddable":true,"href":"https:\/\/moir.com.co\/web\/wp-json\/wp\/v2\/comments?post=1033"}],"version-history":[{"count":0,"href":"https:\/\/moir.com.co\/web\/wp-json\/wp\/v2\/posts\/1033\/revisions"}],"wp:attachment":[{"href":"https:\/\/moir.com.co\/web\/wp-json\/wp\/v2\/media?parent=1033"}],"wp:term":[{"taxonomy":"category","embeddable":true,"href":"https:\/\/moir.com.co\/web\/wp-json\/wp\/v2\/categories?post=1033"},{"taxonomy":"post_tag","embeddable":true,"href":"https:\/\/moir.com.co\/web\/wp-json\/wp\/v2\/tags?post=1033"}],"curies":[{"name":"wp","href":"https:\/\/api.w.org\/{rel}","templated":true}]}}