{"id":1016,"date":"2004-09-27T07:00:00","date_gmt":"2004-09-27T07:00:00","guid":{"rendered":"https:\/\/moir.org.co\/web\/12-de-octubre-resistencia-civil-continental-de-agricultores-campesinos-e-indigenas-contra-el-libre-comercio\/"},"modified":"2004-09-27T07:00:00","modified_gmt":"2004-09-27T07:00:00","slug":"12-de-octubre-resistencia-civil-continental-de-agricultores-campesinos-e-indigenas-contra-el-libre-comercio","status":"publish","type":"post","link":"https:\/\/moir.com.co\/web\/12-de-octubre-resistencia-civil-continental-de-agricultores-campesinos-e-indigenas-contra-el-libre-comercio\/","title":{"rendered":"12 DE OCTUBRE: RESISTENCIA CIVIL CONTINENTAL DE AGRICULTORES, CAMPESINOS E IND\u00cdGENAS CONTRA EL LIBRE COMERCIO"},"content":{"rendered":"<p>Tal como fue acordado por centenares de organizaciones andinas, de Centroam\u00e9rica y grupos de  todo el continente americano compuestos por centrales obreras, asociaciones campesinas, de ind\u00edgenas y de agricultores, productores y empresarios locales, estudiantes e intelectuales, el pr\u00f3ximo martes 12 de octubre millones de personas en el continente americano se expresar\u00e1n p\u00fablicamente en contra de los tratados de libre comercio en especial contra  los que Estados Unidos est\u00e1 negociando con Colombia, Per\u00fa, Ecuador y Bolivia y los que est\u00e1n para ser ratificados en  Costa Rica, El Salvador, Guatemala, Nicaragua, Honduras, Panam\u00e1 y Rep\u00fablica Dominicana. <\/p>\n<p>Los pueblos del hemisferio han entendido que el plan de expansi\u00f3n de Estados Unidos sobre la Am\u00e9rica pobre no ha cesado pese a los estancamientos temporales del ALCA. Los &#8220;acuerdos&#8221; que se est\u00e1n  impulsando corresponden a la pol\u00edtica estadounidense de imponer entre Alaska y la Tierra del Fuego la constituci\u00f3n de una Zona Franca, donde primen sus normas, intereses y ambiciones, su ley de hierro. Los productores agropecuarios y campesinos e ind\u00edgenas al sur del R\u00edo Grande participar\u00e1n  en la defensa de la producci\u00f3n de sus pa\u00edses  y del derecho a la tierra, amenazados por la voracidad insaciable del pu\u00f1ado de multinacionales comercializadoras que han emprendido la doble empresa de controlar en su beneficio la seguridad alimentaria  de centenares de  millones de seres humanos. Atentando contra la soberan\u00eda nacional de los pa\u00edses m\u00e1s d\u00e9biles, dichos acuerdos comerciales  priman sobre la Constituci\u00f3n Nacional de cada pa\u00eds y se convierten en una &#8220;ley de leyes&#8221; que fomenta de manera perversa la  &#8220;competencia entre pobres&#8221; en g\u00e9neros tropicales. Frente a semejante iniciativa, promovida con los artilugios de la fementida libertad comercial contempor\u00e1nea, se le responder\u00e1 con la m\u00e1s grande fraternidad combativa de los pueblos que recuerde la historia reciente de Am\u00e9rica. <\/p>\n<p>La Asociaci\u00f3n Nacional por la Salvaci\u00f3n Agropecuaria de Colombia dir\u00e1 presente en esta jornada memorable. Cerca de veinte marchas confluir\u00e1n en concentraciones en  varias capitales de departamento, mientras en Bogot\u00e1, caficultores, productores de panela, arroz, ma\u00edz y leche, trigueros y avicultores  expresar\u00e1n su rechazo al tratado de libre comercio y ratificar\u00e1n su decisi\u00f3n de no dar el brazo a torcer  en un momento crucial en el cual Estados Unidos no s\u00f3lo impone sus dictados sino que presiona la pronta aceptaci\u00f3n de los mismos  mediante embustes y coerciones. El pr\u00f3ximo 12 de octubre, la Asociaci\u00f3n Nacional por la Salvaci\u00f3n Agropecuaria hablar\u00e1 con el conjunto del movimiento social del continente el mismo lenguaje: el  de la autodeterminaci\u00f3n y soberan\u00eda de las naciones. <\/p>\n<p>Ibagu\u00e9, octubre 7 de 2004. <\/p>\n<p>\u00c1NGEL MAR\u00cdA CABALLERO LIAN<br \/>\nPresidente<\/p>\n<p>AURELIO SU\u00c1REZ MONTOYA                                                                      Director Ejecutivo<\/p>\n<p>ASOCIACION NACIONAL POR LA SALVACION AGROPECUARIA<br \/>\n&#8220;Lo m\u00e1s caro para un pa\u00eds es lo que no es capaz de producir&#8221;<br \/>\nwww.salvacionagropecuaria.net<\/p>\n","protected":false},"excerpt":{"rendered":"<p>Tal como fue acordado por centenares de organizaciones andinas, de Centroam\u00e9rica y grupos de todo el continente americano compuestos por centrales obreras, asociaciones campesinas, de ind\u00edgenas y de agricultores, productores y empresarios locales, estudiantes e intelectuales, el pr\u00f3ximo martes 12 de octubre millones de personas en el continente americano se expresar\u00e1n p\u00fablicamente en contra de [&hellip;]<\/p>\n","protected":false},"author":1,"featured_media":0,"comment_status":"open","ping_status":"open","sticky":false,"template":"","format":"standard","meta":{"advanced_seo_description":"","jetpack_seo_html_title":"","jetpack_seo_noindex":false,"_jetpack_memberships_contains_paid_content":false,"footnotes":""},"categories":[7],"tags":[],"class_list":["post-1016","post","type-post","status-publish","format-standard","hentry","category-pronunciamientos-de-organizaciones-sociales"],"jetpack_featured_media_url":"","jetpack-related-posts":[{"id":1279,"url":"https:\/\/moir.com.co\/web\/los-agricultores-de-colombia-presentes-en-la-jornada-nacional-del-12-de-octubre\/","url_meta":{"origin":1016,"position":0},"title":"LOS AGRICULTORES DE COLOMBIA PRESENTES EN LA JORNADA NACIONAL DEL 12 DE OCTUBRE","author":"admin","date":"septiembre 28, 2005","format":false,"excerpt":"Asociaci\u00f3n Nacional por la Salvaci\u00f3n Agropecuaria, Ibagu\u00e9, octubre 8 de 2005 Una vez el presidente \u00c1lvaro Uribe ha manifestado la determinaci\u00f3n de firmar como sea el Tratado de Libre Comercio con Estados Unidos, inclusive reconociendo de manera t\u00e1cita que el sector agropecuario nacional se puede afectar sobremanera, es menester que\u2026","rel":"","context":"En \u00abPronunciamientos de Organizaciones Sociales\u00bb","block_context":{"text":"Pronunciamientos de Organizaciones Sociales","link":"https:\/\/moir.com.co\/web\/category\/pronunciamientos-de-organizaciones-sociales\/"},"img":{"alt_text":"","src":"","width":0,"height":0},"classes":[]},{"id":550,"url":"https:\/\/moir.com.co\/web\/miles-de-agricultores-indigenas-y-productores-agropecuarios-desfilaran-en-bogota-contra-el-alca-en-martes-12-de-agosto\/","url_meta":{"origin":1016,"position":1},"title":"MILES DE AGRICULTORES IND\u00cdGENAS Y PRODUCTORES AGROPECUARIOS DESFILAR\u00c1N EN BOGOT\u00c1 CONTRA EL ALCA EN MARTES 12 DE AGOSTO","author":"admin","date":"agosto 10, 2004","format":false,"excerpt":"Salvaci\u00f3n Agropecuaria, agosto 8 de 2003 Delegaciones de m\u00e1s de 20 departamentos, de cerca de 200 municipios, representando a los productores colombianos de caf\u00e9, arroz, panela, leche, hortalizas, banano y pl\u00e1tano y de los principales g\u00e9neros agropecuarios, desfilar\u00e1n el martes 12 de agosto, despu\u00e9s del medio d\u00eda, por las calles\u2026","rel":"","context":"En \u00abPronunciamientos de Organizaciones Sociales\u00bb","block_context":{"text":"Pronunciamientos de Organizaciones Sociales","link":"https:\/\/moir.com.co\/web\/category\/pronunciamientos-de-organizaciones-sociales\/"},"img":{"alt_text":"","src":"","width":0,"height":0},"classes":[]},{"id":21209,"url":"https:\/\/moir.com.co\/web\/alianza-social-continental-contra-la-globalizacion-estadounidense-2\/","url_meta":{"origin":1016,"position":2},"title":"ALIANZA SOCIAL CONTINENTAL, CONTRA LA GLOBALIZACI\u00d3N ESTADOUNIDENSE","author":"admin","date":"noviembre 2, 2007","format":false,"excerpt":"Juan Pablo Arango, Gerente de Deslinde, Tribuna Roja N\u00ba 105, Bogot\u00e1, octubre 8 de 2007 El contexto pol\u00edtico en Am\u00e9rica Latina es cada vez m\u00e1s adverso al papel que el imperio estadounidense le asigna a lo que geopol\u00edticamente se ha tenido como su \u201cpatio trasero\u201d. Al igual que acontece en\u2026","rel":"","context":"En \u00abTribuna Roja N\u00ba 105, octubre 8 de 2007\u00bb","block_context":{"text":"Tribuna Roja N\u00ba 105, octubre 8 de 2007","link":"https:\/\/moir.com.co\/web\/category\/tribuna-roja\/ediciones-2005-2009\/tribuna-roja-no-105-octubre-8-de-2007\/"},"img":{"alt_text":"","src":"","width":0,"height":0},"classes":[]},{"id":2088,"url":"https:\/\/moir.com.co\/web\/alianza-social-continental-contra-la-globalizacion-estadounidense\/","url_meta":{"origin":1016,"position":3},"title":"ALIANZA SOCIAL CONTINENTAL, CONTRA LA GLOBALIZACI\u00d3N ESTADOUNIDENSE","author":"admin","date":"octubre 22, 2007","format":false,"excerpt":"Juan Pablo Arango, Gerente de Deslinde, Tribuna Roja N\u00ba 105, Bogot\u00e1, octubre 8 de 2007 El contexto pol\u00edtico en Am\u00e9rica Latina es cada vez m\u00e1s adverso al papel que el imperio estadounidense le asigna a lo que geopol\u00edticamente se ha tenido como su \u201cpatio trasero\u201d. Al igual que acontece en\u2026","rel":"","context":"En \u00abTemas\u00bb","block_context":{"text":"Temas","link":"https:\/\/moir.com.co\/web\/category\/temas\/"},"img":{"alt_text":"","src":"","width":0,"height":0},"classes":[]},{"id":1375,"url":"https:\/\/moir.com.co\/web\/declaracion-del-encuentro-de-organizaciones-campesinas-indigenas-y-agrarias-de-colombia-por-la-movilizacion-contra-el-tlc\/","url_meta":{"origin":1016,"position":4},"title":"DECLARACI\u00d3N  DEL  ENCUENTRO DE ORGANIZACIONES CAMPESINAS, IND\u00cdGENAS Y AGRARIAS DE COLOMBIA POR LA  MOVILIZACI\u00d3N CONTRA EL TLC","author":"admin","date":"abril 9, 2006","format":false,"excerpt":"Las organizaciones agrarias, campesinas, ind\u00edgenas y sociales vinculadas al sector rural colombiano y reunidas en Bogot\u00e1 el 5 de abril de 2006 declaramos a la opini\u00f3n y al gobierno nacional: 1. Que el d\u00eda 28 de febrero de 2006 se cerraron las negociaciones del Tratado de Libre Comercio (TLC) entre\u2026","rel":"","context":"En \u00abPronunciamientos de Organizaciones Sociales\u00bb","block_context":{"text":"Pronunciamientos de Organizaciones Sociales","link":"https:\/\/moir.com.co\/web\/category\/pronunciamientos-de-organizaciones-sociales\/"},"img":{"alt_text":"","src":"","width":0,"height":0},"classes":[]},{"id":20094,"url":"https:\/\/moir.com.co\/web\/congreso-de-la-asociacion-nacional-por-la-salvacion-agropecuaria-en-caldas\/","url_meta":{"origin":1016,"position":5},"title":"CONGRESO DE LA ASOCIACI\u00d3N NACIONAL POR LA SALVACI\u00d3N AGROPECUARIA EN CALDAS","author":"admin","date":"septiembre 16, 2004","format":false,"excerpt":"Con 160 delegados de quince municipios del departamento y nueve organizaciones del sector agrario, la Asociaci\u00f3n Nacional por la Salvaci\u00f3n Agropecuaria, cap\u00edtulo Caldas, celebr\u00f3 el pasado 06 de septiembre en la ciudad de Manizales su Primer Congreso Departamental Agrario \u00abEl agro caldense frente al ALCA y al TLC\u00bb, para analizar\u2026","rel":"","context":"En \u00abTribuna Roja N\u00ba 97; septiembre 28 de 2004\u00bb","block_context":{"text":"Tribuna Roja N\u00ba 97; septiembre 28 de 2004","link":"https:\/\/moir.com.co\/web\/category\/tribuna-roja\/ediciones-2000-2004\/tribuna-roja-no-97-septiembre-28-de-2004\/"},"img":{"alt_text":"","src":"","width":0,"height":0},"classes":[]}],"jetpack_sharing_enabled":true,"_links":{"self":[{"href":"https:\/\/moir.com.co\/web\/wp-json\/wp\/v2\/posts\/1016","targetHints":{"allow":["GET"]}}],"collection":[{"href":"https:\/\/moir.com.co\/web\/wp-json\/wp\/v2\/posts"}],"about":[{"href":"https:\/\/moir.com.co\/web\/wp-json\/wp\/v2\/types\/post"}],"author":[{"embeddable":true,"href":"https:\/\/moir.com.co\/web\/wp-json\/wp\/v2\/users\/1"}],"replies":[{"embeddable":true,"href":"https:\/\/moir.com.co\/web\/wp-json\/wp\/v2\/comments?post=1016"}],"version-history":[{"count":0,"href":"https:\/\/moir.com.co\/web\/wp-json\/wp\/v2\/posts\/1016\/revisions"}],"wp:attachment":[{"href":"https:\/\/moir.com.co\/web\/wp-json\/wp\/v2\/media?parent=1016"}],"wp:term":[{"taxonomy":"category","embeddable":true,"href":"https:\/\/moir.com.co\/web\/wp-json\/wp\/v2\/categories?post=1016"},{"taxonomy":"post_tag","embeddable":true,"href":"https:\/\/moir.com.co\/web\/wp-json\/wp\/v2\/tags?post=1016"}],"curies":[{"name":"wp","href":"https:\/\/api.w.org\/{rel}","templated":true}]}}