{"id":1013,"date":"2004-09-26T07:00:00","date_gmt":"2004-09-26T07:00:00","guid":{"rendered":"https:\/\/moir.org.co\/web\/segunda-gran-jornada-contra-las-alzas-en-los-servicios-publicos-y-el-convenio-de-salvacion-de-emcali\/"},"modified":"2004-09-26T07:00:00","modified_gmt":"2004-09-26T07:00:00","slug":"segunda-gran-jornada-contra-las-alzas-en-los-servicios-publicos-y-el-convenio-de-salvacion-de-emcali","status":"publish","type":"post","link":"https:\/\/moir.com.co\/web\/segunda-gran-jornada-contra-las-alzas-en-los-servicios-publicos-y-el-convenio-de-salvacion-de-emcali\/","title":{"rendered":"SEGUNDA GRAN JORNADA CONTRA LAS ALZAS EN LOS SERVICIOS P\u00daBLICOS Y EL CONVENIO &#8220;DE SALVACI\u00d3N&#8221; DE EMCALI"},"content":{"rendered":"<p>Ante la nula escucha del Alcalde a las voces de alrededor de 15.000 ciudadanos que marcharon desde seis diferentes puntos de la ciudad hacia la sede de su despacho el 11 de agosto y ante su desconocimiento de las m\u00e1s de 11.000 firmas solicit\u00e1ndole convoque una Consulta Popular que decida si se debe o no aplicar el Convenio de Ajuste Financiero, Operativo y Laboral para la reestructuraci\u00f3n de acreencias de EMCALI, los cientos de l\u00edderes comunales y barriales hoy unificados en el COMIT\u00c9 CIUDADANO DE USUARIOS DE SERVICIOS P\u00daBLICOS encabezar\u00e1n el proceso de radicaci\u00f3n colectiva de cerca de 30.000 DERECHOS DE PETICI\u00d3N individuales por igual n\u00famero de cabezas de familia el pr\u00f3ximo martes 12 de Octubre, desde las 7:30 a.m. en la Oficina de Quejas y Reclamos de EMCALI en el CAM.<\/p>\n<p>Este Derecho Constitucional de Petici\u00f3n, en consonancia con los art\u00edculos 87, 96, 148 y 152 de la Ley 142 de SS.PP. domiciliarios, demanda cuatro aspectos:<\/p>\n<p>1.    La no modificaci\u00f3n del Contrato de Condiciones Uniformes vigente entre cada usuario y EMCALI en el sentido de pretender incorporarle el pago de 2% adicional a cada factura con destino al Fondo de Capitalizaci\u00f3n Social seg\u00fan el Numeral 3.2.6. del Convenio dicho. <\/p>\n<p>2.    No continuar cobrando valor alguno por concepto del contrato con Termoemcali pues est\u00e1 proh\u00edbido trasladar al usuario costos de una gesti\u00f3n ineficiente.<\/p>\n<p>3.    Devolver el dinero pagado en los \u00faltimos 5 meses correspondiente a los costos cobrados por \u00e9ste contrato.<\/p>\n<p>4.    No continuar cobrando ning\u00fan valor por concepto de la PTAR pues transgrede la suficiencia financiera seg\u00fan el numeral 87.4. <\/p>\n<p>La Defensor\u00eda del Pueblo, la Procuradur\u00eda Regional y las Contralor\u00eda y Personer\u00eda Municipales acompa\u00f1ar\u00e1n \u00e9sta concentraci\u00f3n c\u00edvica para el fin propuesto.<\/p>\n<p>A cambio de un Convenio presentado como salvador por el gobierno nacional pero que realmente favorece los intereses de los especuladores bancarios contra los de la poblaci\u00f3n, exigimos condiciones normativas que saquen adelante nuestra empresa p\u00fablica de servicios domiciliarios con tarifas que podamos pagar.<\/p>\n<p>Por otro lado, desde ya nos declaramos en m\u00e1xima alerta en defensa del Hospital Universitario y dem\u00e1s instituciones de salud p\u00fablica amenazadas.<\/p>\n<p>Coordinadores (fdo.),<\/p>\n<p>Antonio Riascos T.<br \/>\nAsociaciones de Padres de Familia de Cali<\/p>\n<p>Roberto A. Sierra F.<br \/>\nJunta Acci\u00f3n Comunal b. Veinte de Julio<\/p>\n<p>Franklin Garc\u00eda<br \/>\nComit\u00e9 Municipal de Ligas Usuarios SS.PP.<\/p>\n<p>\u00a1NO M\u00c1S HAMBRE POR PAGAR SERVICIOS!<\/p>\n<p>TELS: 4436427-4422192. CEL: 315 &#8211; 4087103<\/p>\n","protected":false},"excerpt":{"rendered":"<p>Ante la nula escucha del Alcalde a las voces de alrededor de 15.000 ciudadanos que marcharon desde seis diferentes puntos de la ciudad hacia la sede de su despacho el 11 de agosto y ante su desconocimiento de las m\u00e1s de 11.000 firmas solicit\u00e1ndole convoque una Consulta Popular que decida si se debe o no [&hellip;]<\/p>\n","protected":false},"author":1,"featured_media":0,"comment_status":"open","ping_status":"open","sticky":false,"template":"","format":"standard","meta":{"advanced_seo_description":"","jetpack_seo_html_title":"","jetpack_seo_noindex":false,"_jetpack_memberships_contains_paid_content":false,"footnotes":""},"categories":[7],"tags":[],"class_list":["post-1013","post","type-post","status-publish","format-standard","hentry","category-pronunciamientos-de-organizaciones-sociales"],"jetpack_featured_media_url":"","jetpack-related-posts":[{"id":2325,"url":"https:\/\/moir.com.co\/web\/rescatemos-emcali-y-emsirva-del-gobierno-nacional-y-los-monopolios\/","url_meta":{"origin":1013,"position":0},"title":"Rescatemos EMCALI y EMSIRVA del gobierno nacional y los monopolios","author":"admin","date":"mayo 5, 2008","format":false,"excerpt":"Comit\u00e9 Ciudadano de Usuarios de Servicios P\u00fablicos de Cali, mayo 5 de 2008 Nuevamente de manera antidemocr\u00e1tica, haciendo uso de la figura de la Intervenci\u00f3n con la que se tomaron nuestras dos empresas p\u00fablicas y las manejan en beneficio de los monopolios financieros, el Gobierno nacional a trav\u00e9s de la\u2026","rel":"","context":"En \u00abPronunciamientos de Organizaciones Sociales\u00bb","block_context":{"text":"Pronunciamientos de Organizaciones Sociales","link":"https:\/\/moir.com.co\/web\/category\/pronunciamientos-de-organizaciones-sociales\/"},"img":{"alt_text":"","src":"","width":0,"height":0},"classes":[]},{"id":4796,"url":"https:\/\/moir.com.co\/web\/no-mas-despidos-no-mas-liquidaciones-de-empresas-no-mas-pobreza-no-a-la-privatizacion-de-emcali\/","url_meta":{"origin":1013,"position":1},"title":"No m\u00e1s despidos, no m\u00e1s liquidaciones de empresas, no m\u00e1s pobreza, no a la privatizaci\u00f3n  de Emcali","author":"admin","date":"septiembre 14, 2010","format":false,"excerpt":"Con dolor de patria hemos vivimos la imposici\u00f3n del modelo neoliberal y en los \u00faltimos 8 a\u00f1os la liquidaci\u00f3n y privatizaci\u00f3n de 34 empresas por parte de la Superintendencia de los Servicios P\u00fablicos que en el caso del Valle llev\u00f3 al despido de cerca de 500 trabajadoras y trabajadores de\u2026","rel":"","context":"En \u00abPronunciamientos de Organizaciones Sociales\u00bb","block_context":{"text":"Pronunciamientos de Organizaciones Sociales","link":"https:\/\/moir.com.co\/web\/category\/pronunciamientos-de-organizaciones-sociales\/"},"img":{"alt_text":"","src":"","width":0,"height":0},"classes":[]},{"id":1749,"url":"https:\/\/moir.com.co\/web\/derrotamos-el-2-por-ciento\/","url_meta":{"origin":1013,"position":2},"title":"\u00a1DERROTAMOS EL 2 POR CIENTO!","author":"admin","date":"febrero 16, 2007","format":false,"excerpt":"Comit\u00e9 Ciudadano de Usuarios de Servicios P\u00fablicos de Cali, Mesa Directiva, Franklin Garc\u00eda, Antonio Riascos, Alonso Cruz, Cali, Febrero 15 de 2006 Con las denuncias, protestas, concentraciones y movilizaciones c\u00edvicas, con las que desde agosto del 2004, acompa\u00f1amos las 15 mil firmas solicitando al alcalde Consulta Popular; los 11 mil\u2026","rel":"","context":"Entrada similar","block_context":{"text":"Entrada similar","link":""},"img":{"alt_text":"","src":"","width":0,"height":0},"classes":[]},{"id":2846,"url":"https:\/\/moir.com.co\/web\/que-el-gobierno-respete-los-derechos-de-los-trabajadores-de-emcali-y-el-patrimonio-publico-de-los-calenos\/","url_meta":{"origin":1013,"position":3},"title":"QUE EL GOBIERNO RESPETE LOS DERECHOS DE LOS TRABAJADORES DE EMCALI  Y EL PATRIMONIO P\u00daBLICO DE LOS CALE\u00d1OS","author":"admin","date":"marzo 25, 2009","format":false,"excerpt":"\u201cEl presidente Uribe contin\u00faa su arremetida contra los trabajadores y el patrimonio p\u00fablico\u201d, afirm\u00f3 hoy el senador Jorge Enrique Robledo, tras conocerse que el gobierno amenaz\u00f3 a los directivos de Sintraemcali con despedirlos si no se presentaban a trabajar. La medida viola derechos esenciales de la democracia porque desconoce permisos\u2026","rel":"","context":"En \u00abJorge Enrique Robledo\u00bb","block_context":{"text":"Jorge Enrique Robledo","link":"https:\/\/moir.com.co\/web\/category\/jorge-enrique-robledo\/"},"img":{"alt_text":"","src":"","width":0,"height":0},"classes":[]},{"id":3019,"url":"https:\/\/moir.com.co\/web\/carta-abierta-al-alcalde-de-cali-sobre-emcali-y-emsirva\/","url_meta":{"origin":1013,"position":4},"title":"CARTA ABIERTA AL ALCALDE DE CALI SOBRE EMCALI Y EMSIRVA","author":"admin","date":"abril 26, 2009","format":false,"excerpt":"Se\u00f1or Alcalde Municipal de Cali JORGE IVAN OSPINA Ciudad Asunto: EMCALI y EMSIRVA. Cordial saludo. Dirigimos a Ud. \u00e9sta comunicaci\u00f3n p\u00fablica para manifestarle nuestra cada vez mayor preocupaci\u00f3n respecto del rumbo que han venido tomando sus posiciones respecto de los acontecimientos en pos de la recuperaci\u00f3n del principal patrimonio p\u00fablico\u2026","rel":"","context":"Entrada similar","block_context":{"text":"Entrada similar","link":""},"img":{"alt_text":"","src":"","width":0,"height":0},"classes":[]},{"id":9792,"url":"https:\/\/moir.com.co\/web\/la-especulacion-financiera-con-los-servicios-publicos-y-la-escision-del-componente-de-telecomunicaciones-caso-emcali\/","url_meta":{"origin":1013,"position":5},"title":"La especulaci\u00f3n financiera con los servicios p\u00fablicos y la escisi\u00f3n del componente de telecomunicaciones: caso Emcali","author":"admin","date":"noviembre 25, 2015","format":false,"excerpt":"El alcalde y el concejo electo deber\u00e1n decidir el pr\u00f3ximo a\u00f1o si mantienen la unidad de caja de Emcali o si por el contrario aprueban la escisi\u00f3n del componente de Telecomunicaciones. La discusi\u00f3n que se avecina se dar\u00e1 en un contexto adverso a la rentabilidad de la empresa. Tanto el\u2026","rel":"","context":"En \u00abTemas\u00bb","block_context":{"text":"Temas","link":"https:\/\/moir.com.co\/web\/category\/temas\/"},"img":{"alt_text":"","src":"","width":0,"height":0},"classes":[]}],"jetpack_sharing_enabled":true,"_links":{"self":[{"href":"https:\/\/moir.com.co\/web\/wp-json\/wp\/v2\/posts\/1013","targetHints":{"allow":["GET"]}}],"collection":[{"href":"https:\/\/moir.com.co\/web\/wp-json\/wp\/v2\/posts"}],"about":[{"href":"https:\/\/moir.com.co\/web\/wp-json\/wp\/v2\/types\/post"}],"author":[{"embeddable":true,"href":"https:\/\/moir.com.co\/web\/wp-json\/wp\/v2\/users\/1"}],"replies":[{"embeddable":true,"href":"https:\/\/moir.com.co\/web\/wp-json\/wp\/v2\/comments?post=1013"}],"version-history":[{"count":0,"href":"https:\/\/moir.com.co\/web\/wp-json\/wp\/v2\/posts\/1013\/revisions"}],"wp:attachment":[{"href":"https:\/\/moir.com.co\/web\/wp-json\/wp\/v2\/media?parent=1013"}],"wp:term":[{"taxonomy":"category","embeddable":true,"href":"https:\/\/moir.com.co\/web\/wp-json\/wp\/v2\/categories?post=1013"},{"taxonomy":"post_tag","embeddable":true,"href":"https:\/\/moir.com.co\/web\/wp-json\/wp\/v2\/tags?post=1013"}],"curies":[{"name":"wp","href":"https:\/\/api.w.org\/{rel}","templated":true}]}}