{"id":1012,"date":"2004-09-26T07:00:00","date_gmt":"2004-09-26T07:00:00","guid":{"rendered":"https:\/\/moir.org.co\/web\/realizada-asamblea-nacional-de-salvacion-agropecuaria-boyaca\/"},"modified":"2004-09-26T07:00:00","modified_gmt":"2004-09-26T07:00:00","slug":"realizada-asamblea-nacional-de-salvacion-agropecuaria-boyaca","status":"publish","type":"post","link":"https:\/\/moir.com.co\/web\/realizada-asamblea-nacional-de-salvacion-agropecuaria-boyaca\/","title":{"rendered":"REALIZADA ASAMBLEA NACIONAL DE SALVACI\u00d3N AGROPECUARIA BOYAC\u00c1"},"content":{"rendered":"<p>Con la asistencia de 120 delegados de 18 municipios, la presencia de Asogriboy, el presidente de Fabegan, los invitados de la CUT, el Sector Salud, y delegados de la  alcald\u00eda de Tunja, se llev\u00f3 a cabo la Asamblea departamental de Salvaci\u00f3n Agropecuaria en Tunja el d\u00eda 1 de octubre entre las 10 a.m y las 2:00 p.m presidida por su Director Ejecutivo Nacional Dr. Aurelio Su\u00e1rez Montoya. <\/p>\n<p>La Asamblea analiz\u00f3 los delicados temas por los que atraviesa el sector agropecuario tales como la expulsi\u00f3n de campesinos a trav\u00e9s de los cobros prejur\u00eddicos, jur\u00eddicos y  remates judiciales encabezados por el mal llamado Banco Agrario; la arbitraria reglamentaci\u00f3n de las tierras ubicadas sobre los 3.200 m.s.n.m en un acomodamiento para la entrega de los p\u00e1ramos y fuentes de agua a las multinacionales exigida en las rondas del TLC; la depresi\u00f3n de los precios al productor versus el incremento desmesurado de los agroqu\u00edmicos , impuestos , tarifas y dem\u00e1s costos de producci\u00f3n, y el inminente peligro de ser arrasados sus 58.000 papicultores, 70.000 lecheros, los productores de panela, de hortalizas, frutas, carne de res, pollo y cerdo, entre otros, por la imposici\u00f3n del TLC y sus importaciones masivas procedentes de Norteam\u00e9rica, al bajarse a cero los aranceles de protecci\u00f3n y eliminarse cualquier otro tipo de control. <\/p>\n<p>Ya los supuestos negociadores en cabeza del encargado de Agricultura Rafael Barbosa han aceptado por adelantado que Boyac\u00e1 no tiene futuro en la producci\u00f3n de cereales como el trigo y la cebada, entregando de antemano la seguridad alimentaria del pa\u00eds. <\/p>\n<p>Se acord\u00f3 una moci\u00f3n de respaldo a la ejemplar y patri\u00f3tica lucha que adelantan los transportadores organizados en la ACC contra las alzas de los combustibles, la proliferaci\u00f3n de peajes, el incremento desmesurado en los costos de operaci\u00f3n y los deprimidos fletes que se les reconocen; y el rechazo  a la imposici\u00f3n del TLC a favor de las multinacionales norteamericanas. <\/p>\n<p>Al d\u00eda siguiente se realiz\u00f3 una asamblea agropecuaria en el municipio de Toca, otrora &#8220;La Espiga de Oro de Colombia&#8221;,   con la presencia de Jorge Enrique Robledo, Fabegan, Fenalce, Conagro, estudiantes y agricultores, donde se rechaz\u00f3 la entrega de la seguridad alimentaria y la soberan\u00eda con la aceptaci\u00f3n de seguir importando cebada y trigo gringo. <\/p>\n<p>Finalmente se convoca a los agricultores de Boyac\u00e1 a participar en la Concentraci\u00f3n Agraria que se llevar\u00e1 a cabo en la Plaza de Mercado Sur de la ciudad de Tunja el martes 12 de octubre a partir de las 8:300 a.m. dentro de la jornada continental contra la imposici\u00f3n del TLC, y por la defensa de la producci\u00f3n, el trabajo, la seguridad alimentaria y la soberan\u00eda nacional.<\/p>\n<p>Tunja, 4 de octubre de 2.004 <\/p>\n<p>Oliverio Castillo Burbano<br \/>\nCoordinador Salvaci\u00f3n Agropecuaria Boyac\u00e1<br \/>\nAsociaci\u00f3n Nacional por la Salvaci\u00f3n Agropecuaria  Seccional Boyac\u00e1<\/p>\n<p>Oficina: Carrera 10 No. 22-97 Interior 03 Edificio Canapro Tunja. Cel. 3156109363.<\/p>\n","protected":false},"excerpt":{"rendered":"<p>Con la asistencia de 120 delegados de 18 municipios, la presencia de Asogriboy, el presidente de Fabegan, los invitados de la CUT, el Sector Salud, y delegados de la alcald\u00eda de Tunja, se llev\u00f3 a cabo la Asamblea departamental de Salvaci\u00f3n Agropecuaria en Tunja el d\u00eda 1 de octubre entre las 10 a.m y las [&hellip;]<\/p>\n","protected":false},"author":1,"featured_media":0,"comment_status":"open","ping_status":"open","sticky":false,"template":"","format":"standard","meta":{"advanced_seo_description":"","jetpack_seo_html_title":"","jetpack_seo_noindex":false,"_jetpack_memberships_contains_paid_content":false,"footnotes":""},"categories":[7],"tags":[],"class_list":["post-1012","post","type-post","status-publish","format-standard","hentry","category-pronunciamientos-de-organizaciones-sociales"],"jetpack_featured_media_url":"","jetpack-related-posts":[{"id":580,"url":"https:\/\/moir.com.co\/web\/presidente-de-salvacion-agropecuaria-en-tunja-la-universidad-y-agricultores-boyacenses-condenan-conspiracion-de-omc-en-cancun\/","url_meta":{"origin":1012,"position":0},"title":"PRESIDENTE DE SALVACION AGROPECUARIA EN TUNJA, LA UNIVERSIDAD Y AGRICULTORES BOYACENSES CONDENAN CONSPIRACION DE OMC EN CANC\u00daN","author":"admin","date":"agosto 11, 2004","format":false,"excerpt":"Dentro de la jornada Nacional de protesta contra el ALCA, coincidente con la reuni\u00f3n de la Organizaci\u00f3n Mundial de Comercio -OMC- en Canc\u00fan, la Asociaci\u00f3n Nacional por la Salvaci\u00f3n Agropecuaria-Cap\u00edtulo de Boyac\u00e1 llev\u00f3 a cabo la evaluaci\u00f3n de la Marcha Nacional realizada el pasado 12 de Agosto y la programaci\u00f3n\u2026","rel":"","context":"En \u00abPronunciamientos de Organizaciones Sociales\u00bb","block_context":{"text":"Pronunciamientos de Organizaciones Sociales","link":"https:\/\/moir.com.co\/web\/category\/pronunciamientos-de-organizaciones-sociales\/"},"img":{"alt_text":"","src":"","width":0,"height":0},"classes":[]},{"id":541,"url":"https:\/\/moir.com.co\/web\/exitosa-asamblea-departamental-de-la-asociacion-nacional-por-la-salvacion-agropecuaria-capitulo-de-boyaca\/","url_meta":{"origin":1012,"position":1},"title":"EXITOSA ASAMBLEA DEPARTAMENTAL DE LA ASOCIACI\u00d3N NACIONAL POR LA SALVACI\u00d3N AGROPECUARIA, CAP\u00cdTULO DE BOYAC\u00c1","author":"admin","date":"agosto 10, 2004","format":false,"excerpt":"Salvaci\u00f3n Agropecuaria, julio 25 de 2003 Con la asistencia de m\u00e1s de 250 delegados de agricultores y ganaderos de m\u00e1s de 20 municipios se llev\u00f3 a cabo ayer viernes 25 de julio la Asamblea de Salvaci\u00f3n Agropecuaria en el teatro de la Fundaci\u00f3n Juan de Castellanos. Entre las 10:000 a.m\u2026","rel":"","context":"En \u00abPronunciamientos de Organizaciones Sociales\u00bb","block_context":{"text":"Pronunciamientos de Organizaciones Sociales","link":"https:\/\/moir.com.co\/web\/category\/pronunciamientos-de-organizaciones-sociales\/"},"img":{"alt_text":"","src":"","width":0,"height":0},"classes":[]},{"id":437,"url":"https:\/\/moir.com.co\/web\/resolucion-de-la-tercera-asamblea-departamental-de-salvaci__n-agropecuaria-en-antioquia-sobre-el-precio-del-cafe\/","url_meta":{"origin":1012,"position":2},"title":"RESOLUCI\u00d3N DE LA TERCERA ASAMBLEA DEPARTAMENTAL DE SALVACI__N AGROPECUARIA EN ANTIOQUIA SOBRE EL PRECIO DEL CAF\u00c9","author":"admin","date":"agosto 9, 2004","format":false,"excerpt":"Asociaci\u00f3n Nacional Por La Salvaci\u00f3n Agropecuario, agosto 9 de 2002 La III Asamblea Departamental de la Asociaci\u00f3n Nacional por la Salvaci\u00f3n Agropecuaria en Antioquia, reunida en el Auditorio de la Fundaci\u00f3n Universitaria Mar\u00eda en la Ciudad de Medell\u00edn el d\u00eda 9 de Agosto de 2002-08-20 CONSIDERANDO 1. Que gracias al\u2026","rel":"","context":"En \u00abPronunciamientos de Organizaciones Sociales\u00bb","block_context":{"text":"Pronunciamientos de Organizaciones Sociales","link":"https:\/\/moir.com.co\/web\/category\/pronunciamientos-de-organizaciones-sociales\/"},"img":{"alt_text":"","src":"","width":0,"height":0},"classes":[]},{"id":640,"url":"https:\/\/moir.com.co\/web\/salvacion-agropecuaria-dira-no-al-alca-y-al-tlc-el-15-de-abril\/","url_meta":{"origin":1012,"position":3},"title":"\u00a1SALVACI\u00d3N  AGROPECUARIA DIR\u00c1 NO AL ALCA Y AL TLC EL 15 DE ABRIL!","author":"admin","date":"agosto 11, 2004","format":false,"excerpt":"La Asociaci\u00f3n Nacional por la Salvaci\u00f3n Agropecuaria, seg\u00fan lo convenido con organizaciones agrarias, campesinas, ind\u00edgenas, sindicales y sociales de Colombia, Ecuador, Per\u00fa y Bolivia y de acuerdo al mandato de su VIII Junta Nacional, se movilizar\u00e1 el pr\u00f3ximo jueves 15 de abril en el marco de la Primera Jornada Andina\u2026","rel":"","context":"En \u00abPronunciamientos de Organizaciones Sociales\u00bb","block_context":{"text":"Pronunciamientos de Organizaciones Sociales","link":"https:\/\/moir.com.co\/web\/category\/pronunciamientos-de-organizaciones-sociales\/"},"img":{"alt_text":"","src":"","width":0,"height":0},"classes":[]},{"id":20094,"url":"https:\/\/moir.com.co\/web\/congreso-de-la-asociacion-nacional-por-la-salvacion-agropecuaria-en-caldas\/","url_meta":{"origin":1012,"position":4},"title":"CONGRESO DE LA ASOCIACI\u00d3N NACIONAL POR LA SALVACI\u00d3N AGROPECUARIA EN CALDAS","author":"admin","date":"septiembre 16, 2004","format":false,"excerpt":"Con 160 delegados de quince municipios del departamento y nueve organizaciones del sector agrario, la Asociaci\u00f3n Nacional por la Salvaci\u00f3n Agropecuaria, cap\u00edtulo Caldas, celebr\u00f3 el pasado 06 de septiembre en la ciudad de Manizales su Primer Congreso Departamental Agrario \u00abEl agro caldense frente al ALCA y al TLC\u00bb, para analizar\u2026","rel":"","context":"En \u00abTribuna Roja N\u00ba 97; septiembre 28 de 2004\u00bb","block_context":{"text":"Tribuna Roja N\u00ba 97; septiembre 28 de 2004","link":"https:\/\/moir.com.co\/web\/category\/tribuna-roja\/ediciones-2000-2004\/tribuna-roja-no-97-septiembre-28-de-2004\/"},"img":{"alt_text":"","src":"","width":0,"height":0},"classes":[]},{"id":19567,"url":"https:\/\/moir.com.co\/web\/foro-contra-el-el-tlc-en-tunja\/","url_meta":{"origin":1012,"position":5},"title":"FORO CONTRA EL EL TLC EN TUNJA","author":"admin","date":"julio 28, 2004","format":false,"excerpt":"Bajo el lema Prepar\u00e9monos para proteger lo nuestro se llev\u00f3 a cabo en Tunja el pasado 26 de marzo el Foro \u00abBoyac\u00e1 frente al libre comercio (ALCA y TLC)\u00bb, organizado por la Universidad Pedag\u00f3gica y Tecnol\u00f3gica de Tunja, la Secretar\u00eda Agropecuaria y Minera de Boyac\u00e1, la Oficina de Planeaci\u00f3n Municipal\u2026","rel":"","context":"En \u00abTribuna Roja N\u00ba 95; abril 27 de 2004\u00bb","block_context":{"text":"Tribuna Roja N\u00ba 95; abril 27 de 2004","link":"https:\/\/moir.com.co\/web\/category\/tribuna-roja\/ediciones-2000-2004\/tribuna-roja-no-95-abril-27-de-2004\/"},"img":{"alt_text":"","src":"","width":0,"height":0},"classes":[]}],"jetpack_sharing_enabled":true,"_links":{"self":[{"href":"https:\/\/moir.com.co\/web\/wp-json\/wp\/v2\/posts\/1012","targetHints":{"allow":["GET"]}}],"collection":[{"href":"https:\/\/moir.com.co\/web\/wp-json\/wp\/v2\/posts"}],"about":[{"href":"https:\/\/moir.com.co\/web\/wp-json\/wp\/v2\/types\/post"}],"author":[{"embeddable":true,"href":"https:\/\/moir.com.co\/web\/wp-json\/wp\/v2\/users\/1"}],"replies":[{"embeddable":true,"href":"https:\/\/moir.com.co\/web\/wp-json\/wp\/v2\/comments?post=1012"}],"version-history":[{"count":0,"href":"https:\/\/moir.com.co\/web\/wp-json\/wp\/v2\/posts\/1012\/revisions"}],"wp:attachment":[{"href":"https:\/\/moir.com.co\/web\/wp-json\/wp\/v2\/media?parent=1012"}],"wp:term":[{"taxonomy":"category","embeddable":true,"href":"https:\/\/moir.com.co\/web\/wp-json\/wp\/v2\/categories?post=1012"},{"taxonomy":"post_tag","embeddable":true,"href":"https:\/\/moir.com.co\/web\/wp-json\/wp\/v2\/tags?post=1012"}],"curies":[{"name":"wp","href":"https:\/\/api.w.org\/{rel}","templated":true}]}}