{"id":1011,"date":"2004-09-18T07:00:00","date_gmt":"2004-09-18T07:00:00","guid":{"rendered":"https:\/\/moir.org.co\/web\/por-la-defensa-de-la-nacion-y-los-usuarios-vamos-al-paro-nacional\/"},"modified":"2004-09-18T07:00:00","modified_gmt":"2004-09-18T07:00:00","slug":"por-la-defensa-de-la-nacion-y-los-usuarios-vamos-al-paro-nacional","status":"publish","type":"post","link":"https:\/\/moir.com.co\/web\/por-la-defensa-de-la-nacion-y-los-usuarios-vamos-al-paro-nacional\/","title":{"rendered":"\u00a1POR LA DEFENSA DE LA NACION Y LOS USUARIOS VAMOS AL PARO NACIONAL!"},"content":{"rendered":"<p>Millones de colombianos sufren, hoy m\u00e1s que nunca, la agresi\u00f3n de la pol\u00edtica neoliberal en la prestaci\u00f3n de los servicios p\u00fablicos domiciliarios. Esta pol\u00edtica, basada en las modificaciones constitucionales de 1991 y en las leyes 142 y 143 de 1994, promovi\u00f3 la privatizaci\u00f3n de las empresas de servicios p\u00fablicos, la elevaci\u00f3n de las tarifas, la reducci\u00f3n de los subsidios, la creaci\u00f3n de contribuciones para los estratos cinco y seis y para el sector industrial y comercial no monopolista y las pol\u00edticas de estratificaci\u00f3n. El ahorro y el patrimonio nacional se feriaron. A menos precio se entregaron importantes empresas al capital extranjero, y para garantizar la rentabilidad de los inversionistas, se elaboran y aplican las nuevas f\u00f3rmulas tarifarias. Al mismo tiempo que se deteriora la prestaci\u00f3n del servicio, se reducen las coberturas por los cortes por no pago y se esquilma a los usuarios, en especial a las capas medias y pobres del pa\u00eds. Diez a\u00f1os despu\u00e9s de expedida la ley, una familia promedio tiene que destinar entre el 25 y el 30 por ciento de un salario m\u00ednimo para atender el pago de los servicios. Millones no tienen con que pagar las facturas y se quedan sin el servicio o deben escoger entre comer o pagar. Los servicios terminaron convertidos en jugosos negocios para los monopolios y en una tragedia para un inmenso n\u00famero de colombianos. <\/p>\n<p>El desarrollo de esta pol\u00edtica tan contraria al inter\u00e9s nacional contin\u00faa en el gobierno de Uribe V\u00e9lez. El Plan Nacional de Desarrollo, Ley 812 de 2003, implementa el desmonte de los subsidios para los usuarios de estrato tres, la reducci\u00f3n de los consumos b\u00e1sicos de subsistencia en todos los servicios y la reestratificaci\u00f3n para eliminar usuarios que reciban subsidios; crea los fondos de capitalizaci\u00f3n social que obligan a aportar para &#8220;salvar las empresas&#8221;, y permite el infame sistema de cobro prepagado en los sectores m\u00e1s pobres. El plan tambi\u00e9n contempla la elevaci\u00f3n de las contribuciones para los estratos cinco y seis, y para la industria y el comercio, y la creaci\u00f3n de las mismas para el estrato cuatro. Actualizar las tarifas cada que vez que var\u00ede el costo de prestaci\u00f3n del servicio, aumentarlas, aun m\u00e1s, en los servicios de acueducto, alcantarillado y aseo para acortar el &#8220;rezago tarifario&#8221;, promover la privatizaci\u00f3n de empresas y su entrega en concesi\u00f3n y propender la mayor participaci\u00f3n del capital extranjero en el sector, son tambi\u00e9n objetivos aprobados en el Plan Nacional de Desarrollo. Todas estas pol\u00edticas significar\u00e1n mayores sufrimientos para los usuarios. <\/p>\n<p>El Plan de Desarrollo, de igual manera, aprob\u00f3 la inclusi\u00f3n de nuestro pa\u00eds en los Tratados de Libre Comercio con los Estados Unidos -TLC- y en el \u00c1rea de Libre Comercio de las Am\u00e9ricas -ALCA-. El objetivo es que la pol\u00edtica comercial no se limite a la &#8220;liberaci\u00f3n comercial o a la promoci\u00f3n de exportaciones&#8221; sino que debe &#8220;allanar el camino a la apertura y desregulaci\u00f3n de los mercados de capitales y de servicios&#8221;. Lo que  persiguen los grandes monopolios extranjeros y acepta el gobierno de Uribe, es el control de todo el sector de servicios en el pa\u00eds y esto incluye los servicios p\u00fablicos domiciliarios. Quieren acelerar la toma del sector, para ponerlo al servicio de los consorcios norteamericanos e incrementar sus jugosas utilidades. La representante de los Estados Unidos en las negociaciones del TLC, Regina Vargo, exige la apertura total de las telecomunicaciones, la libre operaci\u00f3n de sus multinacionales y la venta de la propiedad estatal en las empresas nacionales. La Empresa de Tel\u00e9fonos de Bogot\u00e1 -ETB-, las p\u00fablicas de Medell\u00edn -EPM-, Colombia Telecomunicaciones -TELECOM-, Colombia M\u00f3vil -OLA-, y dem\u00e1s empresas, est\u00e1n amenazadas y en la mira de los mandamases gringos. Y los negociadores colombianos en el TLC, con Uribe a la cabeza, dispuestos a entregar, entregar y entregar. Lo mismo persiguen en los dem\u00e1s servicios.   <\/p>\n<p>Pero donde hay opresi\u00f3n hay resistencia. Y entre los usuarios de los servicios p\u00fablicos est\u00e1 a la orden del d\u00eda. Por todo el pa\u00eds se vienen conformando ligas, comit\u00e9s y asociaciones para enfrentar la arremetida uribista. Los usuarios de Cali enfrentan el &#8220;fondo de capitalizaci\u00f3n social&#8221; que quiere imponerles Uribe, los de la costa norte se oponen a los cortes de energ\u00eda y al descreme de sus bolsillos por parte de Uni\u00f3n Fenosa, los de Bogot\u00e1 a las alzas en las tarifas de acueducto, los de Santander a la entrega en concesi\u00f3n de sus empresas municipales, los de Medell\u00edn y Antioquia a la anunciada privatizaci\u00f3n de EPM, los del Viejo Caldas a las altas tarifas en todos los servicios, los de Huila y Tolima a los incrementos exagerados en el gas domiciliario, los del Cauca por servicios de energ\u00eda para el sector agrario; y as\u00ed, por toda Colombia, crece la lucha contra la reestratificaci\u00f3n, las altas tarifas, la reducci\u00f3n de los consumos b\u00e1sicos de subsistencia, la privatizaci\u00f3n de empresas y el ALCA y el TLC. Los usuarios participaremos el pr\u00f3ximo 12 de octubre en el Paro Nacional convocado por la Gran Coalici\u00f3n Democr\u00e1tica. Agitaremos nuestras banderas y aportaremos a la necesaria unidad de todos los colombianos en contra de las pol\u00edticas neoliberales y de quienes las sustentan: el imperialismo norteamericano y la oligarqu\u00eda financiera. <\/p>\n<p>LIGAS, COMIT\u00c9S Y ASOCIACIONES DE USUARIOS DE SERVICIOS P\u00daBLICOS DE COLOMBIA. <\/p>\n<p>(*) El Usuario publica esta Edici\u00f3n Extraordinaria el llamamiento de las ligas, comit\u00e9s y asociaciones de usuarios de servicios p\u00fablicos de Colombia a participar en el Paro Nacional del pr\u00f3ximo 12 de octubre.<\/p>\n","protected":false},"excerpt":{"rendered":"<p>Millones de colombianos sufren, hoy m\u00e1s que nunca, la agresi\u00f3n de la pol\u00edtica neoliberal en la prestaci\u00f3n de los servicios p\u00fablicos domiciliarios. Esta pol\u00edtica, basada en las modificaciones constitucionales de 1991 y en las leyes 142 y 143 de 1994, promovi\u00f3 la privatizaci\u00f3n de las empresas de servicios p\u00fablicos, la elevaci\u00f3n de las tarifas, la [&hellip;]<\/p>\n","protected":false},"author":1,"featured_media":0,"comment_status":"open","ping_status":"open","sticky":false,"template":"","format":"standard","meta":{"advanced_seo_description":"","jetpack_seo_html_title":"","jetpack_seo_noindex":false,"_jetpack_memberships_contains_paid_content":false,"footnotes":""},"categories":[7],"tags":[],"class_list":["post-1011","post","type-post","status-publish","format-standard","hentry","category-pronunciamientos-de-organizaciones-sociales"],"jetpack_featured_media_url":"","jetpack-related-posts":[{"id":1738,"url":"https:\/\/moir.com.co\/web\/defendamos-el-patrimonio-nacional\/","url_meta":{"origin":1011,"position":0},"title":"DEFENDAMOS EL PATRIMONIO NACIONAL","author":"admin","date":"febrero 8, 2005","format":false,"excerpt":"La crisis de la deuda externa, el derrumbamiento (para fortuna de los pueblos del mundo) de la Uni\u00f3n Sovi\u00e9tica y la agudizaci\u00f3n de la competencia por el control de los mercados, las mercanc\u00edas, la mano de obra barata y la colocaci\u00f3n de capitales, es decir, la batalla por el manejo\u2026","rel":"","context":"En \u00abServicios p\u00fablicos\u00bb","block_context":{"text":"Servicios p\u00fablicos","link":"https:\/\/moir.com.co\/web\/category\/temas\/servicios-publicos-articulos-de-actualidad\/"},"img":{"alt_text":"","src":"","width":0,"height":0},"classes":[]},{"id":1148,"url":"https:\/\/moir.com.co\/web\/conclusiones-del-seminario-nacional-de-dirigentes-de-organizaciones-de-servicios-publicos\/","url_meta":{"origin":1011,"position":1},"title":"CONCLUSIONES DEL SEMINARIO NACIONAL DE DIRIGENTES DE ORGANIZACIONES DE SERVICIOS P\u00daBLICOS","author":"admin","date":"abril 13, 2005","format":false,"excerpt":"Bogot\u00e1, marzo 11 de 2005 El d\u00eda 11 de marzo de 2005, en la ciudad de Bogot\u00e1, se realiz\u00f3 el Seminario Nacional de Dirigentes de Organizaciones de Servicios P\u00fablicos, que cont\u00f3 con la participaci\u00f3n de 80 personas, representantes de diversos sectores sindicales, comunales y de usuarios de servicios. El presente\u2026","rel":"","context":"En \u00abPronunciamientos de Organizaciones Sociales\u00bb","block_context":{"text":"Pronunciamientos de Organizaciones Sociales","link":"https:\/\/moir.com.co\/web\/category\/pronunciamientos-de-organizaciones-sociales\/"},"img":{"alt_text":"","src":"","width":0,"height":0},"classes":[]},{"id":11,"url":"https:\/\/moir.com.co\/web\/contra-los-despidos-masivos-en-empresas-publicas-de-quibdo\/","url_meta":{"origin":1011,"position":2},"title":"CONTRA LOS DESPIDOS MASIVOS EN EMPRESAS P\u00daBLICAS DE QUIBD\u00d3","author":"admin","date":"julio 30, 2004","format":false,"excerpt":"Doctor Luis Kennedy Quinto Gerente de Empresas P\u00fablicas de Quibdo Quibd\u00f3 Respetado se\u00f1or gerente: La presente para expresarle que rechazo en\u00e9rgicamente la pol\u00edtica de despidos masivos de trabajadores de las Empresas P\u00fablicas de Quibdo, EPQ, emprendida por ustedes y la Administraci\u00f3n municipal. Dicha pol\u00edtica atenta contra la convenci\u00f3n colectiva de\u2026","rel":"","context":"En \u00abSindical\u00bb","block_context":{"text":"Sindical","link":"https:\/\/moir.com.co\/web\/category\/temas\/sindical\/"},"img":{"alt_text":"","src":"","width":0,"height":0},"classes":[]},{"id":1095,"url":"https:\/\/moir.com.co\/web\/declaracion-del-comite-pro-coordinadora-nacional-de-usuarios-de-servicios-publicos\/","url_meta":{"origin":1011,"position":3},"title":"DECLARACI\u00d3N DEL COMIT\u00c9 PRO-COORDINADORA NACIONAL DE USUARIOS DE SERVICIOS P\u00daBLICOS","author":"admin","date":"enero 11, 2005","format":false,"excerpt":"Comit\u00e9 Pro-Coordinadora Nacional de Usuarios de Servicios P\u00fablicos, Manizales, enero 15 de 2005 El Comit\u00e9 Pro-Coordinadora Nacional de Usuarios de Servicios P\u00fablicos, reunido en el Hotel Escorial de la ciudad de Manizales, el 15 de enero de 2005, una vez evaluadas las tareas acordadas en la reuni\u00f3n realizada en Cali\u2026","rel":"","context":"En \u00abPronunciamientos de Organizaciones Sociales\u00bb","block_context":{"text":"Pronunciamientos de Organizaciones Sociales","link":"https:\/\/moir.com.co\/web\/category\/pronunciamientos-de-organizaciones-sociales\/"},"img":{"alt_text":"","src":"","width":0,"height":0},"classes":[]},{"id":1688,"url":"https:\/\/moir.com.co\/web\/propuesta-para-una-organizacion-nacional-de-usuarios-programa-y-metodos-de-lucha-de-las-ligas-de-usuarios-de-servicios-publicos\/","url_meta":{"origin":1011,"position":4},"title":"PROPUESTA PARA UNA ORGANIZACI\u00d3N NACIONAL DE USUARIOS: PROGRAMA Y M\u00c9TODOS DE LUCHA DE LAS LIGAS DE USUARIOS DE SERVICIOS P\u00daBLICOS","author":"admin","date":"agosto 22, 2004","format":false,"excerpt":"Programa de Lucha 1. Por la defensa de la propiedad y el car\u00e1cter estatal de las empresas de servicios p\u00fablicos y contra la privatizaci\u00f3n parcial o total de las mismas. Porque cese de manera inmediata el proceso de desmembraci\u00f3n de las empresas de servicios p\u00fablicos y por la reversi\u00f3n de\u2026","rel":"","context":"Entrada similar","block_context":{"text":"Entrada similar","link":""},"img":{"alt_text":"","src":"","width":0,"height":0},"classes":[]},{"id":1070,"url":"https:\/\/moir.com.co\/web\/nuestra-experiencia-y-nuestra-propuesta\/","url_meta":{"origin":1011,"position":5},"title":"NUESTRA EXPERIENCIA Y NUESTRA PROPUESTA","author":"admin","date":"noviembre 22, 2004","format":false,"excerpt":"Oscar Guti\u00e9rrez, Ligas de Usuarios de Servicios P\u00fablicos, Cali, noviembre 25 de 2004 Las Ligas de Usuarios de los servicios p\u00fablicos domiciliarios y los Comit\u00e9s y Asociaciones que acogen las orientaciones expresadas en el Peri\u00f3dico El Usuario, presentamos nuestra experiencia y propuesta ante este foro de organizaciones de usuarios, con\u2026","rel":"","context":"En \u00abPronunciamientos de Organizaciones Sociales\u00bb","block_context":{"text":"Pronunciamientos de Organizaciones Sociales","link":"https:\/\/moir.com.co\/web\/category\/pronunciamientos-de-organizaciones-sociales\/"},"img":{"alt_text":"","src":"","width":0,"height":0},"classes":[]}],"jetpack_sharing_enabled":true,"_links":{"self":[{"href":"https:\/\/moir.com.co\/web\/wp-json\/wp\/v2\/posts\/1011","targetHints":{"allow":["GET"]}}],"collection":[{"href":"https:\/\/moir.com.co\/web\/wp-json\/wp\/v2\/posts"}],"about":[{"href":"https:\/\/moir.com.co\/web\/wp-json\/wp\/v2\/types\/post"}],"author":[{"embeddable":true,"href":"https:\/\/moir.com.co\/web\/wp-json\/wp\/v2\/users\/1"}],"replies":[{"embeddable":true,"href":"https:\/\/moir.com.co\/web\/wp-json\/wp\/v2\/comments?post=1011"}],"version-history":[{"count":0,"href":"https:\/\/moir.com.co\/web\/wp-json\/wp\/v2\/posts\/1011\/revisions"}],"wp:attachment":[{"href":"https:\/\/moir.com.co\/web\/wp-json\/wp\/v2\/media?parent=1011"}],"wp:term":[{"taxonomy":"category","embeddable":true,"href":"https:\/\/moir.com.co\/web\/wp-json\/wp\/v2\/categories?post=1011"},{"taxonomy":"post_tag","embeddable":true,"href":"https:\/\/moir.com.co\/web\/wp-json\/wp\/v2\/tags?post=1011"}],"curies":[{"name":"wp","href":"https:\/\/api.w.org\/{rel}","templated":true}]}}