{"id":1010,"date":"2004-09-16T07:00:00","date_gmt":"2004-09-16T07:00:00","guid":{"rendered":"https:\/\/moir.org.co\/web\/gran-coalicion-democratica-del-magdalena-respalda-el-paro-de-los-camioneros\/"},"modified":"2004-09-16T07:00:00","modified_gmt":"2004-09-16T07:00:00","slug":"gran-coalicion-democratica-del-magdalena-respalda-el-paro-de-los-camioneros","status":"publish","type":"post","link":"https:\/\/moir.com.co\/web\/gran-coalicion-democratica-del-magdalena-respalda-el-paro-de-los-camioneros\/","title":{"rendered":"GRAN COALICI\u00d3N DEMOCR\u00c1TICA DEL MAGDALENA RESPALDA EL PARO DE LOS CAMIONEROS"},"content":{"rendered":"<p>Desde el pasado martes 14 de septiembre miles de camioneros de todo el pa\u00eds se lanzaron a un paro nacional indefinido, guardaron sus veh\u00edculos y dieron a conocer su determinaci\u00f3n, las razones de la misma y los objetivos del movimiento.<\/p>\n<p>Es claro que las pol\u00edticas neoliberales aplicadas por los \u00faltimos gobiernos han venido lesionando los intereses no solo de los trabajadores, campesinos y productores nacionales sino que tambi\u00e9n han golpeado sectores como el de los transportadores de carga por carretera. En concreto las alzas permanentes de los combustibles y de los peajes sembrados por todas las carreteras de Colombia, la fijaci\u00f3n de fletes que no les permiten alcanzar los costos de producci\u00f3n, la introducci\u00f3n al pa\u00eds de tractomulas por encima de las necesidades de la econom\u00eda nacional, entre otros.<\/p>\n<p>Pero otro asunto preocupa a los camioneros, el relacionado con el Tratado de Libre Comercio con Estados Unidos. Es claro para buena parte del pa\u00eds que con el TLC se acabar\u00edan de arruinar la industria y el agro colombiano, lo mismo que la educaci\u00f3n, la salud y los servicios p\u00fablicos que ser\u00edan privatizados por completo. Adem\u00e1s, hay multinacionales del transporte de carga que est\u00e1n alerta para entrar a nuestro territorio buena cantidad de veh\u00edculos pesados, que les saldr\u00edan a precios bajos lo que les permitir\u00eda cobrar fletes por debajo de lo normal con lo cual arruinar\u00edan a miles de transportadores colombianos.<\/p>\n<p>Por todas estas razones irrefutables la Gran Coalici\u00f3n Democr\u00e1tica del Magdalena le brinda respaldo al paro que adelantan los empresarios del volante agrupados en la Asociaci\u00f3n Colombiana de Camioneros y llamamos a las fuerzas vivas de la sociedad samaria y magdalenense a rodear a estos compatriotas en su justa lucha.<\/p>\n<p>GRAN COALICI\u00d3N DEMOCR\u00c1TICA DEL MAGDALENA<\/p>\n<p>\u00c1NGEL MANJARR\u00c9S CORREA<br \/>\nPresidente CUT Magdalena y Gran Coalici\u00f3n Democr\u00e1tica del Magdalena  <\/p>\n<p>LAUREANO C\u00c1EZ TURIZO<br \/>\nSecretario Gran Coalici\u00f3n Democr\u00e1tica del Magdalena<\/p>\n<p>Santa Marta, septiembre 20 de 2004<\/p>\n","protected":false},"excerpt":{"rendered":"<p>Desde el pasado martes 14 de septiembre miles de camioneros de todo el pa\u00eds se lanzaron a un paro nacional indefinido, guardaron sus veh\u00edculos y dieron a conocer su determinaci\u00f3n, las razones de la misma y los objetivos del movimiento. Es claro que las pol\u00edticas neoliberales aplicadas por los \u00faltimos gobiernos han venido lesionando los [&hellip;]<\/p>\n","protected":false},"author":1,"featured_media":0,"comment_status":"open","ping_status":"open","sticky":false,"template":"","format":"standard","meta":{"advanced_seo_description":"","jetpack_seo_html_title":"","jetpack_seo_noindex":false,"_jetpack_memberships_contains_paid_content":false,"footnotes":""},"categories":[7],"tags":[],"class_list":["post-1010","post","type-post","status-publish","format-standard","hentry","category-pronunciamientos-de-organizaciones-sociales"],"jetpack_featured_media_url":"","jetpack-related-posts":[{"id":10258,"url":"https:\/\/moir.com.co\/web\/el-paro-camionero-es-justo-y-es-nuestro-deber-respaldarlo\/","url_meta":{"origin":1010,"position":0},"title":"El paro camionero es justo y es nuestro deber respaldarlo","author":"admin","date":"julio 13, 2016","format":false,"excerpt":"Hace 38 d\u00edas los camioneros de Colombia, quienes mueven la carga por todo el pa\u00eds, vienen realizando un gran paro nacional ante la actitud del gobierno de Santos, para quien estos endeudados propietarios son un estorbo en la ejecuci\u00f3n de los TLC, fundamentalmente con los EEUU. No es un secreto\u2026","rel":"","context":"En \u00abTribuna Magisterial\u00bb","block_context":{"text":"Tribuna Magisterial","link":"https:\/\/moir.com.co\/web\/category\/tribuna-magisterial\/"},"img":{"alt_text":"","src":"","width":0,"height":0},"classes":[]},{"id":19719,"url":"https:\/\/moir.com.co\/web\/paro-nacional-de-camioneros\/","url_meta":{"origin":1010,"position":1},"title":"PARO NACIONAL DE CAMIONEROS","author":"admin","date":"agosto 9, 2004","format":false,"excerpt":"El pliego de exigencias planteado al gobierno nacional desde hace quince meses por la Asociaci\u00f3n Colombiana de Camioneros, ACC, con m\u00e1s de cien mil afiliados en todo el pa\u00eds, desemboc\u00f3 en un paro nacional que se inici\u00f3 a la medianoche del domingo 30 de noviembre y que, hasta el momento,\u2026","rel":"","context":"En \u00abTribuna Roja N\u00ba 94, diciembre 3 de 2003\u00bb","block_context":{"text":"Tribuna Roja N\u00ba 94, diciembre 3 de 2003","link":"https:\/\/moir.com.co\/web\/category\/tribuna-roja\/ediciones-2000-2004\/tribuna-roja-no-94-diciembre-3-de-2003\/"},"img":{"alt_text":"","src":"","width":0,"height":0},"classes":[]},{"id":2455,"url":"https:\/\/moir.com.co\/web\/carta-al-ministro-sobre-el-paro-del-transporte-de-carga\/","url_meta":{"origin":1010,"position":2},"title":"CARTA AL MINISTRO SOBRE EL PARO DEL TRANSPORTE DE CARGA","author":"admin","date":"agosto 1, 2008","format":false,"excerpt":"Bogot\u00e1, 1\u00ba de agosto de 2008 Doctor ANDR\u00c9S URIEL GALLEGO Ministro de Transporte Ciudad Atento saludo. Cumple ya dos d\u00edas el paro en el transporte de carga por carretera, ante la decisi\u00f3n tomada por los miles de afiliados a la Asociaci\u00f3n Colombiana de Camioneros, ACC, de no prestar el servicio\u2026","rel":"","context":"En \u00abJorge Enrique Robledo\u00bb","block_context":{"text":"Jorge Enrique Robledo","link":"https:\/\/moir.com.co\/web\/category\/jorge-enrique-robledo\/"},"img":{"alt_text":"","src":"","width":0,"height":0},"classes":[]},{"id":10254,"url":"https:\/\/moir.com.co\/web\/declaracion-de-dignidad-agropecuaria-colombiana-justos-reclamos-de-camioneros-deben-ser-resueltos-por-el-gobierno-nacional-ya-no-mas-dilaciones\/","url_meta":{"origin":1010,"position":3},"title":"Declaraci\u00f3n de Dignidad Agropecuaria Colombiana: Justos reclamos de camioneros deben ser resueltos por el gobierno nacional \u00a1ya! no m\u00e1s dilaciones","author":"admin","date":"julio 12, 2016","format":false,"excerpt":"Los transportadores de carga por carretera, principalmente medianos y peque\u00f1os, que contribuyen decisivamente al desarrollo de la econom\u00eda nacional realizan, hace 36 d\u00edas, una inmovilizaci\u00f3n de sus camiones, para protestar por las pol\u00edticas nacionales que los arruinan. Los \u00faltimos gobiernos han autorizado a grandes empresas transportadoras a introducir un n\u00famero\u2026","rel":"","context":"En \u00abPronunciamientos de Organizaciones Sociales\u00bb","block_context":{"text":"Pronunciamientos de Organizaciones Sociales","link":"https:\/\/moir.com.co\/web\/category\/pronunciamientos-de-organizaciones-sociales\/"},"img":{"alt_text":"","src":"","width":0,"height":0},"classes":[]},{"id":11706,"url":"https:\/\/moir.com.co\/web\/robledo-rechaza-criminalizacion-de-la-protesta-camionera\/","url_meta":{"origin":1010,"position":4},"title":"Robledo rechaza criminalizaci\u00f3n de la protesta camionera","author":"admin","date":"febrero 15, 2017","format":false,"excerpt":"Oficina de prensa del senador Jorge Enrique Robledo, Bogot\u00e1, febrero 15 de 2017 L\u00edderes del paro camionero fueron detenidos por la Fiscal\u00eda\u00a0 El senador Jorge Enrique Robledo rechaz\u00f3 la detenci\u00f3n de varios l\u00edderes del Paro Camionero por orden de la Fiscal\u00eda, en lo que calific\u00f3 como un acto m\u00e1s de\u2026","rel":"","context":"En \u00abEconom\u00eda\u00bb","block_context":{"text":"Econom\u00eda","link":"https:\/\/moir.com.co\/web\/category\/temas\/economia\/"},"img":{"alt_text":"","src":"","width":0,"height":0},"classes":[]},{"id":10265,"url":"https:\/\/moir.com.co\/web\/los-reclamos-de-los-camioneros-son-justos-y-el-gobierno-santos-los-debe-atender\/","url_meta":{"origin":1010,"position":5},"title":"Los reclamos de los camioneros son justos y el Gobierno Santos los debe atender","author":"admin","date":"julio 19, 2016","format":false,"excerpt":"Despu\u00e9s de 41 d\u00edas de paro, los camioneros de Colombia siguen sin respuesta por parte del Gobierno Nacional. Nuestra organizaci\u00f3n, que defiende las luchas de los colombianos por mejorar su calidad de vida, respalda a los camioneros y sus justas peticiones. Las movilizaciones de los trabajadores, propietarios y empresarios est\u00e1n\u2026","rel":"","context":"En \u00abPronunciamientos de Organizaciones Sociales\u00bb","block_context":{"text":"Pronunciamientos de Organizaciones Sociales","link":"https:\/\/moir.com.co\/web\/category\/pronunciamientos-de-organizaciones-sociales\/"},"img":{"alt_text":"","src":"","width":0,"height":0},"classes":[]}],"jetpack_sharing_enabled":true,"_links":{"self":[{"href":"https:\/\/moir.com.co\/web\/wp-json\/wp\/v2\/posts\/1010","targetHints":{"allow":["GET"]}}],"collection":[{"href":"https:\/\/moir.com.co\/web\/wp-json\/wp\/v2\/posts"}],"about":[{"href":"https:\/\/moir.com.co\/web\/wp-json\/wp\/v2\/types\/post"}],"author":[{"embeddable":true,"href":"https:\/\/moir.com.co\/web\/wp-json\/wp\/v2\/users\/1"}],"replies":[{"embeddable":true,"href":"https:\/\/moir.com.co\/web\/wp-json\/wp\/v2\/comments?post=1010"}],"version-history":[{"count":0,"href":"https:\/\/moir.com.co\/web\/wp-json\/wp\/v2\/posts\/1010\/revisions"}],"wp:attachment":[{"href":"https:\/\/moir.com.co\/web\/wp-json\/wp\/v2\/media?parent=1010"}],"wp:term":[{"taxonomy":"category","embeddable":true,"href":"https:\/\/moir.com.co\/web\/wp-json\/wp\/v2\/categories?post=1010"},{"taxonomy":"post_tag","embeddable":true,"href":"https:\/\/moir.com.co\/web\/wp-json\/wp\/v2\/tags?post=1010"}],"curies":[{"name":"wp","href":"https:\/\/api.w.org\/{rel}","templated":true}]}}