{"id":1000,"date":"2004-09-08T07:00:00","date_gmt":"2004-09-08T07:00:00","guid":{"rendered":"https:\/\/moir.org.co\/web\/nueva-jornada-de-solidaridad-civil-contra-el-remate-de-una-finca-cafetera-el-proximo-jueves-23-de-septiembre-en-betania-antioq\/"},"modified":"2004-09-08T07:00:00","modified_gmt":"2004-09-08T07:00:00","slug":"nueva-jornada-de-solidaridad-civil-contra-el-remate-de-una-finca-cafetera-el-proximo-jueves-23-de-septiembre-en-betania-antioq","status":"publish","type":"post","link":"https:\/\/moir.com.co\/web\/nueva-jornada-de-solidaridad-civil-contra-el-remate-de-una-finca-cafetera-el-proximo-jueves-23-de-septiembre-en-betania-antioq\/","title":{"rendered":"NUEVA JORNADA DE SOLIDARIDAD CIVIL CONTRA EL REMATE DE UNA FINCA CAFETERA, EL PROXIMO JUEVES 23 DE SEPTIEMBRE EN BETANIA (ANTIOQ"},"content":{"rendered":"<p>Para las 9 de la ma\u00f1ana de este Jueves 23 de Septiembre  fij\u00f3 el Juzgado Promiscuo Municipal de Betania (Ant), la diligencia de remate de la Finca &#8220;La Veranera&#8221;, ubicada en la Vereda Bellavista y de propiedad de la Se\u00f1ora Sor Mar\u00eda Su\u00e1rez. Esta se decret\u00f3 por solicitud de BANCAF\u00c9, y se convierte en el segundo intento de esta instituci\u00f3n financiera estatal de despojar de su tierra a esta caficultora. <\/p>\n<p>El pecado de la se\u00f1ora Sor Mar\u00eda Su\u00e1rez es el de ser productora de caf\u00e9 y que sus granos sean pagados muy por debajo de los costos de producci\u00f3n, adem\u00e1s de no tener tierra apta para otro cultivo, ni  capital para emprender otra actividad, y de no haber sido inclu\u00edda en la PRAN, Plan de Reactivaci\u00f3n Agropecuaria Nacional, que prolonga la agon\u00eda de los caficultores por diez a\u00f1os. <\/p>\n<p>Queda una vez m\u00e1s en evidencia la honda contradicci\u00f3n entre el decir y el hacer en este gobierno. Por un lado el Presidente no deja de parlar sobre su intenci\u00f3n de hacer de Colombia un pa\u00eds de propietarios, y por el otro, el BANCAF\u00c9, de propiedad estatal, sigue empe\u00f1ado en todo lo contrario.<\/p>\n<p>Pero en lo que podr\u00edamos denominar un caso para &#8220;ripley&#8221;, cuatro caficultores betane\u00f1os, que ya firmaron los respectivos pagar\u00e9s de refinanciaci\u00f3n a diez a\u00f1os con FINAGRO, como beneficiarios del PRAN, y ya pagaron el importe del seguro de vida exigido para el efecto, han sido notificados que por solicitud de la estatal CISA, se les va a fijar fecha para el remate de sus predios. Son ellos los productores H\u00e9ctor Antonio Jim\u00e9nez Machado, Mar\u00eda Celina P\u00e9rez Taborda, Emilsen de Jes\u00fas Ruiz Casta\u00f1eda y Teresita Uribe de Ospina. <\/p>\n<p>Por estas razones, UNIDAD CAFETERA NACIONAL adelantar\u00e1 este Jueves frente al despacho judicial donde se pretende realizar el remate, una jornada de desobediencia civil contra el mismo, y de protesta por el atropello contra los otros cuatro cafeteros. Jornada en la que se insistir\u00e1 en la necesaria condonaci\u00f3n de todas las deudas cafeteras y agropecuarias, y se advertir\u00e1 sobre las graves consecuencias que sobre la casi agonizante caficultura colombiana tendr\u00e1 la anunciada suscripci\u00f3n de un Tratado de Libre Comercio con Estados Unidos, entre cuyos acuerdos se encuentra la libertad de importar caf\u00e9 procesado de esa naci\u00f3n, que pese a no producir un solo grano de la rubi\u00e1cea, es su tercer exportador, en forma de procesado, en Am\u00e9rica.<\/p>\n<p>JORGE A. G\u00d3MEZ GALLEGO<br \/>\nCoordinador Departamental.<\/p>\n","protected":false},"excerpt":{"rendered":"<p>Para las 9 de la ma\u00f1ana de este Jueves 23 de Septiembre fij\u00f3 el Juzgado Promiscuo Municipal de Betania (Ant), la diligencia de remate de la Finca &#8220;La Veranera&#8221;, ubicada en la Vereda Bellavista y de propiedad de la Se\u00f1ora Sor Mar\u00eda Su\u00e1rez. Esta se decret\u00f3 por solicitud de BANCAF\u00c9, y se convierte en el [&hellip;]<\/p>\n","protected":false},"author":1,"featured_media":0,"comment_status":"open","ping_status":"open","sticky":false,"template":"","format":"standard","meta":{"advanced_seo_description":"","jetpack_seo_html_title":"","jetpack_seo_noindex":false,"_jetpack_memberships_contains_paid_content":false,"footnotes":""},"categories":[7],"tags":[],"class_list":["post-1000","post","type-post","status-publish","format-standard","hentry","category-pronunciamientos-de-organizaciones-sociales"],"jetpack_featured_media_url":"","jetpack-related-posts":[{"id":490,"url":"https:\/\/moir.com.co\/web\/jornada-de-resistencia-civil-contra-el-remate-de-fincas-cafeteras-que-se-llevara-a-cabo-el-proximo-miercoles-26-de-marzo-en-e\/","url_meta":{"origin":1000,"position":0},"title":"JORNADA DE RESISTENCIA CIVIL CONTRA EL REMATE DE FINCAS CAFETERAS QUE SE LLEVAR\u00c1 A CABO EL PR\u00d3XIMO MI\u00c9RCOLES 26 DE MARZO EN E","author":"admin","date":"agosto 9, 2004","format":false,"excerpt":"Unidad Cafetera Nacional, Medell\u00edn, marzo 20 de 2003 Para el pr\u00f3ximo Mi\u00e9rcoles 26 de Abril fue fijada la fecha del remate de la finca cafetera de propiedad del Se\u00f1or Albeiro Aguirre ubicada en el municipio de Betania por el Juzgado Civil del Circuito de Andes, y por solicitud de los\u2026","rel":"","context":"En \u00abPronunciamientos de Organizaciones Sociales\u00bb","block_context":{"text":"Pronunciamientos de Organizaciones Sociales","link":"https:\/\/moir.com.co\/web\/category\/pronunciamientos-de-organizaciones-sociales\/"},"img":{"alt_text":"","src":"","width":0,"height":0},"classes":[]},{"id":491,"url":"https:\/\/moir.com.co\/web\/se-ratifica-jornada-de-protesta-por-el-remate-de-la-finca-la-berenice-personalidades-y-dirigentes-se-solidarizan-con-el\/","url_meta":{"origin":1000,"position":1},"title":"SE RATIFICA JORNADA DE PROTESTA POR EL REMATE DE LA FINCA  &#8220;LA BERENICE&#8221;. PERSONALIDADES Y DIRIGENTES SE SOLIDARIZAN CON EL","author":"admin","date":"agosto 9, 2004","format":false,"excerpt":"Unidad Cafetera Nacional, marzo 23 de 2003 A medida que se difunde la noticia, crece la indignaci\u00f3n entre los cafeteros del suroeste por el remate anunciado para el pr\u00f3ximo mi\u00e9rcoles 26 de Marzo. Se han pronunciado por la suspensi\u00f3n de \u00e9ste y de todos los remates, un nutrido n\u00famero de\u2026","rel":"","context":"En \u00abPronunciamientos de Organizaciones Sociales\u00bb","block_context":{"text":"Pronunciamientos de Organizaciones Sociales","link":"https:\/\/moir.com.co\/web\/category\/pronunciamientos-de-organizaciones-sociales\/"},"img":{"alt_text":"","src":"","width":0,"height":0},"classes":[]},{"id":592,"url":"https:\/\/moir.com.co\/web\/nueva-jornada-de-desobediencia-civil-para-impedir-remate-de-finca-cafetera-esta-vez-en-el-municipio-de-jerico\/","url_meta":{"origin":1000,"position":2},"title":"NUEVA JORNADA DE DESOBEDIENCIA CIVIL PARA IMPEDIR REMATE DE FINCA CAFETERA, ESTA VEZ EN EL MUNICIPIO DE JERIC\u00d3","author":"admin","date":"agosto 11, 2004","format":false,"excerpt":"Unidad Cafetera Nacional, Medell\u00edn, octubre 13 de 2003. El BANCO AGRARIO ha solicitado al Juzgado Promiscuo del Circuito de Jeric\u00f3, el remate de la finca cafetera \u201cSan Jos\u00e9\u201d,de propiedad del Se\u00f1or GABRIEL JAIME G\u00d3MEZ PUERTA ubicada en el municipio de Tarso. La diligencia ha sido programada por el despacho judicial\u2026","rel":"","context":"En \u00abPronunciamientos de Organizaciones Sociales\u00bb","block_context":{"text":"Pronunciamientos de Organizaciones Sociales","link":"https:\/\/moir.com.co\/web\/category\/pronunciamientos-de-organizaciones-sociales\/"},"img":{"alt_text":"","src":"","width":0,"height":0},"classes":[]},{"id":494,"url":"https:\/\/moir.com.co\/web\/exigir-la-condonacion-de-las-deudas\/","url_meta":{"origin":1000,"position":3},"title":"EXIGIR LA CONDONACI\u00d3N DE LAS DEUDAS","author":"admin","date":"agosto 9, 2004","format":false,"excerpt":"Unidad Cafetera Nacional, Pereira, marzo 25 de 2003 En el d\u00eda de ma\u00f1ana, mi\u00e9rcoles 26 de 2003, los caficultores del suroeste antioque\u00f1o, en el municipio de Andes, se movilizar\u00e1n para impedir el remate de la finca \u201cLa Berenice\u201d de la vereda \u201cGuadalejo\u201d de propiedad del se\u00f1or Alveiro Aguirre ubicada en\u2026","rel":"","context":"En \u00abPronunciamientos de Organizaciones Sociales\u00bb","block_context":{"text":"Pronunciamientos de Organizaciones Sociales","link":"https:\/\/moir.com.co\/web\/category\/pronunciamientos-de-organizaciones-sociales\/"},"img":{"alt_text":"","src":"","width":0,"height":0},"classes":[]},{"id":5923,"url":"https:\/\/moir.com.co\/web\/programa-radial-de-tribuna-magisterial-septiembre-11-de-2011\/","url_meta":{"origin":1000,"position":4},"title":"Programa Radial de Tribuna Magisterial, septiembre 11 de 2011","author":"admin","date":"septiembre 13, 2011","format":false,"excerpt":"El programa se inici\u00f3 con el editorial, espacio en el que el Director ley\u00f3 el art\u00edculo de Mar\u00eda Antonieta Cano, titulado \"Maestros de Bogot\u00e1: \u00bfpor qui\u00e9n votar a la Alcald\u00eda?\". En el espacio para la ciencia el profesor Guillermo Geuvara habl\u00f3 sobre \"la bisabuela de los mam\u00edferos\". Se entrevist\u00f3 a\u2026","rel":"","context":"En \u00abTribuna Magisterial\u00bb","block_context":{"text":"Tribuna Magisterial","link":"https:\/\/moir.com.co\/web\/category\/tribuna-magisterial\/"},"img":{"alt_text":"","src":"","width":0,"height":0},"classes":[]},{"id":497,"url":"https:\/\/moir.com.co\/web\/la-resistencia-civil-de-los-productores-impide-que-se-remate-finca-cafetera\/","url_meta":{"origin":1000,"position":5},"title":"LA RESISTENCIA CIVIL DE LOS PRODUCTORES IMPIDE QUE SE REMATE FINCA CAFETERA","author":"admin","date":"agosto 9, 2004","format":false,"excerpt":"Unidad Cafetera de Antioquia, Medell\u00edn, marzo 27 de 2003 Con una breve anotaci\u00f3n en el expediente, los funcionarios del Juzgado Civil del Circuito de Andes, a cargo del remate de la finca cafetera \u201cLa Berenice\u201d, indicaron que por no haberse presentado postor, \u00e9ste no se llevaba a cabo. Al mismo\u2026","rel":"","context":"En \u00abPronunciamientos de Organizaciones Sociales\u00bb","block_context":{"text":"Pronunciamientos de Organizaciones Sociales","link":"https:\/\/moir.com.co\/web\/category\/pronunciamientos-de-organizaciones-sociales\/"},"img":{"alt_text":"","src":"","width":0,"height":0},"classes":[]}],"jetpack_sharing_enabled":true,"_links":{"self":[{"href":"https:\/\/moir.com.co\/web\/wp-json\/wp\/v2\/posts\/1000","targetHints":{"allow":["GET"]}}],"collection":[{"href":"https:\/\/moir.com.co\/web\/wp-json\/wp\/v2\/posts"}],"about":[{"href":"https:\/\/moir.com.co\/web\/wp-json\/wp\/v2\/types\/post"}],"author":[{"embeddable":true,"href":"https:\/\/moir.com.co\/web\/wp-json\/wp\/v2\/users\/1"}],"replies":[{"embeddable":true,"href":"https:\/\/moir.com.co\/web\/wp-json\/wp\/v2\/comments?post=1000"}],"version-history":[{"count":0,"href":"https:\/\/moir.com.co\/web\/wp-json\/wp\/v2\/posts\/1000\/revisions"}],"wp:attachment":[{"href":"https:\/\/moir.com.co\/web\/wp-json\/wp\/v2\/media?parent=1000"}],"wp:term":[{"taxonomy":"category","embeddable":true,"href":"https:\/\/moir.com.co\/web\/wp-json\/wp\/v2\/categories?post=1000"},{"taxonomy":"post_tag","embeddable":true,"href":"https:\/\/moir.com.co\/web\/wp-json\/wp\/v2\/tags?post=1000"}],"curies":[{"name":"wp","href":"https:\/\/api.w.org\/{rel}","templated":true}]}}